{"id":9766,"date":"2021-01-14T12:17:42","date_gmt":"2021-01-14T11:17:42","guid":{"rendered":"https:\/\/cefi.es\/?p=9766"},"modified":"2024-09-06T11:47:49","modified_gmt":"2024-09-06T10:47:49","slug":"ultimos-dias-para-la-inscripcion-jornada-online-profundizando-en-el-conocimiento-de-las-vacunas-en-epoca-de-pandemia","status":"publish","type":"post","link":"https:\/\/cefi.es\/ultimos-dias-para-la-inscripcion-jornada-online-profundizando-en-el-conocimiento-de-las-vacunas-en-epoca-de-pandemia\/","title":{"rendered":"\u00daltimos d\u00edas para la inscripci\u00f3n: Jornada online Profundizando en el conocimiento de las vacunas en \u00e9poca de pandemia"},"content":{"rendered":"<p>El d\u00eda 19 de enero de 2021 CEFI celebrar\u00e1 la jornada online <em>Profundizando en el conocimiento de las vacunas en \u00e9poca de pandemia. La inscripci\u00f3n es gratuita.<\/em><\/p>\n<p><a href=\"https:\/\/cefi.es\/profundizando-en-el-conocimiento-de-las-vacunas-en-epoca-de-pandemia\/\">Programa e inscripci\u00f3n<\/a><\/p>\n<p>&nbsp;<\/p>\n","protected":false},"excerpt":{"rendered":"<p>El d\u00eda 19 de enero de 2021 CEFI celebrar\u00e1 la jornada online Profundizando en el conocimiento de las vacunas en \u00e9poca de pandemia. La inscripci\u00f3n es gratuita. Programa e inscripci\u00f3n &nbsp;<\/p>\n","protected":false},"author":3,"featured_media":9767,"comment_status":"closed","ping_status":"closed","sticky":false,"template":"","format":"standard","meta":{"_acf_changed":false,"footnotes":""},"categories":[1,81,82],"tags":[],"class_list":["post-9766","post","type-post","status-publish","format-standard","has-post-thumbnail","hentry","category-sin-categoria","category-noticias-destacadas","category-noticias-de-interes"],"acf":[],"yoast_head":"<!-- This site is optimized with the Yoast SEO plugin v27.3 - https:\/\/yoast.com\/product\/yoast-seo-wordpress\/ -->\n<title>\u00daltimos d\u00edas para la inscripci\u00f3n: Jornada online Profundizando en el conocimiento de las vacunas en \u00e9poca de pandemia - Centro de estudios para el fomento de la investigaci\u00f3n<\/title>\n<meta name=\"robots\" content=\"index, follow, max-snippet:-1, max-image-preview:large, max-video-preview:-1\" \/>\n<link rel=\"canonical\" href=\"https:\/\/cefi.es\/en\/ultimos-dias-para-la-inscripcion-jornada-online-profundizando-en-el-conocimiento-de-las-vacunas-en-epoca-de-pandemia\/\" \/>\n<meta property=\"og:locale\" content=\"en_US\" \/>\n<meta property=\"og:type\" content=\"article\" \/>\n<meta property=\"og:title\" content=\"\u00daltimos d\u00edas para la inscripci\u00f3n: Jornada online Profundizando en el conocimiento de las vacunas en \u00e9poca de pandemia - Centro de estudios para el fomento de la investigaci\u00f3n\" \/>\n<meta property=\"og:description\" content=\"El d\u00eda 19 de enero de 2021 CEFI celebrar\u00e1 la jornada online Profundizando en el conocimiento de las vacunas en \u00e9poca de pandemia. La inscripci\u00f3n es gratuita. Programa e inscripci\u00f3n &nbsp;\" \/>\n<meta property=\"og:url\" content=\"https:\/\/cefi.es\/ultimos-dias-para-la-inscripcion-jornada-online-profundizando-en-el-conocimiento-de-las-vacunas-en-epoca-de-pandemia\/\" \/>\n<meta property=\"og:site_name\" content=\"Centro de estudios para el fomento de la investigaci\u00f3n\" \/>\n<meta property=\"article:published_time\" content=\"2021-01-14T11:17:42+00:00\" \/>\n<meta property=\"article:modified_time\" content=\"2024-09-06T10:47:49+00:00\" \/>\n<meta property=\"og:image\" content=\"https:\/\/cefi.es\/wp-contenido\/uploads\/2021\/01\/JORNADA-VACUNAS-1.jpg\" \/>\n\t<meta property=\"og:image:width\" content=\"1273\" \/>\n\t<meta property=\"og:image:height\" content=\"860\" \/>\n\t<meta property=\"og:image:type\" content=\"image\/jpeg\" \/>\n<meta name=\"author\" content=\"Administrador\" \/>\n<meta name=\"twitter:card\" content=\"summary_large_image\" \/>\n<meta name=\"twitter:label1\" content=\"Written by\" \/>\n\t<meta name=\"twitter:data1\" content=\"Administrador\" \/>\n<script type=\"application\/ld+json\" class=\"yoast-schema-graph\">{\"@context\":\"https:\\\/\\\/schema.org\",\"@graph\":[{\"@type\":\"Article\",\"@id\":\"https:\\\/\\\/cefi.es\\\/ultimos-dias-para-la-inscripcion-jornada-online-profundizando-en-el-conocimiento-de-las-vacunas-en-epoca-de-pandemia\\\/#article\",\"isPartOf\":{\"@id\":\"https:\\\/\\\/cefi.es\\\/ultimos-dias-para-la-inscripcion-jornada-online-profundizando-en-el-conocimiento-de-las-vacunas-en-epoca-de-pandemia\\\/\"},\"author\":{\"name\":\"Administrador\",\"@id\":\"https:\\\/\\\/cefi.es\\\/en\\\/#\\\/schema\\\/person\\\/7f0c55a37796bb7af8bdb655ade37da7\"},\"headline\":\"\u00daltimos d\u00edas para la inscripci\u00f3n: Jornada online Profundizando en el conocimiento de las vacunas en \u00e9poca de pandemia\",\"datePublished\":\"2021-01-14T11:17:42+00:00\",\"dateModified\":\"2024-09-06T10:47:49+00:00\",\"mainEntityOfPage\":{\"@id\":\"https:\\\/\\\/cefi.es\\\/ultimos-dias-para-la-inscripcion-jornada-online-profundizando-en-el-conocimiento-de-las-vacunas-en-epoca-de-pandemia\\\/\"},\"wordCount\":52,\"publisher\":{\"@id\":\"https:\\\/\\\/cefi.es\\\/en\\\/#organization\"},\"image\":{\"@id\":\"https:\\\/\\\/cefi.es\\\/ultimos-dias-para-la-inscripcion-jornada-online-profundizando-en-el-conocimiento-de-las-vacunas-en-epoca-de-pandemia\\\/#primaryimage\"},\"thumbnailUrl\":\"https:\\\/\\\/cefi.es\\\/wp-contenido\\\/uploads\\\/2021\\\/01\\\/JORNADA-VACUNAS-1.jpg\",\"articleSection\":[\"Sin categor\u00eda\",\"Noticias Destacadas\",\"Noticias de Inter\u00e9s\"],\"inLanguage\":\"en-US\"},{\"@type\":\"WebPage\",\"@id\":\"https:\\\/\\\/cefi.es\\\/ultimos-dias-para-la-inscripcion-jornada-online-profundizando-en-el-conocimiento-de-las-vacunas-en-epoca-de-pandemia\\\/\",\"url\":\"https:\\\/\\\/cefi.es\\\/ultimos-dias-para-la-inscripcion-jornada-online-profundizando-en-el-conocimiento-de-las-vacunas-en-epoca-de-pandemia\\\/\",\"name\":\"\u00daltimos d\u00edas para la inscripci\u00f3n: Jornada online Profundizando en el conocimiento de las vacunas en \u00e9poca de pandemia - Centro de estudios para el fomento de la investigaci\u00f3n\",\"isPartOf\":{\"@id\":\"https:\\\/\\\/cefi.es\\\/en\\\/#website\"},\"primaryImageOfPage\":{\"@id\":\"https:\\\/\\\/cefi.es\\\/ultimos-dias-para-la-inscripcion-jornada-online-profundizando-en-el-conocimiento-de-las-vacunas-en-epoca-de-pandemia\\\/#primaryimage\"},\"image\":{\"@id\":\"https:\\\/\\\/cefi.es\\\/ultimos-dias-para-la-inscripcion-jornada-online-profundizando-en-el-conocimiento-de-las-vacunas-en-epoca-de-pandemia\\\/#primaryimage\"},\"thumbnailUrl\":\"https:\\\/\\\/cefi.es\\\/wp-contenido\\\/uploads\\\/2021\\\/01\\\/JORNADA-VACUNAS-1.jpg\",\"datePublished\":\"2021-01-14T11:17:42+00:00\",\"dateModified\":\"2024-09-06T10:47:49+00:00\",\"breadcrumb\":{\"@id\":\"https:\\\/\\\/cefi.es\\\/ultimos-dias-para-la-inscripcion-jornada-online-profundizando-en-el-conocimiento-de-las-vacunas-en-epoca-de-pandemia\\\/#breadcrumb\"},\"inLanguage\":\"en-US\",\"potentialAction\":[{\"@type\":\"ReadAction\",\"target\":[\"https:\\\/\\\/cefi.es\\\/ultimos-dias-para-la-inscripcion-jornada-online-profundizando-en-el-conocimiento-de-las-vacunas-en-epoca-de-pandemia\\\/\"]}]},{\"@type\":\"ImageObject\",\"inLanguage\":\"en-US\",\"@id\":\"https:\\\/\\\/cefi.es\\\/ultimos-dias-para-la-inscripcion-jornada-online-profundizando-en-el-conocimiento-de-las-vacunas-en-epoca-de-pandemia\\\/#primaryimage\",\"url\":\"https:\\\/\\\/cefi.es\\\/wp-contenido\\\/uploads\\\/2021\\\/01\\\/JORNADA-VACUNAS-1.jpg\",\"contentUrl\":\"https:\\\/\\\/cefi.es\\\/wp-contenido\\\/uploads\\\/2021\\\/01\\\/JORNADA-VACUNAS-1.jpg\",\"width\":1273,\"height\":860},{\"@type\":\"BreadcrumbList\",\"@id\":\"https:\\\/\\\/cefi.es\\\/ultimos-dias-para-la-inscripcion-jornada-online-profundizando-en-el-conocimiento-de-las-vacunas-en-epoca-de-pandemia\\\/#breadcrumb\",\"itemListElement\":[{\"@type\":\"ListItem\",\"position\":1,\"name\":\"Home\",\"item\":\"https:\\\/\\\/cefi.es\\\/en\\\/\"},{\"@type\":\"ListItem\",\"position\":2,\"name\":\"\u00daltimos d\u00edas para la inscripci\u00f3n: Jornada online Profundizando en el conocimiento de las vacunas en \u00e9poca de pandemia\"}]},{\"@type\":\"WebSite\",\"@id\":\"https:\\\/\\\/cefi.es\\\/en\\\/#website\",\"url\":\"https:\\\/\\\/cefi.es\\\/en\\\/\",\"name\":\"Centro de estudios para el fomento de la investigaci\u00f3n\",\"description\":\"\",\"publisher\":{\"@id\":\"https:\\\/\\\/cefi.es\\\/en\\\/#organization\"},\"potentialAction\":[{\"@type\":\"SearchAction\",\"target\":{\"@type\":\"EntryPoint\",\"urlTemplate\":\"https:\\\/\\\/cefi.es\\\/en\\\/?s={search_term_string}\"},\"query-input\":{\"@type\":\"PropertyValueSpecification\",\"valueRequired\":true,\"valueName\":\"search_term_string\"}}],\"inLanguage\":\"en-US\"},{\"@type\":\"Organization\",\"@id\":\"https:\\\/\\\/cefi.es\\\/en\\\/#organization\",\"name\":\"Fundacion CeFi. Propiedad industrial e intelectual\",\"url\":\"https:\\\/\\\/cefi.es\\\/en\\\/\",\"logo\":{\"@type\":\"ImageObject\",\"inLanguage\":\"en-US\",\"@id\":\"https:\\\/\\\/cefi.es\\\/en\\\/#\\\/schema\\\/logo\\\/image\\\/\",\"url\":\"https:\\\/\\\/cefi.es\\\/wp-contenido\\\/uploads\\\/2019\\\/12\\\/cropped-favicon-3.png\",\"contentUrl\":\"https:\\\/\\\/cefi.es\\\/wp-contenido\\\/uploads\\\/2019\\\/12\\\/cropped-favicon-3.png\",\"width\":512,\"height\":512,\"caption\":\"Fundacion CeFi. Propiedad industrial e intelectual\"},\"image\":{\"@id\":\"https:\\\/\\\/cefi.es\\\/en\\\/#\\\/schema\\\/logo\\\/image\\\/\"}},{\"@type\":\"Person\",\"@id\":\"https:\\\/\\\/cefi.es\\\/en\\\/#\\\/schema\\\/person\\\/7f0c55a37796bb7af8bdb655ade37da7\",\"name\":\"Administrador\",\"image\":{\"@type\":\"ImageObject\",\"inLanguage\":\"en-US\",\"@id\":\"https:\\\/\\\/secure.gravatar.com\\\/avatar\\\/ca0778ec401a3f547a961e1de7e04c284c1c4dbcf95f7dc69f9bae782d89953c?s=96&d=mm&r=g\",\"url\":\"https:\\\/\\\/secure.gravatar.com\\\/avatar\\\/ca0778ec401a3f547a961e1de7e04c284c1c4dbcf95f7dc69f9bae782d89953c?s=96&d=mm&r=g\",\"contentUrl\":\"https:\\\/\\\/secure.gravatar.com\\\/avatar\\\/ca0778ec401a3f547a961e1de7e04c284c1c4dbcf95f7dc69f9bae782d89953c?s=96&d=mm&r=g\",\"caption\":\"Administrador\"},\"url\":\"https:\\\/\\\/cefi.es\\\/en\\\/author\\\/admin\\\/\"}]}<\/script>\n<!-- \/ Yoast SEO plugin. -->","yoast_head_json":{"title":"\u00daltimos d\u00edas para la inscripci\u00f3n: Jornada online Profundizando en el conocimiento de las vacunas en \u00e9poca de pandemia - Centro de estudios para el fomento de la investigaci\u00f3n","robots":{"index":"index","follow":"follow","max-snippet":"max-snippet:-1","max-image-preview":"max-image-preview:large","max-video-preview":"max-video-preview:-1"},"canonical":"https:\/\/cefi.es\/en\/ultimos-dias-para-la-inscripcion-jornada-online-profundizando-en-el-conocimiento-de-las-vacunas-en-epoca-de-pandemia\/","og_locale":"en_US","og_type":"article","og_title":"\u00daltimos d\u00edas para la inscripci\u00f3n: Jornada online Profundizando en el conocimiento de las vacunas en \u00e9poca de pandemia - Centro de estudios para el fomento de la investigaci\u00f3n","og_description":"El d\u00eda 19 de enero de 2021 CEFI celebrar\u00e1 la jornada online Profundizando en el conocimiento de las vacunas en \u00e9poca de pandemia. La inscripci\u00f3n es gratuita. Programa e inscripci\u00f3n &nbsp;","og_url":"https:\/\/cefi.es\/ultimos-dias-para-la-inscripcion-jornada-online-profundizando-en-el-conocimiento-de-las-vacunas-en-epoca-de-pandemia\/","og_site_name":"Centro de estudios para el fomento de la investigaci\u00f3n","article_published_time":"2021-01-14T11:17:42+00:00","article_modified_time":"2024-09-06T10:47:49+00:00","og_image":[{"width":1273,"height":860,"url":"https:\/\/cefi.es\/wp-contenido\/uploads\/2021\/01\/JORNADA-VACUNAS-1.jpg","type":"image\/jpeg"}],"author":"Administrador","twitter_card":"summary_large_image","twitter_misc":{"Written by":"Administrador"},"schema":{"@context":"https:\/\/schema.org","@graph":[{"@type":"Article","@id":"https:\/\/cefi.es\/ultimos-dias-para-la-inscripcion-jornada-online-profundizando-en-el-conocimiento-de-las-vacunas-en-epoca-de-pandemia\/#article","isPartOf":{"@id":"https:\/\/cefi.es\/ultimos-dias-para-la-inscripcion-jornada-online-profundizando-en-el-conocimiento-de-las-vacunas-en-epoca-de-pandemia\/"},"author":{"name":"Administrador","@id":"https:\/\/cefi.es\/en\/#\/schema\/person\/7f0c55a37796bb7af8bdb655ade37da7"},"headline":"\u00daltimos d\u00edas para la inscripci\u00f3n: Jornada online Profundizando en el conocimiento de las vacunas en \u00e9poca de pandemia","datePublished":"2021-01-14T11:17:42+00:00","dateModified":"2024-09-06T10:47:49+00:00","mainEntityOfPage":{"@id":"https:\/\/cefi.es\/ultimos-dias-para-la-inscripcion-jornada-online-profundizando-en-el-conocimiento-de-las-vacunas-en-epoca-de-pandemia\/"},"wordCount":52,"publisher":{"@id":"https:\/\/cefi.es\/en\/#organization"},"image":{"@id":"https:\/\/cefi.es\/ultimos-dias-para-la-inscripcion-jornada-online-profundizando-en-el-conocimiento-de-las-vacunas-en-epoca-de-pandemia\/#primaryimage"},"thumbnailUrl":"https:\/\/cefi.es\/wp-contenido\/uploads\/2021\/01\/JORNADA-VACUNAS-1.jpg","articleSection":["Sin categor\u00eda","Noticias Destacadas","Noticias de Inter\u00e9s"],"inLanguage":"en-US"},{"@type":"WebPage","@id":"https:\/\/cefi.es\/ultimos-dias-para-la-inscripcion-jornada-online-profundizando-en-el-conocimiento-de-las-vacunas-en-epoca-de-pandemia\/","url":"https:\/\/cefi.es\/ultimos-dias-para-la-inscripcion-jornada-online-profundizando-en-el-conocimiento-de-las-vacunas-en-epoca-de-pandemia\/","name":"\u00daltimos d\u00edas para la inscripci\u00f3n: Jornada online Profundizando en el conocimiento de las vacunas en \u00e9poca de pandemia - Centro de estudios para el fomento de la investigaci\u00f3n","isPartOf":{"@id":"https:\/\/cefi.es\/en\/#website"},"primaryImageOfPage":{"@id":"https:\/\/cefi.es\/ultimos-dias-para-la-inscripcion-jornada-online-profundizando-en-el-conocimiento-de-las-vacunas-en-epoca-de-pandemia\/#primaryimage"},"image":{"@id":"https:\/\/cefi.es\/ultimos-dias-para-la-inscripcion-jornada-online-profundizando-en-el-conocimiento-de-las-vacunas-en-epoca-de-pandemia\/#primaryimage"},"thumbnailUrl":"https:\/\/cefi.es\/wp-contenido\/uploads\/2021\/01\/JORNADA-VACUNAS-1.jpg","datePublished":"2021-01-14T11:17:42+00:00","dateModified":"2024-09-06T10:47:49+00:00","breadcrumb":{"@id":"https:\/\/cefi.es\/ultimos-dias-para-la-inscripcion-jornada-online-profundizando-en-el-conocimiento-de-las-vacunas-en-epoca-de-pandemia\/#breadcrumb"},"inLanguage":"en-US","potentialAction":[{"@type":"ReadAction","target":["https:\/\/cefi.es\/ultimos-dias-para-la-inscripcion-jornada-online-profundizando-en-el-conocimiento-de-las-vacunas-en-epoca-de-pandemia\/"]}]},{"@type":"ImageObject","inLanguage":"en-US","@id":"https:\/\/cefi.es\/ultimos-dias-para-la-inscripcion-jornada-online-profundizando-en-el-conocimiento-de-las-vacunas-en-epoca-de-pandemia\/#primaryimage","url":"https:\/\/cefi.es\/wp-contenido\/uploads\/2021\/01\/JORNADA-VACUNAS-1.jpg","contentUrl":"https:\/\/cefi.es\/wp-contenido\/uploads\/2021\/01\/JORNADA-VACUNAS-1.jpg","width":1273,"height":860},{"@type":"BreadcrumbList","@id":"https:\/\/cefi.es\/ultimos-dias-para-la-inscripcion-jornada-online-profundizando-en-el-conocimiento-de-las-vacunas-en-epoca-de-pandemia\/#breadcrumb","itemListElement":[{"@type":"ListItem","position":1,"name":"Home","item":"https:\/\/cefi.es\/en\/"},{"@type":"ListItem","position":2,"name":"\u00daltimos d\u00edas para la inscripci\u00f3n: Jornada online Profundizando en el conocimiento de las vacunas en \u00e9poca de pandemia"}]},{"@type":"WebSite","@id":"https:\/\/cefi.es\/en\/#website","url":"https:\/\/cefi.es\/en\/","name":"Centro de estudios para el fomento de la investigaci\u00f3n","description":"","publisher":{"@id":"https:\/\/cefi.es\/en\/#organization"},"potentialAction":[{"@type":"SearchAction","target":{"@type":"EntryPoint","urlTemplate":"https:\/\/cefi.es\/en\/?s={search_term_string}"},"query-input":{"@type":"PropertyValueSpecification","valueRequired":true,"valueName":"search_term_string"}}],"inLanguage":"en-US"},{"@type":"Organization","@id":"https:\/\/cefi.es\/en\/#organization","name":"Fundacion CeFi. Propiedad industrial e intelectual","url":"https:\/\/cefi.es\/en\/","logo":{"@type":"ImageObject","inLanguage":"en-US","@id":"https:\/\/cefi.es\/en\/#\/schema\/logo\/image\/","url":"https:\/\/cefi.es\/wp-contenido\/uploads\/2019\/12\/cropped-favicon-3.png","contentUrl":"https:\/\/cefi.es\/wp-contenido\/uploads\/2019\/12\/cropped-favicon-3.png","width":512,"height":512,"caption":"Fundacion CeFi. Propiedad industrial e intelectual"},"image":{"@id":"https:\/\/cefi.es\/en\/#\/schema\/logo\/image\/"}},{"@type":"Person","@id":"https:\/\/cefi.es\/en\/#\/schema\/person\/7f0c55a37796bb7af8bdb655ade37da7","name":"Administrador","image":{"@type":"ImageObject","inLanguage":"en-US","@id":"https:\/\/secure.gravatar.com\/avatar\/ca0778ec401a3f547a961e1de7e04c284c1c4dbcf95f7dc69f9bae782d89953c?s=96&d=mm&r=g","url":"https:\/\/secure.gravatar.com\/avatar\/ca0778ec401a3f547a961e1de7e04c284c1c4dbcf95f7dc69f9bae782d89953c?s=96&d=mm&r=g","contentUrl":"https:\/\/secure.gravatar.com\/avatar\/ca0778ec401a3f547a961e1de7e04c284c1c4dbcf95f7dc69f9bae782d89953c?s=96&d=mm&r=g","caption":"Administrador"},"url":"https:\/\/cefi.es\/en\/author\/admin\/"}]}},"_links":{"self":[{"href":"https:\/\/cefi.es\/en\/wp-json\/wp\/v2\/posts\/9766","targetHints":{"allow":["GET"]}}],"collection":[{"href":"https:\/\/cefi.es\/en\/wp-json\/wp\/v2\/posts"}],"about":[{"href":"https:\/\/cefi.es\/en\/wp-json\/wp\/v2\/types\/post"}],"author":[{"embeddable":true,"href":"https:\/\/cefi.es\/en\/wp-json\/wp\/v2\/users\/3"}],"replies":[{"embeddable":true,"href":"https:\/\/cefi.es\/en\/wp-json\/wp\/v2\/comments?post=9766"}],"version-history":[{"count":1,"href":"https:\/\/cefi.es\/en\/wp-json\/wp\/v2\/posts\/9766\/revisions"}],"predecessor-version":[{"id":9769,"href":"https:\/\/cefi.es\/en\/wp-json\/wp\/v2\/posts\/9766\/revisions\/9769"}],"wp:featuredmedia":[{"embeddable":true,"href":"https:\/\/cefi.es\/en\/wp-json\/wp\/v2\/media\/9767"}],"wp:attachment":[{"href":"https:\/\/cefi.es\/en\/wp-json\/wp\/v2\/media?parent=9766"}],"wp:term":[{"taxonomy":"category","embeddable":true,"href":"https:\/\/cefi.es\/en\/wp-json\/wp\/v2\/categories?post=9766"},{"taxonomy":"post_tag","embeddable":true,"href":"https:\/\/cefi.es\/en\/wp-json\/wp\/v2\/tags?post=9766"}],"curies":[{"name":"wp","href":"https:\/\/api.w.org\/{rel}","templated":true}]}}