{"id":9761,"date":"2021-01-13T14:04:43","date_gmt":"2021-01-13T13:04:43","guid":{"rendered":"https:\/\/cefi.es\/?p=9761"},"modified":"2024-09-06T11:47:50","modified_gmt":"2024-09-06T10:47:50","slug":"publicados-dos-nuevos-numeros-de-las-revistas-cefi","status":"publish","type":"post","link":"https:\/\/cefi.es\/publicados-dos-nuevos-numeros-de-las-revistas-cefi\/","title":{"rendered":"Publicados dos nuevos n\u00fameros de las revistas CEFI"},"content":{"rendered":"<p>Disponibles dos nuevos n\u00fameros de las revistas editadas por CEFI:<\/p>\n<p><a href=\"https:\/\/cefi.es\/tienda\/publicaciones\/revista-cuadernos\/revista-cuadernos-no-75-octubre-diciembre-2020\/\">Cuadernos de Derecho Farmac\u00e9utico no. 75 (octubre-diciembre 2020)<\/a>.<\/p>\n<p><a href=\"https:\/\/cefi.es\/tienda\/publicaciones\/revista-comunicaciones\/revista-comunicaciones-no-91-septiembre-diciembre-2020\/\">Comunicaciones en Propiedad Industrial y Derecho de la Competencia no. 91 (septiembre-diciembre 2020)<\/a>.<\/p>\n<p>&nbsp;<\/p>\n","protected":false},"excerpt":{"rendered":"<p>Disponibles dos nuevos n\u00fameros de las revistas editadas por CEFI: Cuadernos de Derecho Farmac\u00e9utico no. 75 (octubre-diciembre 2020). Comunicaciones en Propiedad Industrial y Derecho de la Competencia no. 91 (septiembre-diciembre 2020). &nbsp;<\/p>\n","protected":false},"author":3,"featured_media":9762,"comment_status":"closed","ping_status":"closed","sticky":false,"template":"","format":"standard","meta":{"_acf_changed":false,"footnotes":""},"categories":[1,81,82],"tags":[],"class_list":["post-9761","post","type-post","status-publish","format-standard","has-post-thumbnail","hentry","category-sin-categoria","category-noticias-destacadas","category-noticias-de-interes"],"acf":[],"yoast_head":"<!-- This site is optimized with the Yoast SEO plugin v27.3 - https:\/\/yoast.com\/product\/yoast-seo-wordpress\/ -->\n<title>Publicados dos nuevos n\u00fameros de las revistas CEFI - Centro de estudios para el fomento de la investigaci\u00f3n<\/title>\n<meta name=\"robots\" content=\"index, follow, max-snippet:-1, max-image-preview:large, max-video-preview:-1\" \/>\n<link rel=\"canonical\" href=\"https:\/\/cefi.es\/en\/publicados-dos-nuevos-numeros-de-las-revistas-cefi\/\" \/>\n<meta property=\"og:locale\" content=\"en_US\" \/>\n<meta property=\"og:type\" content=\"article\" \/>\n<meta property=\"og:title\" content=\"Publicados dos nuevos n\u00fameros de las revistas CEFI - Centro de estudios para el fomento de la investigaci\u00f3n\" \/>\n<meta property=\"og:description\" content=\"Disponibles dos nuevos n\u00fameros de las revistas editadas por CEFI: Cuadernos de Derecho Farmac\u00e9utico no. 75 (octubre-diciembre 2020). Comunicaciones en Propiedad Industrial y Derecho de la Competencia no. 91 (septiembre-diciembre 2020). &nbsp;\" \/>\n<meta property=\"og:url\" content=\"https:\/\/cefi.es\/publicados-dos-nuevos-numeros-de-las-revistas-cefi\/\" \/>\n<meta property=\"og:site_name\" content=\"Centro de estudios para el fomento de la investigaci\u00f3n\" \/>\n<meta property=\"article:published_time\" content=\"2021-01-13T13:04:43+00:00\" \/>\n<meta property=\"article:modified_time\" content=\"2024-09-06T10:47:50+00:00\" \/>\n<meta property=\"og:image\" content=\"https:\/\/cefi.es\/wp-contenido\/uploads\/2021\/01\/Portadas-combinadas.jpg\" \/>\n\t<meta property=\"og:image:width\" content=\"716\" \/>\n\t<meta property=\"og:image:height\" content=\"484\" \/>\n\t<meta property=\"og:image:type\" content=\"image\/jpeg\" \/>\n<meta name=\"author\" content=\"Administrador\" \/>\n<meta name=\"twitter:card\" content=\"summary_large_image\" \/>\n<meta name=\"twitter:label1\" content=\"Written by\" \/>\n\t<meta name=\"twitter:data1\" content=\"Administrador\" \/>\n<script type=\"application\/ld+json\" class=\"yoast-schema-graph\">{\"@context\":\"https:\\\/\\\/schema.org\",\"@graph\":[{\"@type\":\"Article\",\"@id\":\"https:\\\/\\\/cefi.es\\\/publicados-dos-nuevos-numeros-de-las-revistas-cefi\\\/#article\",\"isPartOf\":{\"@id\":\"https:\\\/\\\/cefi.es\\\/publicados-dos-nuevos-numeros-de-las-revistas-cefi\\\/\"},\"author\":{\"name\":\"Administrador\",\"@id\":\"https:\\\/\\\/cefi.es\\\/en\\\/#\\\/schema\\\/person\\\/7f0c55a37796bb7af8bdb655ade37da7\"},\"headline\":\"Publicados dos nuevos n\u00fameros de las revistas CEFI\",\"datePublished\":\"2021-01-13T13:04:43+00:00\",\"dateModified\":\"2024-09-06T10:47:50+00:00\",\"mainEntityOfPage\":{\"@id\":\"https:\\\/\\\/cefi.es\\\/publicados-dos-nuevos-numeros-de-las-revistas-cefi\\\/\"},\"wordCount\":39,\"publisher\":{\"@id\":\"https:\\\/\\\/cefi.es\\\/en\\\/#organization\"},\"image\":{\"@id\":\"https:\\\/\\\/cefi.es\\\/publicados-dos-nuevos-numeros-de-las-revistas-cefi\\\/#primaryimage\"},\"thumbnailUrl\":\"https:\\\/\\\/cefi.es\\\/wp-contenido\\\/uploads\\\/2021\\\/01\\\/Portadas-combinadas.jpg\",\"articleSection\":[\"Sin categor\u00eda\",\"Noticias Destacadas\",\"Noticias de Inter\u00e9s\"],\"inLanguage\":\"en-US\"},{\"@type\":\"WebPage\",\"@id\":\"https:\\\/\\\/cefi.es\\\/publicados-dos-nuevos-numeros-de-las-revistas-cefi\\\/\",\"url\":\"https:\\\/\\\/cefi.es\\\/publicados-dos-nuevos-numeros-de-las-revistas-cefi\\\/\",\"name\":\"Publicados dos nuevos n\u00fameros de las revistas CEFI - Centro de estudios para el fomento de la investigaci\u00f3n\",\"isPartOf\":{\"@id\":\"https:\\\/\\\/cefi.es\\\/en\\\/#website\"},\"primaryImageOfPage\":{\"@id\":\"https:\\\/\\\/cefi.es\\\/publicados-dos-nuevos-numeros-de-las-revistas-cefi\\\/#primaryimage\"},\"image\":{\"@id\":\"https:\\\/\\\/cefi.es\\\/publicados-dos-nuevos-numeros-de-las-revistas-cefi\\\/#primaryimage\"},\"thumbnailUrl\":\"https:\\\/\\\/cefi.es\\\/wp-contenido\\\/uploads\\\/2021\\\/01\\\/Portadas-combinadas.jpg\",\"datePublished\":\"2021-01-13T13:04:43+00:00\",\"dateModified\":\"2024-09-06T10:47:50+00:00\",\"breadcrumb\":{\"@id\":\"https:\\\/\\\/cefi.es\\\/publicados-dos-nuevos-numeros-de-las-revistas-cefi\\\/#breadcrumb\"},\"inLanguage\":\"en-US\",\"potentialAction\":[{\"@type\":\"ReadAction\",\"target\":[\"https:\\\/\\\/cefi.es\\\/publicados-dos-nuevos-numeros-de-las-revistas-cefi\\\/\"]}]},{\"@type\":\"ImageObject\",\"inLanguage\":\"en-US\",\"@id\":\"https:\\\/\\\/cefi.es\\\/publicados-dos-nuevos-numeros-de-las-revistas-cefi\\\/#primaryimage\",\"url\":\"https:\\\/\\\/cefi.es\\\/wp-contenido\\\/uploads\\\/2021\\\/01\\\/Portadas-combinadas.jpg\",\"contentUrl\":\"https:\\\/\\\/cefi.es\\\/wp-contenido\\\/uploads\\\/2021\\\/01\\\/Portadas-combinadas.jpg\",\"width\":716,\"height\":484},{\"@type\":\"BreadcrumbList\",\"@id\":\"https:\\\/\\\/cefi.es\\\/publicados-dos-nuevos-numeros-de-las-revistas-cefi\\\/#breadcrumb\",\"itemListElement\":[{\"@type\":\"ListItem\",\"position\":1,\"name\":\"Home\",\"item\":\"https:\\\/\\\/cefi.es\\\/en\\\/\"},{\"@type\":\"ListItem\",\"position\":2,\"name\":\"Publicados dos nuevos n\u00fameros de las revistas CEFI\"}]},{\"@type\":\"WebSite\",\"@id\":\"https:\\\/\\\/cefi.es\\\/en\\\/#website\",\"url\":\"https:\\\/\\\/cefi.es\\\/en\\\/\",\"name\":\"Centro de estudios para el fomento de la investigaci\u00f3n\",\"description\":\"\",\"publisher\":{\"@id\":\"https:\\\/\\\/cefi.es\\\/en\\\/#organization\"},\"potentialAction\":[{\"@type\":\"SearchAction\",\"target\":{\"@type\":\"EntryPoint\",\"urlTemplate\":\"https:\\\/\\\/cefi.es\\\/en\\\/?s={search_term_string}\"},\"query-input\":{\"@type\":\"PropertyValueSpecification\",\"valueRequired\":true,\"valueName\":\"search_term_string\"}}],\"inLanguage\":\"en-US\"},{\"@type\":\"Organization\",\"@id\":\"https:\\\/\\\/cefi.es\\\/en\\\/#organization\",\"name\":\"Fundacion CeFi. Propiedad industrial e intelectual\",\"url\":\"https:\\\/\\\/cefi.es\\\/en\\\/\",\"logo\":{\"@type\":\"ImageObject\",\"inLanguage\":\"en-US\",\"@id\":\"https:\\\/\\\/cefi.es\\\/en\\\/#\\\/schema\\\/logo\\\/image\\\/\",\"url\":\"https:\\\/\\\/cefi.es\\\/wp-contenido\\\/uploads\\\/2019\\\/12\\\/cropped-favicon-3.png\",\"contentUrl\":\"https:\\\/\\\/cefi.es\\\/wp-contenido\\\/uploads\\\/2019\\\/12\\\/cropped-favicon-3.png\",\"width\":512,\"height\":512,\"caption\":\"Fundacion CeFi. Propiedad industrial e intelectual\"},\"image\":{\"@id\":\"https:\\\/\\\/cefi.es\\\/en\\\/#\\\/schema\\\/logo\\\/image\\\/\"}},{\"@type\":\"Person\",\"@id\":\"https:\\\/\\\/cefi.es\\\/en\\\/#\\\/schema\\\/person\\\/7f0c55a37796bb7af8bdb655ade37da7\",\"name\":\"Administrador\",\"image\":{\"@type\":\"ImageObject\",\"inLanguage\":\"en-US\",\"@id\":\"https:\\\/\\\/secure.gravatar.com\\\/avatar\\\/ca0778ec401a3f547a961e1de7e04c284c1c4dbcf95f7dc69f9bae782d89953c?s=96&d=mm&r=g\",\"url\":\"https:\\\/\\\/secure.gravatar.com\\\/avatar\\\/ca0778ec401a3f547a961e1de7e04c284c1c4dbcf95f7dc69f9bae782d89953c?s=96&d=mm&r=g\",\"contentUrl\":\"https:\\\/\\\/secure.gravatar.com\\\/avatar\\\/ca0778ec401a3f547a961e1de7e04c284c1c4dbcf95f7dc69f9bae782d89953c?s=96&d=mm&r=g\",\"caption\":\"Administrador\"},\"url\":\"https:\\\/\\\/cefi.es\\\/en\\\/author\\\/admin\\\/\"}]}<\/script>\n<!-- \/ Yoast SEO plugin. -->","yoast_head_json":{"title":"Publicados dos nuevos n\u00fameros de las revistas CEFI - Centro de estudios para el fomento de la investigaci\u00f3n","robots":{"index":"index","follow":"follow","max-snippet":"max-snippet:-1","max-image-preview":"max-image-preview:large","max-video-preview":"max-video-preview:-1"},"canonical":"https:\/\/cefi.es\/en\/publicados-dos-nuevos-numeros-de-las-revistas-cefi\/","og_locale":"en_US","og_type":"article","og_title":"Publicados dos nuevos n\u00fameros de las revistas CEFI - Centro de estudios para el fomento de la investigaci\u00f3n","og_description":"Disponibles dos nuevos n\u00fameros de las revistas editadas por CEFI: Cuadernos de Derecho Farmac\u00e9utico no. 75 (octubre-diciembre 2020). Comunicaciones en Propiedad Industrial y Derecho de la Competencia no. 91 (septiembre-diciembre 2020). &nbsp;","og_url":"https:\/\/cefi.es\/publicados-dos-nuevos-numeros-de-las-revistas-cefi\/","og_site_name":"Centro de estudios para el fomento de la investigaci\u00f3n","article_published_time":"2021-01-13T13:04:43+00:00","article_modified_time":"2024-09-06T10:47:50+00:00","og_image":[{"width":716,"height":484,"url":"https:\/\/cefi.es\/wp-contenido\/uploads\/2021\/01\/Portadas-combinadas.jpg","type":"image\/jpeg"}],"author":"Administrador","twitter_card":"summary_large_image","twitter_misc":{"Written by":"Administrador"},"schema":{"@context":"https:\/\/schema.org","@graph":[{"@type":"Article","@id":"https:\/\/cefi.es\/publicados-dos-nuevos-numeros-de-las-revistas-cefi\/#article","isPartOf":{"@id":"https:\/\/cefi.es\/publicados-dos-nuevos-numeros-de-las-revistas-cefi\/"},"author":{"name":"Administrador","@id":"https:\/\/cefi.es\/en\/#\/schema\/person\/7f0c55a37796bb7af8bdb655ade37da7"},"headline":"Publicados dos nuevos n\u00fameros de las revistas CEFI","datePublished":"2021-01-13T13:04:43+00:00","dateModified":"2024-09-06T10:47:50+00:00","mainEntityOfPage":{"@id":"https:\/\/cefi.es\/publicados-dos-nuevos-numeros-de-las-revistas-cefi\/"},"wordCount":39,"publisher":{"@id":"https:\/\/cefi.es\/en\/#organization"},"image":{"@id":"https:\/\/cefi.es\/publicados-dos-nuevos-numeros-de-las-revistas-cefi\/#primaryimage"},"thumbnailUrl":"https:\/\/cefi.es\/wp-contenido\/uploads\/2021\/01\/Portadas-combinadas.jpg","articleSection":["Sin categor\u00eda","Noticias Destacadas","Noticias de Inter\u00e9s"],"inLanguage":"en-US"},{"@type":"WebPage","@id":"https:\/\/cefi.es\/publicados-dos-nuevos-numeros-de-las-revistas-cefi\/","url":"https:\/\/cefi.es\/publicados-dos-nuevos-numeros-de-las-revistas-cefi\/","name":"Publicados dos nuevos n\u00fameros de las revistas CEFI - Centro de estudios para el fomento de la investigaci\u00f3n","isPartOf":{"@id":"https:\/\/cefi.es\/en\/#website"},"primaryImageOfPage":{"@id":"https:\/\/cefi.es\/publicados-dos-nuevos-numeros-de-las-revistas-cefi\/#primaryimage"},"image":{"@id":"https:\/\/cefi.es\/publicados-dos-nuevos-numeros-de-las-revistas-cefi\/#primaryimage"},"thumbnailUrl":"https:\/\/cefi.es\/wp-contenido\/uploads\/2021\/01\/Portadas-combinadas.jpg","datePublished":"2021-01-13T13:04:43+00:00","dateModified":"2024-09-06T10:47:50+00:00","breadcrumb":{"@id":"https:\/\/cefi.es\/publicados-dos-nuevos-numeros-de-las-revistas-cefi\/#breadcrumb"},"inLanguage":"en-US","potentialAction":[{"@type":"ReadAction","target":["https:\/\/cefi.es\/publicados-dos-nuevos-numeros-de-las-revistas-cefi\/"]}]},{"@type":"ImageObject","inLanguage":"en-US","@id":"https:\/\/cefi.es\/publicados-dos-nuevos-numeros-de-las-revistas-cefi\/#primaryimage","url":"https:\/\/cefi.es\/wp-contenido\/uploads\/2021\/01\/Portadas-combinadas.jpg","contentUrl":"https:\/\/cefi.es\/wp-contenido\/uploads\/2021\/01\/Portadas-combinadas.jpg","width":716,"height":484},{"@type":"BreadcrumbList","@id":"https:\/\/cefi.es\/publicados-dos-nuevos-numeros-de-las-revistas-cefi\/#breadcrumb","itemListElement":[{"@type":"ListItem","position":1,"name":"Home","item":"https:\/\/cefi.es\/en\/"},{"@type":"ListItem","position":2,"name":"Publicados dos nuevos n\u00fameros de las revistas CEFI"}]},{"@type":"WebSite","@id":"https:\/\/cefi.es\/en\/#website","url":"https:\/\/cefi.es\/en\/","name":"Centro de estudios para el fomento de la investigaci\u00f3n","description":"","publisher":{"@id":"https:\/\/cefi.es\/en\/#organization"},"potentialAction":[{"@type":"SearchAction","target":{"@type":"EntryPoint","urlTemplate":"https:\/\/cefi.es\/en\/?s={search_term_string}"},"query-input":{"@type":"PropertyValueSpecification","valueRequired":true,"valueName":"search_term_string"}}],"inLanguage":"en-US"},{"@type":"Organization","@id":"https:\/\/cefi.es\/en\/#organization","name":"Fundacion CeFi. Propiedad industrial e intelectual","url":"https:\/\/cefi.es\/en\/","logo":{"@type":"ImageObject","inLanguage":"en-US","@id":"https:\/\/cefi.es\/en\/#\/schema\/logo\/image\/","url":"https:\/\/cefi.es\/wp-contenido\/uploads\/2019\/12\/cropped-favicon-3.png","contentUrl":"https:\/\/cefi.es\/wp-contenido\/uploads\/2019\/12\/cropped-favicon-3.png","width":512,"height":512,"caption":"Fundacion CeFi. Propiedad industrial e intelectual"},"image":{"@id":"https:\/\/cefi.es\/en\/#\/schema\/logo\/image\/"}},{"@type":"Person","@id":"https:\/\/cefi.es\/en\/#\/schema\/person\/7f0c55a37796bb7af8bdb655ade37da7","name":"Administrador","image":{"@type":"ImageObject","inLanguage":"en-US","@id":"https:\/\/secure.gravatar.com\/avatar\/ca0778ec401a3f547a961e1de7e04c284c1c4dbcf95f7dc69f9bae782d89953c?s=96&d=mm&r=g","url":"https:\/\/secure.gravatar.com\/avatar\/ca0778ec401a3f547a961e1de7e04c284c1c4dbcf95f7dc69f9bae782d89953c?s=96&d=mm&r=g","contentUrl":"https:\/\/secure.gravatar.com\/avatar\/ca0778ec401a3f547a961e1de7e04c284c1c4dbcf95f7dc69f9bae782d89953c?s=96&d=mm&r=g","caption":"Administrador"},"url":"https:\/\/cefi.es\/en\/author\/admin\/"}]}},"_links":{"self":[{"href":"https:\/\/cefi.es\/en\/wp-json\/wp\/v2\/posts\/9761","targetHints":{"allow":["GET"]}}],"collection":[{"href":"https:\/\/cefi.es\/en\/wp-json\/wp\/v2\/posts"}],"about":[{"href":"https:\/\/cefi.es\/en\/wp-json\/wp\/v2\/types\/post"}],"author":[{"embeddable":true,"href":"https:\/\/cefi.es\/en\/wp-json\/wp\/v2\/users\/3"}],"replies":[{"embeddable":true,"href":"https:\/\/cefi.es\/en\/wp-json\/wp\/v2\/comments?post=9761"}],"version-history":[{"count":1,"href":"https:\/\/cefi.es\/en\/wp-json\/wp\/v2\/posts\/9761\/revisions"}],"predecessor-version":[{"id":9764,"href":"https:\/\/cefi.es\/en\/wp-json\/wp\/v2\/posts\/9761\/revisions\/9764"}],"wp:featuredmedia":[{"embeddable":true,"href":"https:\/\/cefi.es\/en\/wp-json\/wp\/v2\/media\/9762"}],"wp:attachment":[{"href":"https:\/\/cefi.es\/en\/wp-json\/wp\/v2\/media?parent=9761"}],"wp:term":[{"taxonomy":"category","embeddable":true,"href":"https:\/\/cefi.es\/en\/wp-json\/wp\/v2\/categories?post=9761"},{"taxonomy":"post_tag","embeddable":true,"href":"https:\/\/cefi.es\/en\/wp-json\/wp\/v2\/tags?post=9761"}],"curies":[{"name":"wp","href":"https:\/\/api.w.org\/{rel}","templated":true}]}}