{"id":9484,"date":"2020-12-03T16:54:20","date_gmt":"2020-12-03T15:54:20","guid":{"rendered":"https:\/\/cefi.es\/?p=9484"},"modified":"2024-09-06T11:47:51","modified_gmt":"2024-09-06T10:47:51","slug":"dias-intensos-en-regulacion-y-legislacion-en-farma-e-innovacion","status":"publish","type":"post","link":"https:\/\/cefi.es\/dias-intensos-en-regulacion-y-legislacion-en-farma-e-innovacion\/","title":{"rendered":"D\u00edas intensos en regulaci\u00f3n y legislaci\u00f3n en farma e innovaci\u00f3n"},"content":{"rendered":"<p>Llevamos unos d\u00edas de esos intensos en regulaci\u00f3n y legislaci\u00f3n farmac\u00e9utica de gran importancia:<\/p>\n<ul>\n<li><a href=\"https:\/\/ec.europa.eu\/health\/sites\/health\/files\/human-use\/docs\/pharmastrategy_com2020-761_en.pdf\">Estrategia farmac\u00e9utica comunitaria<\/a> a la que le dedicamos un post en <a href=\"https:\/\/www.linkedin.com\/feed\/update\/urn:li:activity:6737639787638878209\">LinkedIn<\/a><\/li>\n<li><a href=\"https:\/\/eur-lex.europa.eu\/legal-content\/EN\/TXT\/?uri=CELEX%3A52020PC0767&amp;qid=1606425317805\">Propuesta de Reglamento de Gobernanza de Datos<\/a>. Reutilizaci\u00f3n de determinados datos del sector p\u00fablico, entre los que se encontrar\u00edan los datos sanitarios, claves para impulsar la investigaci\u00f3n biom\u00e9dica.<\/li>\n<li><a href=\"https:\/\/www.aemps.gob.es\/informa\/notasinformativas\/medicamentosusohumano-3\/seguridad-1\/2020-seguridad-1\/aprobacion-del-real-decreto-por-el-que-se-regulan-los-estudios-observacionales-con-medicamentos\/\">RD de estudios observacionales<\/a>. Simplificar los procedimientos administrativos, evaluaci\u00f3n m\u00e1s eficiente de la calidad e idoneidad de cada estudio y actualizar las garant\u00edas de transparencia y acceso a la informaci\u00f3n de estos estudios.<\/li>\n<li><a href=\"https:\/\/www.boe.es\/boe\/dias\/2020\/11\/28\/pdfs\/BOE-A-2020-15176.pdf\">Orden de precios de referencia<\/a><\/li>\n<li><a href=\"https:\/\/www.mscbs.gob.es\/gabinetePrensa\/notaPrensa\/pdf\/24.11241120144431769.pdf\">Estrategia de vacunaci\u00f3n COVID-19 en Espa\u00f1a<\/a>.<\/li>\n<li>Consulta p\u00fablica sobre el <a href=\"https:\/\/www.ciencia.gob.es\/portal\/site\/MICINN\/menuitem.8ce192e94ba842bea3bc811001432ea0\/?vgnextoid=0319fc086faf5710VgnVCM1000001d04140aRCRD&amp;vgnextrefresh=1\">anteproyecto de Ley de la Ciencia, la Tecnolog\u00eda y la Innovaci\u00f3n<\/a>. Abierto el plazo de consulta.<\/li>\n<\/ul>\n<p>&nbsp;<\/p>\n<p>&nbsp;<\/p>\n","protected":false},"excerpt":{"rendered":"<p>Llevamos unos d\u00edas de esos intensos en regulaci\u00f3n y legislaci\u00f3n farmac\u00e9utica de gran importancia: Estrategia farmac\u00e9utica comunitaria a la que le dedicamos un post en LinkedIn Propuesta de Reglamento de Gobernanza de Datos. Reutilizaci\u00f3n de determinados datos del sector p\u00fablico, entre los que se encontrar\u00edan los datos sanitarios, claves para impulsar la investigaci\u00f3n biom\u00e9dica. RD [&hellip;]<\/p>\n","protected":false},"author":3,"featured_media":9485,"comment_status":"closed","ping_status":"closed","sticky":false,"template":"","format":"standard","meta":{"_acf_changed":false,"footnotes":""},"categories":[81,82,1],"tags":[],"class_list":["post-9484","post","type-post","status-publish","format-standard","has-post-thumbnail","hentry","category-noticias-destacadas","category-noticias-de-interes","category-sin-categoria"],"acf":[],"yoast_head":"<!-- This site is optimized with the Yoast SEO plugin v27.3 - https:\/\/yoast.com\/product\/yoast-seo-wordpress\/ -->\n<title>D\u00edas intensos en regulaci\u00f3n y legislaci\u00f3n en farma e innovaci\u00f3n - Centro de estudios para el fomento de la investigaci\u00f3n<\/title>\n<meta name=\"robots\" content=\"index, follow, max-snippet:-1, max-image-preview:large, max-video-preview:-1\" \/>\n<link rel=\"canonical\" href=\"https:\/\/cefi.es\/en\/dias-intensos-en-regulacion-y-legislacion-en-farma-e-innovacion\/\" \/>\n<meta property=\"og:locale\" content=\"en_US\" \/>\n<meta property=\"og:type\" content=\"article\" \/>\n<meta property=\"og:title\" content=\"D\u00edas intensos en regulaci\u00f3n y legislaci\u00f3n en farma e innovaci\u00f3n - Centro de estudios para el fomento de la investigaci\u00f3n\" \/>\n<meta property=\"og:description\" content=\"Llevamos unos d\u00edas de esos intensos en regulaci\u00f3n y legislaci\u00f3n farmac\u00e9utica de gran importancia: Estrategia farmac\u00e9utica comunitaria a la que le dedicamos un post en LinkedIn Propuesta de Reglamento de Gobernanza de Datos. Reutilizaci\u00f3n de determinados datos del sector p\u00fablico, entre los que se encontrar\u00edan los datos sanitarios, claves para impulsar la investigaci\u00f3n biom\u00e9dica. RD [&hellip;]\" \/>\n<meta property=\"og:url\" content=\"https:\/\/cefi.es\/dias-intensos-en-regulacion-y-legislacion-en-farma-e-innovacion\/\" \/>\n<meta property=\"og:site_name\" content=\"Centro de estudios para el fomento de la investigaci\u00f3n\" \/>\n<meta property=\"article:published_time\" content=\"2020-12-03T15:54:20+00:00\" \/>\n<meta property=\"article:modified_time\" content=\"2024-09-06T10:47:51+00:00\" \/>\n<meta property=\"og:image\" content=\"https:\/\/cefi.es\/wp-contenido\/uploads\/2020\/12\/iStock-1169930368-1.jpg\" \/>\n\t<meta property=\"og:image:width\" content=\"1732\" \/>\n\t<meta property=\"og:image:height\" content=\"1732\" \/>\n\t<meta property=\"og:image:type\" content=\"image\/jpeg\" \/>\n<meta name=\"author\" content=\"Administrador\" \/>\n<meta name=\"twitter:card\" content=\"summary_large_image\" \/>\n<meta name=\"twitter:label1\" content=\"Written by\" \/>\n\t<meta name=\"twitter:data1\" content=\"Administrador\" \/>\n\t<meta name=\"twitter:label2\" content=\"Est. reading time\" \/>\n\t<meta name=\"twitter:data2\" content=\"1 minute\" \/>\n<script type=\"application\/ld+json\" class=\"yoast-schema-graph\">{\"@context\":\"https:\\\/\\\/schema.org\",\"@graph\":[{\"@type\":\"Article\",\"@id\":\"https:\\\/\\\/cefi.es\\\/dias-intensos-en-regulacion-y-legislacion-en-farma-e-innovacion\\\/#article\",\"isPartOf\":{\"@id\":\"https:\\\/\\\/cefi.es\\\/dias-intensos-en-regulacion-y-legislacion-en-farma-e-innovacion\\\/\"},\"author\":{\"name\":\"Administrador\",\"@id\":\"https:\\\/\\\/cefi.es\\\/en\\\/#\\\/schema\\\/person\\\/7f0c55a37796bb7af8bdb655ade37da7\"},\"headline\":\"D\u00edas intensos en regulaci\u00f3n y legislaci\u00f3n en farma e innovaci\u00f3n\",\"datePublished\":\"2020-12-03T15:54:20+00:00\",\"dateModified\":\"2024-09-06T10:47:51+00:00\",\"mainEntityOfPage\":{\"@id\":\"https:\\\/\\\/cefi.es\\\/dias-intensos-en-regulacion-y-legislacion-en-farma-e-innovacion\\\/\"},\"wordCount\":153,\"publisher\":{\"@id\":\"https:\\\/\\\/cefi.es\\\/en\\\/#organization\"},\"image\":{\"@id\":\"https:\\\/\\\/cefi.es\\\/dias-intensos-en-regulacion-y-legislacion-en-farma-e-innovacion\\\/#primaryimage\"},\"thumbnailUrl\":\"https:\\\/\\\/cefi.es\\\/wp-contenido\\\/uploads\\\/2020\\\/12\\\/iStock-1169930368-1.jpg\",\"articleSection\":[\"Noticias Destacadas\",\"Noticias de Inter\u00e9s\",\"Sin categor\u00eda\"],\"inLanguage\":\"en-US\"},{\"@type\":\"WebPage\",\"@id\":\"https:\\\/\\\/cefi.es\\\/dias-intensos-en-regulacion-y-legislacion-en-farma-e-innovacion\\\/\",\"url\":\"https:\\\/\\\/cefi.es\\\/dias-intensos-en-regulacion-y-legislacion-en-farma-e-innovacion\\\/\",\"name\":\"D\u00edas intensos en regulaci\u00f3n y legislaci\u00f3n en farma e innovaci\u00f3n - Centro de estudios para el fomento de la investigaci\u00f3n\",\"isPartOf\":{\"@id\":\"https:\\\/\\\/cefi.es\\\/en\\\/#website\"},\"primaryImageOfPage\":{\"@id\":\"https:\\\/\\\/cefi.es\\\/dias-intensos-en-regulacion-y-legislacion-en-farma-e-innovacion\\\/#primaryimage\"},\"image\":{\"@id\":\"https:\\\/\\\/cefi.es\\\/dias-intensos-en-regulacion-y-legislacion-en-farma-e-innovacion\\\/#primaryimage\"},\"thumbnailUrl\":\"https:\\\/\\\/cefi.es\\\/wp-contenido\\\/uploads\\\/2020\\\/12\\\/iStock-1169930368-1.jpg\",\"datePublished\":\"2020-12-03T15:54:20+00:00\",\"dateModified\":\"2024-09-06T10:47:51+00:00\",\"breadcrumb\":{\"@id\":\"https:\\\/\\\/cefi.es\\\/dias-intensos-en-regulacion-y-legislacion-en-farma-e-innovacion\\\/#breadcrumb\"},\"inLanguage\":\"en-US\",\"potentialAction\":[{\"@type\":\"ReadAction\",\"target\":[\"https:\\\/\\\/cefi.es\\\/dias-intensos-en-regulacion-y-legislacion-en-farma-e-innovacion\\\/\"]}]},{\"@type\":\"ImageObject\",\"inLanguage\":\"en-US\",\"@id\":\"https:\\\/\\\/cefi.es\\\/dias-intensos-en-regulacion-y-legislacion-en-farma-e-innovacion\\\/#primaryimage\",\"url\":\"https:\\\/\\\/cefi.es\\\/wp-contenido\\\/uploads\\\/2020\\\/12\\\/iStock-1169930368-1.jpg\",\"contentUrl\":\"https:\\\/\\\/cefi.es\\\/wp-contenido\\\/uploads\\\/2020\\\/12\\\/iStock-1169930368-1.jpg\",\"width\":1732,\"height\":1732,\"caption\":\"A Male and Female side silhouette profile overlaid with various semi-transparent Machine Gears shapes. Centre placed are white \u201crewind and 2 gear\u201d symbols.\"},{\"@type\":\"BreadcrumbList\",\"@id\":\"https:\\\/\\\/cefi.es\\\/dias-intensos-en-regulacion-y-legislacion-en-farma-e-innovacion\\\/#breadcrumb\",\"itemListElement\":[{\"@type\":\"ListItem\",\"position\":1,\"name\":\"Home\",\"item\":\"https:\\\/\\\/cefi.es\\\/en\\\/\"},{\"@type\":\"ListItem\",\"position\":2,\"name\":\"D\u00edas intensos en regulaci\u00f3n y legislaci\u00f3n en farma e innovaci\u00f3n\"}]},{\"@type\":\"WebSite\",\"@id\":\"https:\\\/\\\/cefi.es\\\/en\\\/#website\",\"url\":\"https:\\\/\\\/cefi.es\\\/en\\\/\",\"name\":\"Centro de estudios para el fomento de la investigaci\u00f3n\",\"description\":\"\",\"publisher\":{\"@id\":\"https:\\\/\\\/cefi.es\\\/en\\\/#organization\"},\"potentialAction\":[{\"@type\":\"SearchAction\",\"target\":{\"@type\":\"EntryPoint\",\"urlTemplate\":\"https:\\\/\\\/cefi.es\\\/en\\\/?s={search_term_string}\"},\"query-input\":{\"@type\":\"PropertyValueSpecification\",\"valueRequired\":true,\"valueName\":\"search_term_string\"}}],\"inLanguage\":\"en-US\"},{\"@type\":\"Organization\",\"@id\":\"https:\\\/\\\/cefi.es\\\/en\\\/#organization\",\"name\":\"Fundacion CeFi. Propiedad industrial e intelectual\",\"url\":\"https:\\\/\\\/cefi.es\\\/en\\\/\",\"logo\":{\"@type\":\"ImageObject\",\"inLanguage\":\"en-US\",\"@id\":\"https:\\\/\\\/cefi.es\\\/en\\\/#\\\/schema\\\/logo\\\/image\\\/\",\"url\":\"https:\\\/\\\/cefi.es\\\/wp-contenido\\\/uploads\\\/2019\\\/12\\\/cropped-favicon-3.png\",\"contentUrl\":\"https:\\\/\\\/cefi.es\\\/wp-contenido\\\/uploads\\\/2019\\\/12\\\/cropped-favicon-3.png\",\"width\":512,\"height\":512,\"caption\":\"Fundacion CeFi. Propiedad industrial e intelectual\"},\"image\":{\"@id\":\"https:\\\/\\\/cefi.es\\\/en\\\/#\\\/schema\\\/logo\\\/image\\\/\"}},{\"@type\":\"Person\",\"@id\":\"https:\\\/\\\/cefi.es\\\/en\\\/#\\\/schema\\\/person\\\/7f0c55a37796bb7af8bdb655ade37da7\",\"name\":\"Administrador\",\"image\":{\"@type\":\"ImageObject\",\"inLanguage\":\"en-US\",\"@id\":\"https:\\\/\\\/secure.gravatar.com\\\/avatar\\\/ca0778ec401a3f547a961e1de7e04c284c1c4dbcf95f7dc69f9bae782d89953c?s=96&d=mm&r=g\",\"url\":\"https:\\\/\\\/secure.gravatar.com\\\/avatar\\\/ca0778ec401a3f547a961e1de7e04c284c1c4dbcf95f7dc69f9bae782d89953c?s=96&d=mm&r=g\",\"contentUrl\":\"https:\\\/\\\/secure.gravatar.com\\\/avatar\\\/ca0778ec401a3f547a961e1de7e04c284c1c4dbcf95f7dc69f9bae782d89953c?s=96&d=mm&r=g\",\"caption\":\"Administrador\"},\"url\":\"https:\\\/\\\/cefi.es\\\/en\\\/author\\\/admin\\\/\"}]}<\/script>\n<!-- \/ Yoast SEO plugin. -->","yoast_head_json":{"title":"D\u00edas intensos en regulaci\u00f3n y legislaci\u00f3n en farma e innovaci\u00f3n - Centro de estudios para el fomento de la investigaci\u00f3n","robots":{"index":"index","follow":"follow","max-snippet":"max-snippet:-1","max-image-preview":"max-image-preview:large","max-video-preview":"max-video-preview:-1"},"canonical":"https:\/\/cefi.es\/en\/dias-intensos-en-regulacion-y-legislacion-en-farma-e-innovacion\/","og_locale":"en_US","og_type":"article","og_title":"D\u00edas intensos en regulaci\u00f3n y legislaci\u00f3n en farma e innovaci\u00f3n - Centro de estudios para el fomento de la investigaci\u00f3n","og_description":"Llevamos unos d\u00edas de esos intensos en regulaci\u00f3n y legislaci\u00f3n farmac\u00e9utica de gran importancia: Estrategia farmac\u00e9utica comunitaria a la que le dedicamos un post en LinkedIn Propuesta de Reglamento de Gobernanza de Datos. Reutilizaci\u00f3n de determinados datos del sector p\u00fablico, entre los que se encontrar\u00edan los datos sanitarios, claves para impulsar la investigaci\u00f3n biom\u00e9dica. RD [&hellip;]","og_url":"https:\/\/cefi.es\/dias-intensos-en-regulacion-y-legislacion-en-farma-e-innovacion\/","og_site_name":"Centro de estudios para el fomento de la investigaci\u00f3n","article_published_time":"2020-12-03T15:54:20+00:00","article_modified_time":"2024-09-06T10:47:51+00:00","og_image":[{"width":1732,"height":1732,"url":"https:\/\/cefi.es\/wp-contenido\/uploads\/2020\/12\/iStock-1169930368-1.jpg","type":"image\/jpeg"}],"author":"Administrador","twitter_card":"summary_large_image","twitter_misc":{"Written by":"Administrador","Est. reading time":"1 minute"},"schema":{"@context":"https:\/\/schema.org","@graph":[{"@type":"Article","@id":"https:\/\/cefi.es\/dias-intensos-en-regulacion-y-legislacion-en-farma-e-innovacion\/#article","isPartOf":{"@id":"https:\/\/cefi.es\/dias-intensos-en-regulacion-y-legislacion-en-farma-e-innovacion\/"},"author":{"name":"Administrador","@id":"https:\/\/cefi.es\/en\/#\/schema\/person\/7f0c55a37796bb7af8bdb655ade37da7"},"headline":"D\u00edas intensos en regulaci\u00f3n y legislaci\u00f3n en farma e innovaci\u00f3n","datePublished":"2020-12-03T15:54:20+00:00","dateModified":"2024-09-06T10:47:51+00:00","mainEntityOfPage":{"@id":"https:\/\/cefi.es\/dias-intensos-en-regulacion-y-legislacion-en-farma-e-innovacion\/"},"wordCount":153,"publisher":{"@id":"https:\/\/cefi.es\/en\/#organization"},"image":{"@id":"https:\/\/cefi.es\/dias-intensos-en-regulacion-y-legislacion-en-farma-e-innovacion\/#primaryimage"},"thumbnailUrl":"https:\/\/cefi.es\/wp-contenido\/uploads\/2020\/12\/iStock-1169930368-1.jpg","articleSection":["Noticias Destacadas","Noticias de Inter\u00e9s","Sin categor\u00eda"],"inLanguage":"en-US"},{"@type":"WebPage","@id":"https:\/\/cefi.es\/dias-intensos-en-regulacion-y-legislacion-en-farma-e-innovacion\/","url":"https:\/\/cefi.es\/dias-intensos-en-regulacion-y-legislacion-en-farma-e-innovacion\/","name":"D\u00edas intensos en regulaci\u00f3n y legislaci\u00f3n en farma e innovaci\u00f3n - Centro de estudios para el fomento de la investigaci\u00f3n","isPartOf":{"@id":"https:\/\/cefi.es\/en\/#website"},"primaryImageOfPage":{"@id":"https:\/\/cefi.es\/dias-intensos-en-regulacion-y-legislacion-en-farma-e-innovacion\/#primaryimage"},"image":{"@id":"https:\/\/cefi.es\/dias-intensos-en-regulacion-y-legislacion-en-farma-e-innovacion\/#primaryimage"},"thumbnailUrl":"https:\/\/cefi.es\/wp-contenido\/uploads\/2020\/12\/iStock-1169930368-1.jpg","datePublished":"2020-12-03T15:54:20+00:00","dateModified":"2024-09-06T10:47:51+00:00","breadcrumb":{"@id":"https:\/\/cefi.es\/dias-intensos-en-regulacion-y-legislacion-en-farma-e-innovacion\/#breadcrumb"},"inLanguage":"en-US","potentialAction":[{"@type":"ReadAction","target":["https:\/\/cefi.es\/dias-intensos-en-regulacion-y-legislacion-en-farma-e-innovacion\/"]}]},{"@type":"ImageObject","inLanguage":"en-US","@id":"https:\/\/cefi.es\/dias-intensos-en-regulacion-y-legislacion-en-farma-e-innovacion\/#primaryimage","url":"https:\/\/cefi.es\/wp-contenido\/uploads\/2020\/12\/iStock-1169930368-1.jpg","contentUrl":"https:\/\/cefi.es\/wp-contenido\/uploads\/2020\/12\/iStock-1169930368-1.jpg","width":1732,"height":1732,"caption":"A Male and Female side silhouette profile overlaid with various semi-transparent Machine Gears shapes. Centre placed are white \u201crewind and 2 gear\u201d symbols."},{"@type":"BreadcrumbList","@id":"https:\/\/cefi.es\/dias-intensos-en-regulacion-y-legislacion-en-farma-e-innovacion\/#breadcrumb","itemListElement":[{"@type":"ListItem","position":1,"name":"Home","item":"https:\/\/cefi.es\/en\/"},{"@type":"ListItem","position":2,"name":"D\u00edas intensos en regulaci\u00f3n y legislaci\u00f3n en farma e innovaci\u00f3n"}]},{"@type":"WebSite","@id":"https:\/\/cefi.es\/en\/#website","url":"https:\/\/cefi.es\/en\/","name":"Centro de estudios para el fomento de la investigaci\u00f3n","description":"","publisher":{"@id":"https:\/\/cefi.es\/en\/#organization"},"potentialAction":[{"@type":"SearchAction","target":{"@type":"EntryPoint","urlTemplate":"https:\/\/cefi.es\/en\/?s={search_term_string}"},"query-input":{"@type":"PropertyValueSpecification","valueRequired":true,"valueName":"search_term_string"}}],"inLanguage":"en-US"},{"@type":"Organization","@id":"https:\/\/cefi.es\/en\/#organization","name":"Fundacion CeFi. Propiedad industrial e intelectual","url":"https:\/\/cefi.es\/en\/","logo":{"@type":"ImageObject","inLanguage":"en-US","@id":"https:\/\/cefi.es\/en\/#\/schema\/logo\/image\/","url":"https:\/\/cefi.es\/wp-contenido\/uploads\/2019\/12\/cropped-favicon-3.png","contentUrl":"https:\/\/cefi.es\/wp-contenido\/uploads\/2019\/12\/cropped-favicon-3.png","width":512,"height":512,"caption":"Fundacion CeFi. Propiedad industrial e intelectual"},"image":{"@id":"https:\/\/cefi.es\/en\/#\/schema\/logo\/image\/"}},{"@type":"Person","@id":"https:\/\/cefi.es\/en\/#\/schema\/person\/7f0c55a37796bb7af8bdb655ade37da7","name":"Administrador","image":{"@type":"ImageObject","inLanguage":"en-US","@id":"https:\/\/secure.gravatar.com\/avatar\/ca0778ec401a3f547a961e1de7e04c284c1c4dbcf95f7dc69f9bae782d89953c?s=96&d=mm&r=g","url":"https:\/\/secure.gravatar.com\/avatar\/ca0778ec401a3f547a961e1de7e04c284c1c4dbcf95f7dc69f9bae782d89953c?s=96&d=mm&r=g","contentUrl":"https:\/\/secure.gravatar.com\/avatar\/ca0778ec401a3f547a961e1de7e04c284c1c4dbcf95f7dc69f9bae782d89953c?s=96&d=mm&r=g","caption":"Administrador"},"url":"https:\/\/cefi.es\/en\/author\/admin\/"}]}},"_links":{"self":[{"href":"https:\/\/cefi.es\/en\/wp-json\/wp\/v2\/posts\/9484","targetHints":{"allow":["GET"]}}],"collection":[{"href":"https:\/\/cefi.es\/en\/wp-json\/wp\/v2\/posts"}],"about":[{"href":"https:\/\/cefi.es\/en\/wp-json\/wp\/v2\/types\/post"}],"author":[{"embeddable":true,"href":"https:\/\/cefi.es\/en\/wp-json\/wp\/v2\/users\/3"}],"replies":[{"embeddable":true,"href":"https:\/\/cefi.es\/en\/wp-json\/wp\/v2\/comments?post=9484"}],"version-history":[{"count":1,"href":"https:\/\/cefi.es\/en\/wp-json\/wp\/v2\/posts\/9484\/revisions"}],"predecessor-version":[{"id":9487,"href":"https:\/\/cefi.es\/en\/wp-json\/wp\/v2\/posts\/9484\/revisions\/9487"}],"wp:featuredmedia":[{"embeddable":true,"href":"https:\/\/cefi.es\/en\/wp-json\/wp\/v2\/media\/9485"}],"wp:attachment":[{"href":"https:\/\/cefi.es\/en\/wp-json\/wp\/v2\/media?parent=9484"}],"wp:term":[{"taxonomy":"category","embeddable":true,"href":"https:\/\/cefi.es\/en\/wp-json\/wp\/v2\/categories?post=9484"},{"taxonomy":"post_tag","embeddable":true,"href":"https:\/\/cefi.es\/en\/wp-json\/wp\/v2\/tags?post=9484"}],"curies":[{"name":"wp","href":"https:\/\/api.w.org\/{rel}","templated":true}]}}