{"id":9427,"date":"2020-11-16T18:21:13","date_gmt":"2020-11-16T17:21:13","guid":{"rendered":"https:\/\/cefi.es\/?p=9427"},"modified":"2024-09-06T11:47:51","modified_gmt":"2024-09-06T10:47:51","slug":"alineamiento-regulatorio-global-de-los-medicamentos-y-vacunas-contra-el-covid-19","status":"publish","type":"post","link":"https:\/\/cefi.es\/alineamiento-regulatorio-global-de-los-medicamentos-y-vacunas-contra-el-covid-19\/","title":{"rendered":"Alineamiento regulatorio global de los medicamentos y vacunas contra el COVID-19"},"content":{"rendered":"<p>Acci\u00f3n global en la lucha contra la pandemia COVID-19.<\/p>\n<p>Declaraci\u00f3n conjunta de la Coalici\u00f3n Internacional de Autoridades Reguladoras de Medicamentos (ICMRA en sus siglas en ingl\u00e9s) con la organizaci\u00f3n Mundial de la Salud (OMS) apoyada por la <a href=\"https:\/\/www.aemps.gob.es\/informa\/notasinformativas\/medicamentosusohumano-3\/2020-medicamentosusohumano-3\/la-aemps-apoya-la-declaracion-conjunta-icmra-oms-sobre-la-necesidad-de-un-alineamiento-regulatorio-global-de-los-medicamentos-y-vacunas-contra-la-covid-19\/\">Agencia Espa\u00f1ola de Medicamentos y Productos Sanitarios<\/a> (AEMPS) por medio de la cual las agencias reguladoras adoptan una serie de medidas para promover el alineamiento de los procesos reguladores en todos los pa\u00edses.<\/p>\n<p>Colaboraci\u00f3n global, pr\u00e1cticas reguladoras rigurosas basadas en evidencias cient\u00edficas y alineaci\u00f3n de los procesos reguladores en todos los pa\u00edses.<\/p>\n<p>Finalidad: garantizar que haya igualdad de condiciones en el acceso a las vacunas y medicamentos frente a la pandemia COVID-19, asegurar que sean seguros, eficaces y de calidad y que todos los pa\u00edses puedan beneficiarse de estos productos de manera equitativa, r\u00e1pida y al mismo tiempo.<\/p>\n<p>&nbsp;<\/p>\n<p>&nbsp;<\/p>\n","protected":false},"excerpt":{"rendered":"<p>Acci\u00f3n global en la lucha contra la pandemia COVID-19. Declaraci\u00f3n conjunta de la Coalici\u00f3n Internacional de Autoridades Reguladoras de Medicamentos (ICMRA en sus siglas en ingl\u00e9s) con la organizaci\u00f3n Mundial de la Salud (OMS) apoyada por la Agencia Espa\u00f1ola de Medicamentos y Productos Sanitarios (AEMPS) por medio de la cual las agencias reguladoras adoptan una [&hellip;]<\/p>\n","protected":false},"author":3,"featured_media":9435,"comment_status":"closed","ping_status":"closed","sticky":false,"template":"","format":"standard","meta":{"_acf_changed":false,"footnotes":""},"categories":[1,81,82],"tags":[],"class_list":["post-9427","post","type-post","status-publish","format-standard","has-post-thumbnail","hentry","category-sin-categoria","category-noticias-destacadas","category-noticias-de-interes"],"acf":[],"yoast_head":"<!-- This site is optimized with the Yoast SEO plugin v27.3 - https:\/\/yoast.com\/product\/yoast-seo-wordpress\/ -->\n<title>Alineamiento regulatorio global de los medicamentos y vacunas contra el COVID-19 - Centro de estudios para el fomento de la investigaci\u00f3n<\/title>\n<meta name=\"robots\" content=\"index, follow, max-snippet:-1, max-image-preview:large, max-video-preview:-1\" \/>\n<link rel=\"canonical\" href=\"https:\/\/cefi.es\/en\/alineamiento-regulatorio-global-de-los-medicamentos-y-vacunas-contra-el-covid-19\/\" \/>\n<meta property=\"og:locale\" content=\"en_US\" \/>\n<meta property=\"og:type\" content=\"article\" \/>\n<meta property=\"og:title\" content=\"Alineamiento regulatorio global de los medicamentos y vacunas contra el COVID-19 - Centro de estudios para el fomento de la investigaci\u00f3n\" \/>\n<meta property=\"og:description\" content=\"Acci\u00f3n global en la lucha contra la pandemia COVID-19. Declaraci\u00f3n conjunta de la Coalici\u00f3n Internacional de Autoridades Reguladoras de Medicamentos (ICMRA en sus siglas en ingl\u00e9s) con la organizaci\u00f3n Mundial de la Salud (OMS) apoyada por la Agencia Espa\u00f1ola de Medicamentos y Productos Sanitarios (AEMPS) por medio de la cual las agencias reguladoras adoptan una [&hellip;]\" \/>\n<meta property=\"og:url\" content=\"https:\/\/cefi.es\/alineamiento-regulatorio-global-de-los-medicamentos-y-vacunas-contra-el-covid-19\/\" \/>\n<meta property=\"og:site_name\" content=\"Centro de estudios para el fomento de la investigaci\u00f3n\" \/>\n<meta property=\"article:published_time\" content=\"2020-11-16T17:21:13+00:00\" \/>\n<meta property=\"article:modified_time\" content=\"2024-09-06T10:47:51+00:00\" \/>\n<meta property=\"og:image\" content=\"https:\/\/cefi.es\/wp-contenido\/uploads\/2020\/11\/Captura1.jpg\" \/>\n\t<meta property=\"og:image:width\" content=\"1151\" \/>\n\t<meta property=\"og:image:height\" content=\"375\" \/>\n\t<meta property=\"og:image:type\" content=\"image\/jpeg\" \/>\n<meta name=\"author\" content=\"Administrador\" \/>\n<meta name=\"twitter:card\" content=\"summary_large_image\" \/>\n<meta name=\"twitter:label1\" content=\"Written by\" \/>\n\t<meta name=\"twitter:data1\" content=\"Administrador\" \/>\n\t<meta name=\"twitter:label2\" content=\"Est. reading time\" \/>\n\t<meta name=\"twitter:data2\" content=\"1 minute\" \/>\n<script type=\"application\/ld+json\" class=\"yoast-schema-graph\">{\"@context\":\"https:\\\/\\\/schema.org\",\"@graph\":[{\"@type\":\"Article\",\"@id\":\"https:\\\/\\\/cefi.es\\\/alineamiento-regulatorio-global-de-los-medicamentos-y-vacunas-contra-el-covid-19\\\/#article\",\"isPartOf\":{\"@id\":\"https:\\\/\\\/cefi.es\\\/alineamiento-regulatorio-global-de-los-medicamentos-y-vacunas-contra-el-covid-19\\\/\"},\"author\":{\"name\":\"Administrador\",\"@id\":\"https:\\\/\\\/cefi.es\\\/en\\\/#\\\/schema\\\/person\\\/7f0c55a37796bb7af8bdb655ade37da7\"},\"headline\":\"Alineamiento regulatorio global de los medicamentos y vacunas contra el COVID-19\",\"datePublished\":\"2020-11-16T17:21:13+00:00\",\"dateModified\":\"2024-09-06T10:47:51+00:00\",\"mainEntityOfPage\":{\"@id\":\"https:\\\/\\\/cefi.es\\\/alineamiento-regulatorio-global-de-los-medicamentos-y-vacunas-contra-el-covid-19\\\/\"},\"wordCount\":162,\"publisher\":{\"@id\":\"https:\\\/\\\/cefi.es\\\/en\\\/#organization\"},\"image\":{\"@id\":\"https:\\\/\\\/cefi.es\\\/alineamiento-regulatorio-global-de-los-medicamentos-y-vacunas-contra-el-covid-19\\\/#primaryimage\"},\"thumbnailUrl\":\"https:\\\/\\\/cefi.es\\\/wp-contenido\\\/uploads\\\/2020\\\/11\\\/Captura1.jpg\",\"articleSection\":[\"Sin categor\u00eda\",\"Noticias Destacadas\",\"Noticias de Inter\u00e9s\"],\"inLanguage\":\"en-US\"},{\"@type\":\"WebPage\",\"@id\":\"https:\\\/\\\/cefi.es\\\/alineamiento-regulatorio-global-de-los-medicamentos-y-vacunas-contra-el-covid-19\\\/\",\"url\":\"https:\\\/\\\/cefi.es\\\/alineamiento-regulatorio-global-de-los-medicamentos-y-vacunas-contra-el-covid-19\\\/\",\"name\":\"Alineamiento regulatorio global de los medicamentos y vacunas contra el COVID-19 - Centro de estudios para el fomento de la investigaci\u00f3n\",\"isPartOf\":{\"@id\":\"https:\\\/\\\/cefi.es\\\/en\\\/#website\"},\"primaryImageOfPage\":{\"@id\":\"https:\\\/\\\/cefi.es\\\/alineamiento-regulatorio-global-de-los-medicamentos-y-vacunas-contra-el-covid-19\\\/#primaryimage\"},\"image\":{\"@id\":\"https:\\\/\\\/cefi.es\\\/alineamiento-regulatorio-global-de-los-medicamentos-y-vacunas-contra-el-covid-19\\\/#primaryimage\"},\"thumbnailUrl\":\"https:\\\/\\\/cefi.es\\\/wp-contenido\\\/uploads\\\/2020\\\/11\\\/Captura1.jpg\",\"datePublished\":\"2020-11-16T17:21:13+00:00\",\"dateModified\":\"2024-09-06T10:47:51+00:00\",\"breadcrumb\":{\"@id\":\"https:\\\/\\\/cefi.es\\\/alineamiento-regulatorio-global-de-los-medicamentos-y-vacunas-contra-el-covid-19\\\/#breadcrumb\"},\"inLanguage\":\"en-US\",\"potentialAction\":[{\"@type\":\"ReadAction\",\"target\":[\"https:\\\/\\\/cefi.es\\\/alineamiento-regulatorio-global-de-los-medicamentos-y-vacunas-contra-el-covid-19\\\/\"]}]},{\"@type\":\"ImageObject\",\"inLanguage\":\"en-US\",\"@id\":\"https:\\\/\\\/cefi.es\\\/alineamiento-regulatorio-global-de-los-medicamentos-y-vacunas-contra-el-covid-19\\\/#primaryimage\",\"url\":\"https:\\\/\\\/cefi.es\\\/wp-contenido\\\/uploads\\\/2020\\\/11\\\/Captura1.jpg\",\"contentUrl\":\"https:\\\/\\\/cefi.es\\\/wp-contenido\\\/uploads\\\/2020\\\/11\\\/Captura1.jpg\",\"width\":1151,\"height\":375},{\"@type\":\"BreadcrumbList\",\"@id\":\"https:\\\/\\\/cefi.es\\\/alineamiento-regulatorio-global-de-los-medicamentos-y-vacunas-contra-el-covid-19\\\/#breadcrumb\",\"itemListElement\":[{\"@type\":\"ListItem\",\"position\":1,\"name\":\"Home\",\"item\":\"https:\\\/\\\/cefi.es\\\/en\\\/\"},{\"@type\":\"ListItem\",\"position\":2,\"name\":\"Alineamiento regulatorio global de los medicamentos y vacunas contra el COVID-19\"}]},{\"@type\":\"WebSite\",\"@id\":\"https:\\\/\\\/cefi.es\\\/en\\\/#website\",\"url\":\"https:\\\/\\\/cefi.es\\\/en\\\/\",\"name\":\"Centro de estudios para el fomento de la investigaci\u00f3n\",\"description\":\"\",\"publisher\":{\"@id\":\"https:\\\/\\\/cefi.es\\\/en\\\/#organization\"},\"potentialAction\":[{\"@type\":\"SearchAction\",\"target\":{\"@type\":\"EntryPoint\",\"urlTemplate\":\"https:\\\/\\\/cefi.es\\\/en\\\/?s={search_term_string}\"},\"query-input\":{\"@type\":\"PropertyValueSpecification\",\"valueRequired\":true,\"valueName\":\"search_term_string\"}}],\"inLanguage\":\"en-US\"},{\"@type\":\"Organization\",\"@id\":\"https:\\\/\\\/cefi.es\\\/en\\\/#organization\",\"name\":\"Fundacion CeFi. Propiedad industrial e intelectual\",\"url\":\"https:\\\/\\\/cefi.es\\\/en\\\/\",\"logo\":{\"@type\":\"ImageObject\",\"inLanguage\":\"en-US\",\"@id\":\"https:\\\/\\\/cefi.es\\\/en\\\/#\\\/schema\\\/logo\\\/image\\\/\",\"url\":\"https:\\\/\\\/cefi.es\\\/wp-contenido\\\/uploads\\\/2019\\\/12\\\/cropped-favicon-3.png\",\"contentUrl\":\"https:\\\/\\\/cefi.es\\\/wp-contenido\\\/uploads\\\/2019\\\/12\\\/cropped-favicon-3.png\",\"width\":512,\"height\":512,\"caption\":\"Fundacion CeFi. Propiedad industrial e intelectual\"},\"image\":{\"@id\":\"https:\\\/\\\/cefi.es\\\/en\\\/#\\\/schema\\\/logo\\\/image\\\/\"}},{\"@type\":\"Person\",\"@id\":\"https:\\\/\\\/cefi.es\\\/en\\\/#\\\/schema\\\/person\\\/7f0c55a37796bb7af8bdb655ade37da7\",\"name\":\"Administrador\",\"image\":{\"@type\":\"ImageObject\",\"inLanguage\":\"en-US\",\"@id\":\"https:\\\/\\\/secure.gravatar.com\\\/avatar\\\/ca0778ec401a3f547a961e1de7e04c284c1c4dbcf95f7dc69f9bae782d89953c?s=96&d=mm&r=g\",\"url\":\"https:\\\/\\\/secure.gravatar.com\\\/avatar\\\/ca0778ec401a3f547a961e1de7e04c284c1c4dbcf95f7dc69f9bae782d89953c?s=96&d=mm&r=g\",\"contentUrl\":\"https:\\\/\\\/secure.gravatar.com\\\/avatar\\\/ca0778ec401a3f547a961e1de7e04c284c1c4dbcf95f7dc69f9bae782d89953c?s=96&d=mm&r=g\",\"caption\":\"Administrador\"},\"url\":\"https:\\\/\\\/cefi.es\\\/en\\\/author\\\/admin\\\/\"}]}<\/script>\n<!-- \/ Yoast SEO plugin. -->","yoast_head_json":{"title":"Alineamiento regulatorio global de los medicamentos y vacunas contra el COVID-19 - Centro de estudios para el fomento de la investigaci\u00f3n","robots":{"index":"index","follow":"follow","max-snippet":"max-snippet:-1","max-image-preview":"max-image-preview:large","max-video-preview":"max-video-preview:-1"},"canonical":"https:\/\/cefi.es\/en\/alineamiento-regulatorio-global-de-los-medicamentos-y-vacunas-contra-el-covid-19\/","og_locale":"en_US","og_type":"article","og_title":"Alineamiento regulatorio global de los medicamentos y vacunas contra el COVID-19 - Centro de estudios para el fomento de la investigaci\u00f3n","og_description":"Acci\u00f3n global en la lucha contra la pandemia COVID-19. Declaraci\u00f3n conjunta de la Coalici\u00f3n Internacional de Autoridades Reguladoras de Medicamentos (ICMRA en sus siglas en ingl\u00e9s) con la organizaci\u00f3n Mundial de la Salud (OMS) apoyada por la Agencia Espa\u00f1ola de Medicamentos y Productos Sanitarios (AEMPS) por medio de la cual las agencias reguladoras adoptan una [&hellip;]","og_url":"https:\/\/cefi.es\/alineamiento-regulatorio-global-de-los-medicamentos-y-vacunas-contra-el-covid-19\/","og_site_name":"Centro de estudios para el fomento de la investigaci\u00f3n","article_published_time":"2020-11-16T17:21:13+00:00","article_modified_time":"2024-09-06T10:47:51+00:00","og_image":[{"width":1151,"height":375,"url":"https:\/\/cefi.es\/wp-contenido\/uploads\/2020\/11\/Captura1.jpg","type":"image\/jpeg"}],"author":"Administrador","twitter_card":"summary_large_image","twitter_misc":{"Written by":"Administrador","Est. reading time":"1 minute"},"schema":{"@context":"https:\/\/schema.org","@graph":[{"@type":"Article","@id":"https:\/\/cefi.es\/alineamiento-regulatorio-global-de-los-medicamentos-y-vacunas-contra-el-covid-19\/#article","isPartOf":{"@id":"https:\/\/cefi.es\/alineamiento-regulatorio-global-de-los-medicamentos-y-vacunas-contra-el-covid-19\/"},"author":{"name":"Administrador","@id":"https:\/\/cefi.es\/en\/#\/schema\/person\/7f0c55a37796bb7af8bdb655ade37da7"},"headline":"Alineamiento regulatorio global de los medicamentos y vacunas contra el COVID-19","datePublished":"2020-11-16T17:21:13+00:00","dateModified":"2024-09-06T10:47:51+00:00","mainEntityOfPage":{"@id":"https:\/\/cefi.es\/alineamiento-regulatorio-global-de-los-medicamentos-y-vacunas-contra-el-covid-19\/"},"wordCount":162,"publisher":{"@id":"https:\/\/cefi.es\/en\/#organization"},"image":{"@id":"https:\/\/cefi.es\/alineamiento-regulatorio-global-de-los-medicamentos-y-vacunas-contra-el-covid-19\/#primaryimage"},"thumbnailUrl":"https:\/\/cefi.es\/wp-contenido\/uploads\/2020\/11\/Captura1.jpg","articleSection":["Sin categor\u00eda","Noticias Destacadas","Noticias de Inter\u00e9s"],"inLanguage":"en-US"},{"@type":"WebPage","@id":"https:\/\/cefi.es\/alineamiento-regulatorio-global-de-los-medicamentos-y-vacunas-contra-el-covid-19\/","url":"https:\/\/cefi.es\/alineamiento-regulatorio-global-de-los-medicamentos-y-vacunas-contra-el-covid-19\/","name":"Alineamiento regulatorio global de los medicamentos y vacunas contra el COVID-19 - Centro de estudios para el fomento de la investigaci\u00f3n","isPartOf":{"@id":"https:\/\/cefi.es\/en\/#website"},"primaryImageOfPage":{"@id":"https:\/\/cefi.es\/alineamiento-regulatorio-global-de-los-medicamentos-y-vacunas-contra-el-covid-19\/#primaryimage"},"image":{"@id":"https:\/\/cefi.es\/alineamiento-regulatorio-global-de-los-medicamentos-y-vacunas-contra-el-covid-19\/#primaryimage"},"thumbnailUrl":"https:\/\/cefi.es\/wp-contenido\/uploads\/2020\/11\/Captura1.jpg","datePublished":"2020-11-16T17:21:13+00:00","dateModified":"2024-09-06T10:47:51+00:00","breadcrumb":{"@id":"https:\/\/cefi.es\/alineamiento-regulatorio-global-de-los-medicamentos-y-vacunas-contra-el-covid-19\/#breadcrumb"},"inLanguage":"en-US","potentialAction":[{"@type":"ReadAction","target":["https:\/\/cefi.es\/alineamiento-regulatorio-global-de-los-medicamentos-y-vacunas-contra-el-covid-19\/"]}]},{"@type":"ImageObject","inLanguage":"en-US","@id":"https:\/\/cefi.es\/alineamiento-regulatorio-global-de-los-medicamentos-y-vacunas-contra-el-covid-19\/#primaryimage","url":"https:\/\/cefi.es\/wp-contenido\/uploads\/2020\/11\/Captura1.jpg","contentUrl":"https:\/\/cefi.es\/wp-contenido\/uploads\/2020\/11\/Captura1.jpg","width":1151,"height":375},{"@type":"BreadcrumbList","@id":"https:\/\/cefi.es\/alineamiento-regulatorio-global-de-los-medicamentos-y-vacunas-contra-el-covid-19\/#breadcrumb","itemListElement":[{"@type":"ListItem","position":1,"name":"Home","item":"https:\/\/cefi.es\/en\/"},{"@type":"ListItem","position":2,"name":"Alineamiento regulatorio global de los medicamentos y vacunas contra el COVID-19"}]},{"@type":"WebSite","@id":"https:\/\/cefi.es\/en\/#website","url":"https:\/\/cefi.es\/en\/","name":"Centro de estudios para el fomento de la investigaci\u00f3n","description":"","publisher":{"@id":"https:\/\/cefi.es\/en\/#organization"},"potentialAction":[{"@type":"SearchAction","target":{"@type":"EntryPoint","urlTemplate":"https:\/\/cefi.es\/en\/?s={search_term_string}"},"query-input":{"@type":"PropertyValueSpecification","valueRequired":true,"valueName":"search_term_string"}}],"inLanguage":"en-US"},{"@type":"Organization","@id":"https:\/\/cefi.es\/en\/#organization","name":"Fundacion CeFi. Propiedad industrial e intelectual","url":"https:\/\/cefi.es\/en\/","logo":{"@type":"ImageObject","inLanguage":"en-US","@id":"https:\/\/cefi.es\/en\/#\/schema\/logo\/image\/","url":"https:\/\/cefi.es\/wp-contenido\/uploads\/2019\/12\/cropped-favicon-3.png","contentUrl":"https:\/\/cefi.es\/wp-contenido\/uploads\/2019\/12\/cropped-favicon-3.png","width":512,"height":512,"caption":"Fundacion CeFi. Propiedad industrial e intelectual"},"image":{"@id":"https:\/\/cefi.es\/en\/#\/schema\/logo\/image\/"}},{"@type":"Person","@id":"https:\/\/cefi.es\/en\/#\/schema\/person\/7f0c55a37796bb7af8bdb655ade37da7","name":"Administrador","image":{"@type":"ImageObject","inLanguage":"en-US","@id":"https:\/\/secure.gravatar.com\/avatar\/ca0778ec401a3f547a961e1de7e04c284c1c4dbcf95f7dc69f9bae782d89953c?s=96&d=mm&r=g","url":"https:\/\/secure.gravatar.com\/avatar\/ca0778ec401a3f547a961e1de7e04c284c1c4dbcf95f7dc69f9bae782d89953c?s=96&d=mm&r=g","contentUrl":"https:\/\/secure.gravatar.com\/avatar\/ca0778ec401a3f547a961e1de7e04c284c1c4dbcf95f7dc69f9bae782d89953c?s=96&d=mm&r=g","caption":"Administrador"},"url":"https:\/\/cefi.es\/en\/author\/admin\/"}]}},"_links":{"self":[{"href":"https:\/\/cefi.es\/en\/wp-json\/wp\/v2\/posts\/9427","targetHints":{"allow":["GET"]}}],"collection":[{"href":"https:\/\/cefi.es\/en\/wp-json\/wp\/v2\/posts"}],"about":[{"href":"https:\/\/cefi.es\/en\/wp-json\/wp\/v2\/types\/post"}],"author":[{"embeddable":true,"href":"https:\/\/cefi.es\/en\/wp-json\/wp\/v2\/users\/3"}],"replies":[{"embeddable":true,"href":"https:\/\/cefi.es\/en\/wp-json\/wp\/v2\/comments?post=9427"}],"version-history":[{"count":1,"href":"https:\/\/cefi.es\/en\/wp-json\/wp\/v2\/posts\/9427\/revisions"}],"predecessor-version":[{"id":9432,"href":"https:\/\/cefi.es\/en\/wp-json\/wp\/v2\/posts\/9427\/revisions\/9432"}],"wp:featuredmedia":[{"embeddable":true,"href":"https:\/\/cefi.es\/en\/wp-json\/wp\/v2\/media\/9435"}],"wp:attachment":[{"href":"https:\/\/cefi.es\/en\/wp-json\/wp\/v2\/media?parent=9427"}],"wp:term":[{"taxonomy":"category","embeddable":true,"href":"https:\/\/cefi.es\/en\/wp-json\/wp\/v2\/categories?post=9427"},{"taxonomy":"post_tag","embeddable":true,"href":"https:\/\/cefi.es\/en\/wp-json\/wp\/v2\/tags?post=9427"}],"curies":[{"name":"wp","href":"https:\/\/api.w.org\/{rel}","templated":true}]}}