{"id":9376,"date":"2020-11-10T18:41:12","date_gmt":"2020-11-10T17:41:12","guid":{"rendered":"https:\/\/cefi.es\/?p=9376"},"modified":"2026-02-19T13:20:19","modified_gmt":"2026-02-19T12:20:19","slug":"analisis-de-expertos-en-materia-de-proteccion-de-datos","status":"publish","type":"post","link":"https:\/\/cefi.es\/analisis-de-expertos-en-materia-de-proteccion-de-datos\/","title":{"rendered":"An\u00e1lisis de expertos en materia de protecci\u00f3n de datos"},"content":{"rendered":"<p>Es un placer para CEFI contar en el pr\u00f3ximo n\u00famero de Comunicaciones con la opini\u00f3n experta de Jes\u00fas Rub\u00ed Navarrete, Adjunto a la Directora de la Agencia Espa\u00f1ola de Protecci\u00f3n de Datos y Rafael Garcia Gozalo, Vocal Asesor, Jefe \u00c1rea Internacional de la AEPD para analizar la Gu\u00eda sobre el uso de cookies a la vista del Reglamento General de Protecci\u00f3n de Datos destacando las principales novedades y la sentencia del TJUE sobre el escudo de privacidad \u201cPrivacy Shield\u201d.<\/p>\n<p>&nbsp;<\/p>\n<p>Dispondremos de este an\u00e1lisis en la Secci\u00f3n de Actualidad de la revista <a href=\"https:\/\/cefi.es\/categoria-producto\/publicaciones\/revista-comunicaciones\/\">Comunicaciones<\/a><\/p>\n<p>&nbsp;<\/p>\n<p>&nbsp;<\/p>\n","protected":false},"excerpt":{"rendered":"<p>Es un placer para CEFI contar en el pr\u00f3ximo n\u00famero de Comunicaciones con la opini\u00f3n experta de Jes\u00fas Rub\u00ed Navarrete, Adjunto a la Directora de la Agencia Espa\u00f1ola de Protecci\u00f3n de Datos y Rafael Garcia Gozalo, Vocal Asesor, Jefe \u00c1rea Internacional de la AEPD para analizar la Gu\u00eda sobre el uso de cookies a la [&hellip;]<\/p>\n","protected":false},"author":3,"featured_media":26503,"comment_status":"closed","ping_status":"closed","sticky":false,"template":"","format":"standard","meta":{"_acf_changed":false,"footnotes":""},"categories":[1,81,82],"tags":[],"class_list":["post-9376","post","type-post","status-publish","format-standard","has-post-thumbnail","hentry","category-sin-categoria","category-noticias-destacadas","category-noticias-de-interes"],"acf":[],"yoast_head":"<!-- This site is optimized with the Yoast SEO plugin v27.3 - https:\/\/yoast.com\/product\/yoast-seo-wordpress\/ -->\n<title>An\u00e1lisis de expertos en materia de protecci\u00f3n de datos - Centro de estudios para el fomento de la investigaci\u00f3n<\/title>\n<meta name=\"robots\" content=\"index, follow, max-snippet:-1, max-image-preview:large, max-video-preview:-1\" \/>\n<link rel=\"canonical\" href=\"https:\/\/cefi.es\/en\/analisis-de-expertos-en-materia-de-proteccion-de-datos\/\" \/>\n<meta property=\"og:locale\" content=\"en_US\" \/>\n<meta property=\"og:type\" content=\"article\" \/>\n<meta property=\"og:title\" content=\"An\u00e1lisis de expertos en materia de protecci\u00f3n de datos - Centro de estudios para el fomento de la investigaci\u00f3n\" \/>\n<meta property=\"og:description\" content=\"Es un placer para CEFI contar en el pr\u00f3ximo n\u00famero de Comunicaciones con la opini\u00f3n experta de Jes\u00fas Rub\u00ed Navarrete, Adjunto a la Directora de la Agencia Espa\u00f1ola de Protecci\u00f3n de Datos y Rafael Garcia Gozalo, Vocal Asesor, Jefe \u00c1rea Internacional de la AEPD para analizar la Gu\u00eda sobre el uso de cookies a la [&hellip;]\" \/>\n<meta property=\"og:url\" content=\"https:\/\/cefi.es\/analisis-de-expertos-en-materia-de-proteccion-de-datos\/\" \/>\n<meta property=\"og:site_name\" content=\"Centro de estudios para el fomento de la investigaci\u00f3n\" \/>\n<meta property=\"article:published_time\" content=\"2020-11-10T17:41:12+00:00\" \/>\n<meta property=\"article:modified_time\" content=\"2026-02-19T12:20:19+00:00\" \/>\n<meta property=\"og:image\" content=\"https:\/\/cefi.es\/wp-contenido\/uploads\/2020\/11\/Captura-de-pantalla-2026-02-19-a-las-13.19.38.png\" \/>\n\t<meta property=\"og:image:width\" content=\"815\" \/>\n\t<meta property=\"og:image:height\" content=\"1180\" \/>\n\t<meta property=\"og:image:type\" content=\"image\/png\" \/>\n<meta name=\"author\" content=\"Administrador\" \/>\n<meta name=\"twitter:card\" content=\"summary_large_image\" \/>\n<meta name=\"twitter:label1\" content=\"Written by\" \/>\n\t<meta name=\"twitter:data1\" content=\"Administrador\" \/>\n\t<meta name=\"twitter:label2\" content=\"Est. reading time\" \/>\n\t<meta name=\"twitter:data2\" content=\"1 minute\" \/>\n<script type=\"application\/ld+json\" class=\"yoast-schema-graph\">{\"@context\":\"https:\\\/\\\/schema.org\",\"@graph\":[{\"@type\":\"Article\",\"@id\":\"https:\\\/\\\/cefi.es\\\/analisis-de-expertos-en-materia-de-proteccion-de-datos\\\/#article\",\"isPartOf\":{\"@id\":\"https:\\\/\\\/cefi.es\\\/analisis-de-expertos-en-materia-de-proteccion-de-datos\\\/\"},\"author\":{\"name\":\"Administrador\",\"@id\":\"https:\\\/\\\/cefi.es\\\/en\\\/#\\\/schema\\\/person\\\/7f0c55a37796bb7af8bdb655ade37da7\"},\"headline\":\"An\u00e1lisis de expertos en materia de protecci\u00f3n de datos\",\"datePublished\":\"2020-11-10T17:41:12+00:00\",\"dateModified\":\"2026-02-19T12:20:19+00:00\",\"mainEntityOfPage\":{\"@id\":\"https:\\\/\\\/cefi.es\\\/analisis-de-expertos-en-materia-de-proteccion-de-datos\\\/\"},\"wordCount\":116,\"publisher\":{\"@id\":\"https:\\\/\\\/cefi.es\\\/en\\\/#organization\"},\"image\":{\"@id\":\"https:\\\/\\\/cefi.es\\\/analisis-de-expertos-en-materia-de-proteccion-de-datos\\\/#primaryimage\"},\"thumbnailUrl\":\"https:\\\/\\\/cefi.es\\\/wp-contenido\\\/uploads\\\/2020\\\/11\\\/Captura-de-pantalla-2026-02-19-a-las-13.19.38.png\",\"articleSection\":[\"Sin categor\u00eda\",\"Noticias Destacadas\",\"Noticias de Inter\u00e9s\"],\"inLanguage\":\"en-US\"},{\"@type\":\"WebPage\",\"@id\":\"https:\\\/\\\/cefi.es\\\/analisis-de-expertos-en-materia-de-proteccion-de-datos\\\/\",\"url\":\"https:\\\/\\\/cefi.es\\\/analisis-de-expertos-en-materia-de-proteccion-de-datos\\\/\",\"name\":\"An\u00e1lisis de expertos en materia de protecci\u00f3n de datos - Centro de estudios para el fomento de la investigaci\u00f3n\",\"isPartOf\":{\"@id\":\"https:\\\/\\\/cefi.es\\\/en\\\/#website\"},\"primaryImageOfPage\":{\"@id\":\"https:\\\/\\\/cefi.es\\\/analisis-de-expertos-en-materia-de-proteccion-de-datos\\\/#primaryimage\"},\"image\":{\"@id\":\"https:\\\/\\\/cefi.es\\\/analisis-de-expertos-en-materia-de-proteccion-de-datos\\\/#primaryimage\"},\"thumbnailUrl\":\"https:\\\/\\\/cefi.es\\\/wp-contenido\\\/uploads\\\/2020\\\/11\\\/Captura-de-pantalla-2026-02-19-a-las-13.19.38.png\",\"datePublished\":\"2020-11-10T17:41:12+00:00\",\"dateModified\":\"2026-02-19T12:20:19+00:00\",\"breadcrumb\":{\"@id\":\"https:\\\/\\\/cefi.es\\\/analisis-de-expertos-en-materia-de-proteccion-de-datos\\\/#breadcrumb\"},\"inLanguage\":\"en-US\",\"potentialAction\":[{\"@type\":\"ReadAction\",\"target\":[\"https:\\\/\\\/cefi.es\\\/analisis-de-expertos-en-materia-de-proteccion-de-datos\\\/\"]}]},{\"@type\":\"ImageObject\",\"inLanguage\":\"en-US\",\"@id\":\"https:\\\/\\\/cefi.es\\\/analisis-de-expertos-en-materia-de-proteccion-de-datos\\\/#primaryimage\",\"url\":\"https:\\\/\\\/cefi.es\\\/wp-contenido\\\/uploads\\\/2020\\\/11\\\/Captura-de-pantalla-2026-02-19-a-las-13.19.38.png\",\"contentUrl\":\"https:\\\/\\\/cefi.es\\\/wp-contenido\\\/uploads\\\/2020\\\/11\\\/Captura-de-pantalla-2026-02-19-a-las-13.19.38.png\",\"width\":815,\"height\":1180},{\"@type\":\"BreadcrumbList\",\"@id\":\"https:\\\/\\\/cefi.es\\\/analisis-de-expertos-en-materia-de-proteccion-de-datos\\\/#breadcrumb\",\"itemListElement\":[{\"@type\":\"ListItem\",\"position\":1,\"name\":\"Home\",\"item\":\"https:\\\/\\\/cefi.es\\\/en\\\/\"},{\"@type\":\"ListItem\",\"position\":2,\"name\":\"An\u00e1lisis de expertos en materia de protecci\u00f3n de datos\"}]},{\"@type\":\"WebSite\",\"@id\":\"https:\\\/\\\/cefi.es\\\/en\\\/#website\",\"url\":\"https:\\\/\\\/cefi.es\\\/en\\\/\",\"name\":\"Centro de estudios para el fomento de la investigaci\u00f3n\",\"description\":\"\",\"publisher\":{\"@id\":\"https:\\\/\\\/cefi.es\\\/en\\\/#organization\"},\"potentialAction\":[{\"@type\":\"SearchAction\",\"target\":{\"@type\":\"EntryPoint\",\"urlTemplate\":\"https:\\\/\\\/cefi.es\\\/en\\\/?s={search_term_string}\"},\"query-input\":{\"@type\":\"PropertyValueSpecification\",\"valueRequired\":true,\"valueName\":\"search_term_string\"}}],\"inLanguage\":\"en-US\"},{\"@type\":\"Organization\",\"@id\":\"https:\\\/\\\/cefi.es\\\/en\\\/#organization\",\"name\":\"Fundacion CeFi. Propiedad industrial e intelectual\",\"url\":\"https:\\\/\\\/cefi.es\\\/en\\\/\",\"logo\":{\"@type\":\"ImageObject\",\"inLanguage\":\"en-US\",\"@id\":\"https:\\\/\\\/cefi.es\\\/en\\\/#\\\/schema\\\/logo\\\/image\\\/\",\"url\":\"https:\\\/\\\/cefi.es\\\/wp-contenido\\\/uploads\\\/2019\\\/12\\\/cropped-favicon-3.png\",\"contentUrl\":\"https:\\\/\\\/cefi.es\\\/wp-contenido\\\/uploads\\\/2019\\\/12\\\/cropped-favicon-3.png\",\"width\":512,\"height\":512,\"caption\":\"Fundacion CeFi. Propiedad industrial e intelectual\"},\"image\":{\"@id\":\"https:\\\/\\\/cefi.es\\\/en\\\/#\\\/schema\\\/logo\\\/image\\\/\"}},{\"@type\":\"Person\",\"@id\":\"https:\\\/\\\/cefi.es\\\/en\\\/#\\\/schema\\\/person\\\/7f0c55a37796bb7af8bdb655ade37da7\",\"name\":\"Administrador\",\"image\":{\"@type\":\"ImageObject\",\"inLanguage\":\"en-US\",\"@id\":\"https:\\\/\\\/secure.gravatar.com\\\/avatar\\\/ca0778ec401a3f547a961e1de7e04c284c1c4dbcf95f7dc69f9bae782d89953c?s=96&d=mm&r=g\",\"url\":\"https:\\\/\\\/secure.gravatar.com\\\/avatar\\\/ca0778ec401a3f547a961e1de7e04c284c1c4dbcf95f7dc69f9bae782d89953c?s=96&d=mm&r=g\",\"contentUrl\":\"https:\\\/\\\/secure.gravatar.com\\\/avatar\\\/ca0778ec401a3f547a961e1de7e04c284c1c4dbcf95f7dc69f9bae782d89953c?s=96&d=mm&r=g\",\"caption\":\"Administrador\"},\"url\":\"https:\\\/\\\/cefi.es\\\/en\\\/author\\\/admin\\\/\"}]}<\/script>\n<!-- \/ Yoast SEO plugin. -->","yoast_head_json":{"title":"An\u00e1lisis de expertos en materia de protecci\u00f3n de datos - Centro de estudios para el fomento de la investigaci\u00f3n","robots":{"index":"index","follow":"follow","max-snippet":"max-snippet:-1","max-image-preview":"max-image-preview:large","max-video-preview":"max-video-preview:-1"},"canonical":"https:\/\/cefi.es\/en\/analisis-de-expertos-en-materia-de-proteccion-de-datos\/","og_locale":"en_US","og_type":"article","og_title":"An\u00e1lisis de expertos en materia de protecci\u00f3n de datos - Centro de estudios para el fomento de la investigaci\u00f3n","og_description":"Es un placer para CEFI contar en el pr\u00f3ximo n\u00famero de Comunicaciones con la opini\u00f3n experta de Jes\u00fas Rub\u00ed Navarrete, Adjunto a la Directora de la Agencia Espa\u00f1ola de Protecci\u00f3n de Datos y Rafael Garcia Gozalo, Vocal Asesor, Jefe \u00c1rea Internacional de la AEPD para analizar la Gu\u00eda sobre el uso de cookies a la [&hellip;]","og_url":"https:\/\/cefi.es\/analisis-de-expertos-en-materia-de-proteccion-de-datos\/","og_site_name":"Centro de estudios para el fomento de la investigaci\u00f3n","article_published_time":"2020-11-10T17:41:12+00:00","article_modified_time":"2026-02-19T12:20:19+00:00","og_image":[{"width":815,"height":1180,"url":"https:\/\/cefi.es\/wp-contenido\/uploads\/2020\/11\/Captura-de-pantalla-2026-02-19-a-las-13.19.38.png","type":"image\/png"}],"author":"Administrador","twitter_card":"summary_large_image","twitter_misc":{"Written by":"Administrador","Est. reading time":"1 minute"},"schema":{"@context":"https:\/\/schema.org","@graph":[{"@type":"Article","@id":"https:\/\/cefi.es\/analisis-de-expertos-en-materia-de-proteccion-de-datos\/#article","isPartOf":{"@id":"https:\/\/cefi.es\/analisis-de-expertos-en-materia-de-proteccion-de-datos\/"},"author":{"name":"Administrador","@id":"https:\/\/cefi.es\/en\/#\/schema\/person\/7f0c55a37796bb7af8bdb655ade37da7"},"headline":"An\u00e1lisis de expertos en materia de protecci\u00f3n de datos","datePublished":"2020-11-10T17:41:12+00:00","dateModified":"2026-02-19T12:20:19+00:00","mainEntityOfPage":{"@id":"https:\/\/cefi.es\/analisis-de-expertos-en-materia-de-proteccion-de-datos\/"},"wordCount":116,"publisher":{"@id":"https:\/\/cefi.es\/en\/#organization"},"image":{"@id":"https:\/\/cefi.es\/analisis-de-expertos-en-materia-de-proteccion-de-datos\/#primaryimage"},"thumbnailUrl":"https:\/\/cefi.es\/wp-contenido\/uploads\/2020\/11\/Captura-de-pantalla-2026-02-19-a-las-13.19.38.png","articleSection":["Sin categor\u00eda","Noticias Destacadas","Noticias de Inter\u00e9s"],"inLanguage":"en-US"},{"@type":"WebPage","@id":"https:\/\/cefi.es\/analisis-de-expertos-en-materia-de-proteccion-de-datos\/","url":"https:\/\/cefi.es\/analisis-de-expertos-en-materia-de-proteccion-de-datos\/","name":"An\u00e1lisis de expertos en materia de protecci\u00f3n de datos - Centro de estudios para el fomento de la investigaci\u00f3n","isPartOf":{"@id":"https:\/\/cefi.es\/en\/#website"},"primaryImageOfPage":{"@id":"https:\/\/cefi.es\/analisis-de-expertos-en-materia-de-proteccion-de-datos\/#primaryimage"},"image":{"@id":"https:\/\/cefi.es\/analisis-de-expertos-en-materia-de-proteccion-de-datos\/#primaryimage"},"thumbnailUrl":"https:\/\/cefi.es\/wp-contenido\/uploads\/2020\/11\/Captura-de-pantalla-2026-02-19-a-las-13.19.38.png","datePublished":"2020-11-10T17:41:12+00:00","dateModified":"2026-02-19T12:20:19+00:00","breadcrumb":{"@id":"https:\/\/cefi.es\/analisis-de-expertos-en-materia-de-proteccion-de-datos\/#breadcrumb"},"inLanguage":"en-US","potentialAction":[{"@type":"ReadAction","target":["https:\/\/cefi.es\/analisis-de-expertos-en-materia-de-proteccion-de-datos\/"]}]},{"@type":"ImageObject","inLanguage":"en-US","@id":"https:\/\/cefi.es\/analisis-de-expertos-en-materia-de-proteccion-de-datos\/#primaryimage","url":"https:\/\/cefi.es\/wp-contenido\/uploads\/2020\/11\/Captura-de-pantalla-2026-02-19-a-las-13.19.38.png","contentUrl":"https:\/\/cefi.es\/wp-contenido\/uploads\/2020\/11\/Captura-de-pantalla-2026-02-19-a-las-13.19.38.png","width":815,"height":1180},{"@type":"BreadcrumbList","@id":"https:\/\/cefi.es\/analisis-de-expertos-en-materia-de-proteccion-de-datos\/#breadcrumb","itemListElement":[{"@type":"ListItem","position":1,"name":"Home","item":"https:\/\/cefi.es\/en\/"},{"@type":"ListItem","position":2,"name":"An\u00e1lisis de expertos en materia de protecci\u00f3n de datos"}]},{"@type":"WebSite","@id":"https:\/\/cefi.es\/en\/#website","url":"https:\/\/cefi.es\/en\/","name":"Centro de estudios para el fomento de la investigaci\u00f3n","description":"","publisher":{"@id":"https:\/\/cefi.es\/en\/#organization"},"potentialAction":[{"@type":"SearchAction","target":{"@type":"EntryPoint","urlTemplate":"https:\/\/cefi.es\/en\/?s={search_term_string}"},"query-input":{"@type":"PropertyValueSpecification","valueRequired":true,"valueName":"search_term_string"}}],"inLanguage":"en-US"},{"@type":"Organization","@id":"https:\/\/cefi.es\/en\/#organization","name":"Fundacion CeFi. Propiedad industrial e intelectual","url":"https:\/\/cefi.es\/en\/","logo":{"@type":"ImageObject","inLanguage":"en-US","@id":"https:\/\/cefi.es\/en\/#\/schema\/logo\/image\/","url":"https:\/\/cefi.es\/wp-contenido\/uploads\/2019\/12\/cropped-favicon-3.png","contentUrl":"https:\/\/cefi.es\/wp-contenido\/uploads\/2019\/12\/cropped-favicon-3.png","width":512,"height":512,"caption":"Fundacion CeFi. Propiedad industrial e intelectual"},"image":{"@id":"https:\/\/cefi.es\/en\/#\/schema\/logo\/image\/"}},{"@type":"Person","@id":"https:\/\/cefi.es\/en\/#\/schema\/person\/7f0c55a37796bb7af8bdb655ade37da7","name":"Administrador","image":{"@type":"ImageObject","inLanguage":"en-US","@id":"https:\/\/secure.gravatar.com\/avatar\/ca0778ec401a3f547a961e1de7e04c284c1c4dbcf95f7dc69f9bae782d89953c?s=96&d=mm&r=g","url":"https:\/\/secure.gravatar.com\/avatar\/ca0778ec401a3f547a961e1de7e04c284c1c4dbcf95f7dc69f9bae782d89953c?s=96&d=mm&r=g","contentUrl":"https:\/\/secure.gravatar.com\/avatar\/ca0778ec401a3f547a961e1de7e04c284c1c4dbcf95f7dc69f9bae782d89953c?s=96&d=mm&r=g","caption":"Administrador"},"url":"https:\/\/cefi.es\/en\/author\/admin\/"}]}},"_links":{"self":[{"href":"https:\/\/cefi.es\/en\/wp-json\/wp\/v2\/posts\/9376","targetHints":{"allow":["GET"]}}],"collection":[{"href":"https:\/\/cefi.es\/en\/wp-json\/wp\/v2\/posts"}],"about":[{"href":"https:\/\/cefi.es\/en\/wp-json\/wp\/v2\/types\/post"}],"author":[{"embeddable":true,"href":"https:\/\/cefi.es\/en\/wp-json\/wp\/v2\/users\/3"}],"replies":[{"embeddable":true,"href":"https:\/\/cefi.es\/en\/wp-json\/wp\/v2\/comments?post=9376"}],"version-history":[{"count":1,"href":"https:\/\/cefi.es\/en\/wp-json\/wp\/v2\/posts\/9376\/revisions"}],"predecessor-version":[{"id":9379,"href":"https:\/\/cefi.es\/en\/wp-json\/wp\/v2\/posts\/9376\/revisions\/9379"}],"wp:featuredmedia":[{"embeddable":true,"href":"https:\/\/cefi.es\/en\/wp-json\/wp\/v2\/media\/26503"}],"wp:attachment":[{"href":"https:\/\/cefi.es\/en\/wp-json\/wp\/v2\/media?parent=9376"}],"wp:term":[{"taxonomy":"category","embeddable":true,"href":"https:\/\/cefi.es\/en\/wp-json\/wp\/v2\/categories?post=9376"},{"taxonomy":"post_tag","embeddable":true,"href":"https:\/\/cefi.es\/en\/wp-json\/wp\/v2\/tags?post=9376"}],"curies":[{"name":"wp","href":"https:\/\/api.w.org\/{rel}","templated":true}]}}