{"id":9367,"date":"2020-11-06T18:08:58","date_gmt":"2020-11-06T17:08:58","guid":{"rendered":"https:\/\/cefi.es\/?p=9367"},"modified":"2024-09-06T11:47:53","modified_gmt":"2024-09-06T10:47:53","slug":"la-mejora-en-el-acceso-de-la-innovacion-terapeutica","status":"publish","type":"post","link":"https:\/\/cefi.es\/la-mejora-en-el-acceso-de-la-innovacion-terapeutica\/","title":{"rendered":"La mejora en el acceso de la innovaci\u00f3n terap\u00e9utica"},"content":{"rendered":"<p>Natividad Calvente Cestafe, Directora de Innovaci\u00f3n, Formaci\u00f3n y Relaciones Institucionales en Consejo General de Colegios Farmac\u00e9uticos participa en el numero monogr\u00e1fico de la revista Cuadernos de Derecho Farmac\u00e9utico con un magn\u00edfico art\u00edculo sobre el acceso temprano a la innovaci\u00f3n terap\u00e9utica que es uno de los mayores retos a los que se enfrentan los sistemas sanitarios y la industria farmac\u00e9utica en estos \u00faltimos a\u00f1os.<\/p>\n<p>Con un enfoque multidisciplinar aborda la necesidad de abordar este reto por parte de los reguladores, de los financiadores, de la industria farmac\u00e9utica y, sobre todo, de los pacientes que necesitan que se mejoren los resultados en salud y se aumente la calidad del cuidado.<\/p>\n<p>Analiza las dificultades que se plantean en estos momentos para acceder a los medicamentos innovadores y revisa las iniciativas que hay actualmente en marcha para mejorarla.<\/p>\n<p><a href=\"https:\/\/cefi.es\/tienda\/publicaciones\/revista-cuadernos\/revista-cuadernos-no-74-julio-septiembre-2020\/\">Acceso\u00a0<\/a><\/p>\n","protected":false},"excerpt":{"rendered":"<p>Natividad Calvente Cestafe, Directora de Innovaci\u00f3n, Formaci\u00f3n y Relaciones Institucionales en Consejo General de Colegios Farmac\u00e9uticos participa en el numero monogr\u00e1fico de la revista Cuadernos de Derecho Farmac\u00e9utico con un magn\u00edfico art\u00edculo sobre el acceso temprano a la innovaci\u00f3n terap\u00e9utica que es uno de los mayores retos a los que se enfrentan los sistemas sanitarios [&hellip;]<\/p>\n","protected":false},"author":3,"featured_media":9368,"comment_status":"closed","ping_status":"closed","sticky":false,"template":"","format":"standard","meta":{"_acf_changed":false,"footnotes":""},"categories":[1,81,82],"tags":[],"class_list":["post-9367","post","type-post","status-publish","format-standard","has-post-thumbnail","hentry","category-sin-categoria","category-noticias-destacadas","category-noticias-de-interes"],"acf":[],"yoast_head":"<!-- This site is optimized with the Yoast SEO plugin v27.3 - https:\/\/yoast.com\/product\/yoast-seo-wordpress\/ -->\n<title>La mejora en el acceso de la innovaci\u00f3n terap\u00e9utica - Centro de estudios para el fomento de la investigaci\u00f3n<\/title>\n<meta name=\"robots\" content=\"index, follow, max-snippet:-1, max-image-preview:large, max-video-preview:-1\" \/>\n<link rel=\"canonical\" href=\"https:\/\/cefi.es\/en\/la-mejora-en-el-acceso-de-la-innovacion-terapeutica\/\" \/>\n<meta property=\"og:locale\" content=\"en_US\" \/>\n<meta property=\"og:type\" content=\"article\" \/>\n<meta property=\"og:title\" content=\"La mejora en el acceso de la innovaci\u00f3n terap\u00e9utica - Centro de estudios para el fomento de la investigaci\u00f3n\" \/>\n<meta property=\"og:description\" content=\"Natividad Calvente Cestafe, Directora de Innovaci\u00f3n, Formaci\u00f3n y Relaciones Institucionales en Consejo General de Colegios Farmac\u00e9uticos participa en el numero monogr\u00e1fico de la revista Cuadernos de Derecho Farmac\u00e9utico con un magn\u00edfico art\u00edculo sobre el acceso temprano a la innovaci\u00f3n terap\u00e9utica que es uno de los mayores retos a los que se enfrentan los sistemas sanitarios [&hellip;]\" \/>\n<meta property=\"og:url\" content=\"https:\/\/cefi.es\/la-mejora-en-el-acceso-de-la-innovacion-terapeutica\/\" \/>\n<meta property=\"og:site_name\" content=\"Centro de estudios para el fomento de la investigaci\u00f3n\" \/>\n<meta property=\"article:published_time\" content=\"2020-11-06T17:08:58+00:00\" \/>\n<meta property=\"article:modified_time\" content=\"2024-09-06T10:47:53+00:00\" \/>\n<meta property=\"og:image\" content=\"https:\/\/cefi.es\/wp-contenido\/uploads\/2020\/11\/NATIVIDAD-CALVENTE-CEDEF-74.jpg\" \/>\n\t<meta property=\"og:image:width\" content=\"1371\" \/>\n\t<meta property=\"og:image:height\" content=\"731\" \/>\n\t<meta property=\"og:image:type\" content=\"image\/jpeg\" \/>\n<meta name=\"author\" content=\"Administrador\" \/>\n<meta name=\"twitter:card\" content=\"summary_large_image\" \/>\n<meta name=\"twitter:label1\" content=\"Written by\" \/>\n\t<meta name=\"twitter:data1\" content=\"Administrador\" \/>\n\t<meta name=\"twitter:label2\" content=\"Est. reading time\" \/>\n\t<meta name=\"twitter:data2\" content=\"1 minute\" \/>\n<script type=\"application\/ld+json\" class=\"yoast-schema-graph\">{\"@context\":\"https:\\\/\\\/schema.org\",\"@graph\":[{\"@type\":\"Article\",\"@id\":\"https:\\\/\\\/cefi.es\\\/la-mejora-en-el-acceso-de-la-innovacion-terapeutica\\\/#article\",\"isPartOf\":{\"@id\":\"https:\\\/\\\/cefi.es\\\/la-mejora-en-el-acceso-de-la-innovacion-terapeutica\\\/\"},\"author\":{\"name\":\"Administrador\",\"@id\":\"https:\\\/\\\/cefi.es\\\/en\\\/#\\\/schema\\\/person\\\/7f0c55a37796bb7af8bdb655ade37da7\"},\"headline\":\"La mejora en el acceso de la innovaci\u00f3n terap\u00e9utica\",\"datePublished\":\"2020-11-06T17:08:58+00:00\",\"dateModified\":\"2024-09-06T10:47:53+00:00\",\"mainEntityOfPage\":{\"@id\":\"https:\\\/\\\/cefi.es\\\/la-mejora-en-el-acceso-de-la-innovacion-terapeutica\\\/\"},\"wordCount\":158,\"publisher\":{\"@id\":\"https:\\\/\\\/cefi.es\\\/en\\\/#organization\"},\"image\":{\"@id\":\"https:\\\/\\\/cefi.es\\\/la-mejora-en-el-acceso-de-la-innovacion-terapeutica\\\/#primaryimage\"},\"thumbnailUrl\":\"https:\\\/\\\/cefi.es\\\/wp-contenido\\\/uploads\\\/2020\\\/11\\\/NATIVIDAD-CALVENTE-CEDEF-74.jpg\",\"articleSection\":[\"Sin categor\u00eda\",\"Noticias Destacadas\",\"Noticias de Inter\u00e9s\"],\"inLanguage\":\"en-US\"},{\"@type\":\"WebPage\",\"@id\":\"https:\\\/\\\/cefi.es\\\/la-mejora-en-el-acceso-de-la-innovacion-terapeutica\\\/\",\"url\":\"https:\\\/\\\/cefi.es\\\/la-mejora-en-el-acceso-de-la-innovacion-terapeutica\\\/\",\"name\":\"La mejora en el acceso de la innovaci\u00f3n terap\u00e9utica - Centro de estudios para el fomento de la investigaci\u00f3n\",\"isPartOf\":{\"@id\":\"https:\\\/\\\/cefi.es\\\/en\\\/#website\"},\"primaryImageOfPage\":{\"@id\":\"https:\\\/\\\/cefi.es\\\/la-mejora-en-el-acceso-de-la-innovacion-terapeutica\\\/#primaryimage\"},\"image\":{\"@id\":\"https:\\\/\\\/cefi.es\\\/la-mejora-en-el-acceso-de-la-innovacion-terapeutica\\\/#primaryimage\"},\"thumbnailUrl\":\"https:\\\/\\\/cefi.es\\\/wp-contenido\\\/uploads\\\/2020\\\/11\\\/NATIVIDAD-CALVENTE-CEDEF-74.jpg\",\"datePublished\":\"2020-11-06T17:08:58+00:00\",\"dateModified\":\"2024-09-06T10:47:53+00:00\",\"breadcrumb\":{\"@id\":\"https:\\\/\\\/cefi.es\\\/la-mejora-en-el-acceso-de-la-innovacion-terapeutica\\\/#breadcrumb\"},\"inLanguage\":\"en-US\",\"potentialAction\":[{\"@type\":\"ReadAction\",\"target\":[\"https:\\\/\\\/cefi.es\\\/la-mejora-en-el-acceso-de-la-innovacion-terapeutica\\\/\"]}]},{\"@type\":\"ImageObject\",\"inLanguage\":\"en-US\",\"@id\":\"https:\\\/\\\/cefi.es\\\/la-mejora-en-el-acceso-de-la-innovacion-terapeutica\\\/#primaryimage\",\"url\":\"https:\\\/\\\/cefi.es\\\/wp-contenido\\\/uploads\\\/2020\\\/11\\\/NATIVIDAD-CALVENTE-CEDEF-74.jpg\",\"contentUrl\":\"https:\\\/\\\/cefi.es\\\/wp-contenido\\\/uploads\\\/2020\\\/11\\\/NATIVIDAD-CALVENTE-CEDEF-74.jpg\",\"width\":1371,\"height\":731},{\"@type\":\"BreadcrumbList\",\"@id\":\"https:\\\/\\\/cefi.es\\\/la-mejora-en-el-acceso-de-la-innovacion-terapeutica\\\/#breadcrumb\",\"itemListElement\":[{\"@type\":\"ListItem\",\"position\":1,\"name\":\"Home\",\"item\":\"https:\\\/\\\/cefi.es\\\/en\\\/\"},{\"@type\":\"ListItem\",\"position\":2,\"name\":\"La mejora en el acceso de la innovaci\u00f3n terap\u00e9utica\"}]},{\"@type\":\"WebSite\",\"@id\":\"https:\\\/\\\/cefi.es\\\/en\\\/#website\",\"url\":\"https:\\\/\\\/cefi.es\\\/en\\\/\",\"name\":\"Centro de estudios para el fomento de la investigaci\u00f3n\",\"description\":\"\",\"publisher\":{\"@id\":\"https:\\\/\\\/cefi.es\\\/en\\\/#organization\"},\"potentialAction\":[{\"@type\":\"SearchAction\",\"target\":{\"@type\":\"EntryPoint\",\"urlTemplate\":\"https:\\\/\\\/cefi.es\\\/en\\\/?s={search_term_string}\"},\"query-input\":{\"@type\":\"PropertyValueSpecification\",\"valueRequired\":true,\"valueName\":\"search_term_string\"}}],\"inLanguage\":\"en-US\"},{\"@type\":\"Organization\",\"@id\":\"https:\\\/\\\/cefi.es\\\/en\\\/#organization\",\"name\":\"Fundacion CeFi. Propiedad industrial e intelectual\",\"url\":\"https:\\\/\\\/cefi.es\\\/en\\\/\",\"logo\":{\"@type\":\"ImageObject\",\"inLanguage\":\"en-US\",\"@id\":\"https:\\\/\\\/cefi.es\\\/en\\\/#\\\/schema\\\/logo\\\/image\\\/\",\"url\":\"https:\\\/\\\/cefi.es\\\/wp-contenido\\\/uploads\\\/2019\\\/12\\\/cropped-favicon-3.png\",\"contentUrl\":\"https:\\\/\\\/cefi.es\\\/wp-contenido\\\/uploads\\\/2019\\\/12\\\/cropped-favicon-3.png\",\"width\":512,\"height\":512,\"caption\":\"Fundacion CeFi. Propiedad industrial e intelectual\"},\"image\":{\"@id\":\"https:\\\/\\\/cefi.es\\\/en\\\/#\\\/schema\\\/logo\\\/image\\\/\"}},{\"@type\":\"Person\",\"@id\":\"https:\\\/\\\/cefi.es\\\/en\\\/#\\\/schema\\\/person\\\/7f0c55a37796bb7af8bdb655ade37da7\",\"name\":\"Administrador\",\"image\":{\"@type\":\"ImageObject\",\"inLanguage\":\"en-US\",\"@id\":\"https:\\\/\\\/secure.gravatar.com\\\/avatar\\\/ca0778ec401a3f547a961e1de7e04c284c1c4dbcf95f7dc69f9bae782d89953c?s=96&d=mm&r=g\",\"url\":\"https:\\\/\\\/secure.gravatar.com\\\/avatar\\\/ca0778ec401a3f547a961e1de7e04c284c1c4dbcf95f7dc69f9bae782d89953c?s=96&d=mm&r=g\",\"contentUrl\":\"https:\\\/\\\/secure.gravatar.com\\\/avatar\\\/ca0778ec401a3f547a961e1de7e04c284c1c4dbcf95f7dc69f9bae782d89953c?s=96&d=mm&r=g\",\"caption\":\"Administrador\"},\"url\":\"https:\\\/\\\/cefi.es\\\/en\\\/author\\\/admin\\\/\"}]}<\/script>\n<!-- \/ Yoast SEO plugin. -->","yoast_head_json":{"title":"La mejora en el acceso de la innovaci\u00f3n terap\u00e9utica - Centro de estudios para el fomento de la investigaci\u00f3n","robots":{"index":"index","follow":"follow","max-snippet":"max-snippet:-1","max-image-preview":"max-image-preview:large","max-video-preview":"max-video-preview:-1"},"canonical":"https:\/\/cefi.es\/en\/la-mejora-en-el-acceso-de-la-innovacion-terapeutica\/","og_locale":"en_US","og_type":"article","og_title":"La mejora en el acceso de la innovaci\u00f3n terap\u00e9utica - Centro de estudios para el fomento de la investigaci\u00f3n","og_description":"Natividad Calvente Cestafe, Directora de Innovaci\u00f3n, Formaci\u00f3n y Relaciones Institucionales en Consejo General de Colegios Farmac\u00e9uticos participa en el numero monogr\u00e1fico de la revista Cuadernos de Derecho Farmac\u00e9utico con un magn\u00edfico art\u00edculo sobre el acceso temprano a la innovaci\u00f3n terap\u00e9utica que es uno de los mayores retos a los que se enfrentan los sistemas sanitarios [&hellip;]","og_url":"https:\/\/cefi.es\/la-mejora-en-el-acceso-de-la-innovacion-terapeutica\/","og_site_name":"Centro de estudios para el fomento de la investigaci\u00f3n","article_published_time":"2020-11-06T17:08:58+00:00","article_modified_time":"2024-09-06T10:47:53+00:00","og_image":[{"width":1371,"height":731,"url":"https:\/\/cefi.es\/wp-contenido\/uploads\/2020\/11\/NATIVIDAD-CALVENTE-CEDEF-74.jpg","type":"image\/jpeg"}],"author":"Administrador","twitter_card":"summary_large_image","twitter_misc":{"Written by":"Administrador","Est. reading time":"1 minute"},"schema":{"@context":"https:\/\/schema.org","@graph":[{"@type":"Article","@id":"https:\/\/cefi.es\/la-mejora-en-el-acceso-de-la-innovacion-terapeutica\/#article","isPartOf":{"@id":"https:\/\/cefi.es\/la-mejora-en-el-acceso-de-la-innovacion-terapeutica\/"},"author":{"name":"Administrador","@id":"https:\/\/cefi.es\/en\/#\/schema\/person\/7f0c55a37796bb7af8bdb655ade37da7"},"headline":"La mejora en el acceso de la innovaci\u00f3n terap\u00e9utica","datePublished":"2020-11-06T17:08:58+00:00","dateModified":"2024-09-06T10:47:53+00:00","mainEntityOfPage":{"@id":"https:\/\/cefi.es\/la-mejora-en-el-acceso-de-la-innovacion-terapeutica\/"},"wordCount":158,"publisher":{"@id":"https:\/\/cefi.es\/en\/#organization"},"image":{"@id":"https:\/\/cefi.es\/la-mejora-en-el-acceso-de-la-innovacion-terapeutica\/#primaryimage"},"thumbnailUrl":"https:\/\/cefi.es\/wp-contenido\/uploads\/2020\/11\/NATIVIDAD-CALVENTE-CEDEF-74.jpg","articleSection":["Sin categor\u00eda","Noticias Destacadas","Noticias de Inter\u00e9s"],"inLanguage":"en-US"},{"@type":"WebPage","@id":"https:\/\/cefi.es\/la-mejora-en-el-acceso-de-la-innovacion-terapeutica\/","url":"https:\/\/cefi.es\/la-mejora-en-el-acceso-de-la-innovacion-terapeutica\/","name":"La mejora en el acceso de la innovaci\u00f3n terap\u00e9utica - Centro de estudios para el fomento de la investigaci\u00f3n","isPartOf":{"@id":"https:\/\/cefi.es\/en\/#website"},"primaryImageOfPage":{"@id":"https:\/\/cefi.es\/la-mejora-en-el-acceso-de-la-innovacion-terapeutica\/#primaryimage"},"image":{"@id":"https:\/\/cefi.es\/la-mejora-en-el-acceso-de-la-innovacion-terapeutica\/#primaryimage"},"thumbnailUrl":"https:\/\/cefi.es\/wp-contenido\/uploads\/2020\/11\/NATIVIDAD-CALVENTE-CEDEF-74.jpg","datePublished":"2020-11-06T17:08:58+00:00","dateModified":"2024-09-06T10:47:53+00:00","breadcrumb":{"@id":"https:\/\/cefi.es\/la-mejora-en-el-acceso-de-la-innovacion-terapeutica\/#breadcrumb"},"inLanguage":"en-US","potentialAction":[{"@type":"ReadAction","target":["https:\/\/cefi.es\/la-mejora-en-el-acceso-de-la-innovacion-terapeutica\/"]}]},{"@type":"ImageObject","inLanguage":"en-US","@id":"https:\/\/cefi.es\/la-mejora-en-el-acceso-de-la-innovacion-terapeutica\/#primaryimage","url":"https:\/\/cefi.es\/wp-contenido\/uploads\/2020\/11\/NATIVIDAD-CALVENTE-CEDEF-74.jpg","contentUrl":"https:\/\/cefi.es\/wp-contenido\/uploads\/2020\/11\/NATIVIDAD-CALVENTE-CEDEF-74.jpg","width":1371,"height":731},{"@type":"BreadcrumbList","@id":"https:\/\/cefi.es\/la-mejora-en-el-acceso-de-la-innovacion-terapeutica\/#breadcrumb","itemListElement":[{"@type":"ListItem","position":1,"name":"Home","item":"https:\/\/cefi.es\/en\/"},{"@type":"ListItem","position":2,"name":"La mejora en el acceso de la innovaci\u00f3n terap\u00e9utica"}]},{"@type":"WebSite","@id":"https:\/\/cefi.es\/en\/#website","url":"https:\/\/cefi.es\/en\/","name":"Centro de estudios para el fomento de la investigaci\u00f3n","description":"","publisher":{"@id":"https:\/\/cefi.es\/en\/#organization"},"potentialAction":[{"@type":"SearchAction","target":{"@type":"EntryPoint","urlTemplate":"https:\/\/cefi.es\/en\/?s={search_term_string}"},"query-input":{"@type":"PropertyValueSpecification","valueRequired":true,"valueName":"search_term_string"}}],"inLanguage":"en-US"},{"@type":"Organization","@id":"https:\/\/cefi.es\/en\/#organization","name":"Fundacion CeFi. Propiedad industrial e intelectual","url":"https:\/\/cefi.es\/en\/","logo":{"@type":"ImageObject","inLanguage":"en-US","@id":"https:\/\/cefi.es\/en\/#\/schema\/logo\/image\/","url":"https:\/\/cefi.es\/wp-contenido\/uploads\/2019\/12\/cropped-favicon-3.png","contentUrl":"https:\/\/cefi.es\/wp-contenido\/uploads\/2019\/12\/cropped-favicon-3.png","width":512,"height":512,"caption":"Fundacion CeFi. Propiedad industrial e intelectual"},"image":{"@id":"https:\/\/cefi.es\/en\/#\/schema\/logo\/image\/"}},{"@type":"Person","@id":"https:\/\/cefi.es\/en\/#\/schema\/person\/7f0c55a37796bb7af8bdb655ade37da7","name":"Administrador","image":{"@type":"ImageObject","inLanguage":"en-US","@id":"https:\/\/secure.gravatar.com\/avatar\/ca0778ec401a3f547a961e1de7e04c284c1c4dbcf95f7dc69f9bae782d89953c?s=96&d=mm&r=g","url":"https:\/\/secure.gravatar.com\/avatar\/ca0778ec401a3f547a961e1de7e04c284c1c4dbcf95f7dc69f9bae782d89953c?s=96&d=mm&r=g","contentUrl":"https:\/\/secure.gravatar.com\/avatar\/ca0778ec401a3f547a961e1de7e04c284c1c4dbcf95f7dc69f9bae782d89953c?s=96&d=mm&r=g","caption":"Administrador"},"url":"https:\/\/cefi.es\/en\/author\/admin\/"}]}},"_links":{"self":[{"href":"https:\/\/cefi.es\/en\/wp-json\/wp\/v2\/posts\/9367","targetHints":{"allow":["GET"]}}],"collection":[{"href":"https:\/\/cefi.es\/en\/wp-json\/wp\/v2\/posts"}],"about":[{"href":"https:\/\/cefi.es\/en\/wp-json\/wp\/v2\/types\/post"}],"author":[{"embeddable":true,"href":"https:\/\/cefi.es\/en\/wp-json\/wp\/v2\/users\/3"}],"replies":[{"embeddable":true,"href":"https:\/\/cefi.es\/en\/wp-json\/wp\/v2\/comments?post=9367"}],"version-history":[{"count":1,"href":"https:\/\/cefi.es\/en\/wp-json\/wp\/v2\/posts\/9367\/revisions"}],"predecessor-version":[{"id":9370,"href":"https:\/\/cefi.es\/en\/wp-json\/wp\/v2\/posts\/9367\/revisions\/9370"}],"wp:featuredmedia":[{"embeddable":true,"href":"https:\/\/cefi.es\/en\/wp-json\/wp\/v2\/media\/9368"}],"wp:attachment":[{"href":"https:\/\/cefi.es\/en\/wp-json\/wp\/v2\/media?parent=9367"}],"wp:term":[{"taxonomy":"category","embeddable":true,"href":"https:\/\/cefi.es\/en\/wp-json\/wp\/v2\/categories?post=9367"},{"taxonomy":"post_tag","embeddable":true,"href":"https:\/\/cefi.es\/en\/wp-json\/wp\/v2\/tags?post=9367"}],"curies":[{"name":"wp","href":"https:\/\/api.w.org\/{rel}","templated":true}]}}