{"id":9024,"date":"2020-07-23T16:32:04","date_gmt":"2020-07-23T15:32:04","guid":{"rendered":"https:\/\/cefi.es\/?p=9024"},"modified":"2024-09-06T11:47:54","modified_gmt":"2024-09-06T10:47:54","slug":"next-generation-ue-el-programa-de-recuperacion-europea","status":"publish","type":"post","link":"https:\/\/cefi.es\/next-generation-ue-el-programa-de-recuperacion-europea\/","title":{"rendered":"&#8220;Next Generation UE&#8221;, el Programa de recuperaci\u00f3n europea"},"content":{"rendered":"<p>El <a href=\"https:\/\/www.consilium.europa.eu\/en\/press\/press-releases\/2020\/07\/21\/european-council-conclusions-17-21-july-2020\/\">Consejo Europeo<\/a> ha llegado a un acuerdo hist\u00f3rico para la reconstrucci\u00f3n de la econom\u00eda europea tras la pandemia COVID-19 con una dotaci\u00f3n de 750.000 millones de euros: 390.000 millones en ayudas directas y 360.000 en pr\u00e9stamos. Espa\u00f1a obtendr\u00e1 140.000 millones.<\/p>\n<p>Debemos celebrar que tenemos acuerdo presupuestario y fondos para impulsar la recuperaci\u00f3n y que la UE es capaz de encontrar soluciones a problemas comunes.<\/p>\n<p>Pero lamentamos que, en paralelo, se produzcan fuertes recortes en los fondos destinados a I+D que bajan de 13.500 a 5.000 millones. El programa Horizon UE que financia proyectos de investigaci\u00f3n e innovaci\u00f3n se queda con una dotaci\u00f3n de apenas 5.000 millones.<\/p>\n<p>Una pena que no se apueste por la innovaci\u00f3n cuya importancia, m\u00e1s si cabe, queda patente en la actual crisis sanitaria del coronavirus, inmersos como estamos en la carrera por la vacuna del COVID-19.<\/p>\n<p>Confiamos en que en el marco de la pol\u00edtica farmac\u00e9utica europea, Incentive Review, se fomente y reactive una pol\u00edtica industrial de apoyo a la innovaci\u00f3n y el conocimiento que reconozca su valor en el \u00e1mbito sanitario, industrial, laboral y econ\u00f3mico.<\/p>\n<p>&nbsp;<\/p>\n","protected":false},"excerpt":{"rendered":"<p>El Consejo Europeo ha llegado a un acuerdo hist\u00f3rico para la reconstrucci\u00f3n de la econom\u00eda europea tras la pandemia COVID-19 con una dotaci\u00f3n de 750.000 millones de euros: 390.000 millones en ayudas directas y 360.000 en pr\u00e9stamos. Espa\u00f1a obtendr\u00e1 140.000 millones. Debemos celebrar que tenemos acuerdo presupuestario y fondos para impulsar la recuperaci\u00f3n y que [&hellip;]<\/p>\n","protected":false},"author":3,"featured_media":9025,"comment_status":"closed","ping_status":"closed","sticky":false,"template":"","format":"standard","meta":{"_acf_changed":false,"footnotes":""},"categories":[1,81,82],"tags":[],"class_list":["post-9024","post","type-post","status-publish","format-standard","has-post-thumbnail","hentry","category-sin-categoria","category-noticias-destacadas","category-noticias-de-interes"],"acf":[],"yoast_head":"<!-- This site is optimized with the Yoast SEO plugin v27.3 - https:\/\/yoast.com\/product\/yoast-seo-wordpress\/ -->\n<title>&quot;Next Generation UE&quot;, el Programa de recuperaci\u00f3n europea - Centro de estudios para el fomento de la investigaci\u00f3n<\/title>\n<meta name=\"robots\" content=\"index, follow, max-snippet:-1, max-image-preview:large, max-video-preview:-1\" \/>\n<link rel=\"canonical\" href=\"https:\/\/cefi.es\/en\/next-generation-ue-el-programa-de-recuperacion-europea\/\" \/>\n<meta property=\"og:locale\" content=\"en_US\" \/>\n<meta property=\"og:type\" content=\"article\" \/>\n<meta property=\"og:title\" content=\"&quot;Next Generation UE&quot;, el Programa de recuperaci\u00f3n europea - Centro de estudios para el fomento de la investigaci\u00f3n\" \/>\n<meta property=\"og:description\" content=\"El Consejo Europeo ha llegado a un acuerdo hist\u00f3rico para la reconstrucci\u00f3n de la econom\u00eda europea tras la pandemia COVID-19 con una dotaci\u00f3n de 750.000 millones de euros: 390.000 millones en ayudas directas y 360.000 en pr\u00e9stamos. Espa\u00f1a obtendr\u00e1 140.000 millones. Debemos celebrar que tenemos acuerdo presupuestario y fondos para impulsar la recuperaci\u00f3n y que [&hellip;]\" \/>\n<meta property=\"og:url\" content=\"https:\/\/cefi.es\/next-generation-ue-el-programa-de-recuperacion-europea\/\" \/>\n<meta property=\"og:site_name\" content=\"Centro de estudios para el fomento de la investigaci\u00f3n\" \/>\n<meta property=\"article:published_time\" content=\"2020-07-23T15:32:04+00:00\" \/>\n<meta property=\"article:modified_time\" content=\"2024-09-06T10:47:54+00:00\" \/>\n<meta property=\"og:image\" content=\"https:\/\/cefi.es\/wp-contenido\/uploads\/2020\/07\/iStock-1215166445-1.jpg\" \/>\n\t<meta property=\"og:image:width\" content=\"1154\" \/>\n\t<meta property=\"og:image:height\" content=\"649\" \/>\n\t<meta property=\"og:image:type\" content=\"image\/jpeg\" \/>\n<meta name=\"author\" content=\"Administrador\" \/>\n<meta name=\"twitter:card\" content=\"summary_large_image\" \/>\n<meta name=\"twitter:label1\" content=\"Written by\" \/>\n\t<meta name=\"twitter:data1\" content=\"Administrador\" \/>\n\t<meta name=\"twitter:label2\" content=\"Est. reading time\" \/>\n\t<meta name=\"twitter:data2\" content=\"1 minute\" \/>\n<script type=\"application\/ld+json\" class=\"yoast-schema-graph\">{\"@context\":\"https:\\\/\\\/schema.org\",\"@graph\":[{\"@type\":\"Article\",\"@id\":\"https:\\\/\\\/cefi.es\\\/next-generation-ue-el-programa-de-recuperacion-europea\\\/#article\",\"isPartOf\":{\"@id\":\"https:\\\/\\\/cefi.es\\\/next-generation-ue-el-programa-de-recuperacion-europea\\\/\"},\"author\":{\"name\":\"Administrador\",\"@id\":\"https:\\\/\\\/cefi.es\\\/en\\\/#\\\/schema\\\/person\\\/7f0c55a37796bb7af8bdb655ade37da7\"},\"headline\":\"&#8220;Next Generation UE&#8221;, el Programa de recuperaci\u00f3n europea\",\"datePublished\":\"2020-07-23T15:32:04+00:00\",\"dateModified\":\"2024-09-06T10:47:54+00:00\",\"mainEntityOfPage\":{\"@id\":\"https:\\\/\\\/cefi.es\\\/next-generation-ue-el-programa-de-recuperacion-europea\\\/\"},\"wordCount\":202,\"publisher\":{\"@id\":\"https:\\\/\\\/cefi.es\\\/en\\\/#organization\"},\"image\":{\"@id\":\"https:\\\/\\\/cefi.es\\\/next-generation-ue-el-programa-de-recuperacion-europea\\\/#primaryimage\"},\"thumbnailUrl\":\"https:\\\/\\\/cefi.es\\\/wp-contenido\\\/uploads\\\/2020\\\/07\\\/iStock-1215166445-1.jpg\",\"articleSection\":[\"Sin categor\u00eda\",\"Noticias Destacadas\",\"Noticias de Inter\u00e9s\"],\"inLanguage\":\"en-US\"},{\"@type\":\"WebPage\",\"@id\":\"https:\\\/\\\/cefi.es\\\/next-generation-ue-el-programa-de-recuperacion-europea\\\/\",\"url\":\"https:\\\/\\\/cefi.es\\\/next-generation-ue-el-programa-de-recuperacion-europea\\\/\",\"name\":\"\\\"Next Generation UE\\\", el Programa de recuperaci\u00f3n europea - Centro de estudios para el fomento de la investigaci\u00f3n\",\"isPartOf\":{\"@id\":\"https:\\\/\\\/cefi.es\\\/en\\\/#website\"},\"primaryImageOfPage\":{\"@id\":\"https:\\\/\\\/cefi.es\\\/next-generation-ue-el-programa-de-recuperacion-europea\\\/#primaryimage\"},\"image\":{\"@id\":\"https:\\\/\\\/cefi.es\\\/next-generation-ue-el-programa-de-recuperacion-europea\\\/#primaryimage\"},\"thumbnailUrl\":\"https:\\\/\\\/cefi.es\\\/wp-contenido\\\/uploads\\\/2020\\\/07\\\/iStock-1215166445-1.jpg\",\"datePublished\":\"2020-07-23T15:32:04+00:00\",\"dateModified\":\"2024-09-06T10:47:54+00:00\",\"breadcrumb\":{\"@id\":\"https:\\\/\\\/cefi.es\\\/next-generation-ue-el-programa-de-recuperacion-europea\\\/#breadcrumb\"},\"inLanguage\":\"en-US\",\"potentialAction\":[{\"@type\":\"ReadAction\",\"target\":[\"https:\\\/\\\/cefi.es\\\/next-generation-ue-el-programa-de-recuperacion-europea\\\/\"]}]},{\"@type\":\"ImageObject\",\"inLanguage\":\"en-US\",\"@id\":\"https:\\\/\\\/cefi.es\\\/next-generation-ue-el-programa-de-recuperacion-europea\\\/#primaryimage\",\"url\":\"https:\\\/\\\/cefi.es\\\/wp-contenido\\\/uploads\\\/2020\\\/07\\\/iStock-1215166445-1.jpg\",\"contentUrl\":\"https:\\\/\\\/cefi.es\\\/wp-contenido\\\/uploads\\\/2020\\\/07\\\/iStock-1215166445-1.jpg\",\"width\":1154,\"height\":649,\"caption\":\"Economic impact. CoronaVirus Alert - 3d rendering\"},{\"@type\":\"BreadcrumbList\",\"@id\":\"https:\\\/\\\/cefi.es\\\/next-generation-ue-el-programa-de-recuperacion-europea\\\/#breadcrumb\",\"itemListElement\":[{\"@type\":\"ListItem\",\"position\":1,\"name\":\"Home\",\"item\":\"https:\\\/\\\/cefi.es\\\/en\\\/\"},{\"@type\":\"ListItem\",\"position\":2,\"name\":\"\u00abNext Generation UE\u00bb, el Programa de recuperaci\u00f3n europea\"}]},{\"@type\":\"WebSite\",\"@id\":\"https:\\\/\\\/cefi.es\\\/en\\\/#website\",\"url\":\"https:\\\/\\\/cefi.es\\\/en\\\/\",\"name\":\"Centro de estudios para el fomento de la investigaci\u00f3n\",\"description\":\"\",\"publisher\":{\"@id\":\"https:\\\/\\\/cefi.es\\\/en\\\/#organization\"},\"potentialAction\":[{\"@type\":\"SearchAction\",\"target\":{\"@type\":\"EntryPoint\",\"urlTemplate\":\"https:\\\/\\\/cefi.es\\\/en\\\/?s={search_term_string}\"},\"query-input\":{\"@type\":\"PropertyValueSpecification\",\"valueRequired\":true,\"valueName\":\"search_term_string\"}}],\"inLanguage\":\"en-US\"},{\"@type\":\"Organization\",\"@id\":\"https:\\\/\\\/cefi.es\\\/en\\\/#organization\",\"name\":\"Fundacion CeFi. Propiedad industrial e intelectual\",\"url\":\"https:\\\/\\\/cefi.es\\\/en\\\/\",\"logo\":{\"@type\":\"ImageObject\",\"inLanguage\":\"en-US\",\"@id\":\"https:\\\/\\\/cefi.es\\\/en\\\/#\\\/schema\\\/logo\\\/image\\\/\",\"url\":\"https:\\\/\\\/cefi.es\\\/wp-contenido\\\/uploads\\\/2019\\\/12\\\/cropped-favicon-3.png\",\"contentUrl\":\"https:\\\/\\\/cefi.es\\\/wp-contenido\\\/uploads\\\/2019\\\/12\\\/cropped-favicon-3.png\",\"width\":512,\"height\":512,\"caption\":\"Fundacion CeFi. Propiedad industrial e intelectual\"},\"image\":{\"@id\":\"https:\\\/\\\/cefi.es\\\/en\\\/#\\\/schema\\\/logo\\\/image\\\/\"}},{\"@type\":\"Person\",\"@id\":\"https:\\\/\\\/cefi.es\\\/en\\\/#\\\/schema\\\/person\\\/7f0c55a37796bb7af8bdb655ade37da7\",\"name\":\"Administrador\",\"image\":{\"@type\":\"ImageObject\",\"inLanguage\":\"en-US\",\"@id\":\"https:\\\/\\\/secure.gravatar.com\\\/avatar\\\/ca0778ec401a3f547a961e1de7e04c284c1c4dbcf95f7dc69f9bae782d89953c?s=96&d=mm&r=g\",\"url\":\"https:\\\/\\\/secure.gravatar.com\\\/avatar\\\/ca0778ec401a3f547a961e1de7e04c284c1c4dbcf95f7dc69f9bae782d89953c?s=96&d=mm&r=g\",\"contentUrl\":\"https:\\\/\\\/secure.gravatar.com\\\/avatar\\\/ca0778ec401a3f547a961e1de7e04c284c1c4dbcf95f7dc69f9bae782d89953c?s=96&d=mm&r=g\",\"caption\":\"Administrador\"},\"url\":\"https:\\\/\\\/cefi.es\\\/en\\\/author\\\/admin\\\/\"}]}<\/script>\n<!-- \/ Yoast SEO plugin. -->","yoast_head_json":{"title":"\"Next Generation UE\", el Programa de recuperaci\u00f3n europea - Centro de estudios para el fomento de la investigaci\u00f3n","robots":{"index":"index","follow":"follow","max-snippet":"max-snippet:-1","max-image-preview":"max-image-preview:large","max-video-preview":"max-video-preview:-1"},"canonical":"https:\/\/cefi.es\/en\/next-generation-ue-el-programa-de-recuperacion-europea\/","og_locale":"en_US","og_type":"article","og_title":"\"Next Generation UE\", el Programa de recuperaci\u00f3n europea - Centro de estudios para el fomento de la investigaci\u00f3n","og_description":"El Consejo Europeo ha llegado a un acuerdo hist\u00f3rico para la reconstrucci\u00f3n de la econom\u00eda europea tras la pandemia COVID-19 con una dotaci\u00f3n de 750.000 millones de euros: 390.000 millones en ayudas directas y 360.000 en pr\u00e9stamos. Espa\u00f1a obtendr\u00e1 140.000 millones. Debemos celebrar que tenemos acuerdo presupuestario y fondos para impulsar la recuperaci\u00f3n y que [&hellip;]","og_url":"https:\/\/cefi.es\/next-generation-ue-el-programa-de-recuperacion-europea\/","og_site_name":"Centro de estudios para el fomento de la investigaci\u00f3n","article_published_time":"2020-07-23T15:32:04+00:00","article_modified_time":"2024-09-06T10:47:54+00:00","og_image":[{"width":1154,"height":649,"url":"https:\/\/cefi.es\/wp-contenido\/uploads\/2020\/07\/iStock-1215166445-1.jpg","type":"image\/jpeg"}],"author":"Administrador","twitter_card":"summary_large_image","twitter_misc":{"Written by":"Administrador","Est. reading time":"1 minute"},"schema":{"@context":"https:\/\/schema.org","@graph":[{"@type":"Article","@id":"https:\/\/cefi.es\/next-generation-ue-el-programa-de-recuperacion-europea\/#article","isPartOf":{"@id":"https:\/\/cefi.es\/next-generation-ue-el-programa-de-recuperacion-europea\/"},"author":{"name":"Administrador","@id":"https:\/\/cefi.es\/en\/#\/schema\/person\/7f0c55a37796bb7af8bdb655ade37da7"},"headline":"&#8220;Next Generation UE&#8221;, el Programa de recuperaci\u00f3n europea","datePublished":"2020-07-23T15:32:04+00:00","dateModified":"2024-09-06T10:47:54+00:00","mainEntityOfPage":{"@id":"https:\/\/cefi.es\/next-generation-ue-el-programa-de-recuperacion-europea\/"},"wordCount":202,"publisher":{"@id":"https:\/\/cefi.es\/en\/#organization"},"image":{"@id":"https:\/\/cefi.es\/next-generation-ue-el-programa-de-recuperacion-europea\/#primaryimage"},"thumbnailUrl":"https:\/\/cefi.es\/wp-contenido\/uploads\/2020\/07\/iStock-1215166445-1.jpg","articleSection":["Sin categor\u00eda","Noticias Destacadas","Noticias de Inter\u00e9s"],"inLanguage":"en-US"},{"@type":"WebPage","@id":"https:\/\/cefi.es\/next-generation-ue-el-programa-de-recuperacion-europea\/","url":"https:\/\/cefi.es\/next-generation-ue-el-programa-de-recuperacion-europea\/","name":"\"Next Generation UE\", el Programa de recuperaci\u00f3n europea - Centro de estudios para el fomento de la investigaci\u00f3n","isPartOf":{"@id":"https:\/\/cefi.es\/en\/#website"},"primaryImageOfPage":{"@id":"https:\/\/cefi.es\/next-generation-ue-el-programa-de-recuperacion-europea\/#primaryimage"},"image":{"@id":"https:\/\/cefi.es\/next-generation-ue-el-programa-de-recuperacion-europea\/#primaryimage"},"thumbnailUrl":"https:\/\/cefi.es\/wp-contenido\/uploads\/2020\/07\/iStock-1215166445-1.jpg","datePublished":"2020-07-23T15:32:04+00:00","dateModified":"2024-09-06T10:47:54+00:00","breadcrumb":{"@id":"https:\/\/cefi.es\/next-generation-ue-el-programa-de-recuperacion-europea\/#breadcrumb"},"inLanguage":"en-US","potentialAction":[{"@type":"ReadAction","target":["https:\/\/cefi.es\/next-generation-ue-el-programa-de-recuperacion-europea\/"]}]},{"@type":"ImageObject","inLanguage":"en-US","@id":"https:\/\/cefi.es\/next-generation-ue-el-programa-de-recuperacion-europea\/#primaryimage","url":"https:\/\/cefi.es\/wp-contenido\/uploads\/2020\/07\/iStock-1215166445-1.jpg","contentUrl":"https:\/\/cefi.es\/wp-contenido\/uploads\/2020\/07\/iStock-1215166445-1.jpg","width":1154,"height":649,"caption":"Economic impact. CoronaVirus Alert - 3d rendering"},{"@type":"BreadcrumbList","@id":"https:\/\/cefi.es\/next-generation-ue-el-programa-de-recuperacion-europea\/#breadcrumb","itemListElement":[{"@type":"ListItem","position":1,"name":"Home","item":"https:\/\/cefi.es\/en\/"},{"@type":"ListItem","position":2,"name":"\u00abNext Generation UE\u00bb, el Programa de recuperaci\u00f3n europea"}]},{"@type":"WebSite","@id":"https:\/\/cefi.es\/en\/#website","url":"https:\/\/cefi.es\/en\/","name":"Centro de estudios para el fomento de la investigaci\u00f3n","description":"","publisher":{"@id":"https:\/\/cefi.es\/en\/#organization"},"potentialAction":[{"@type":"SearchAction","target":{"@type":"EntryPoint","urlTemplate":"https:\/\/cefi.es\/en\/?s={search_term_string}"},"query-input":{"@type":"PropertyValueSpecification","valueRequired":true,"valueName":"search_term_string"}}],"inLanguage":"en-US"},{"@type":"Organization","@id":"https:\/\/cefi.es\/en\/#organization","name":"Fundacion CeFi. Propiedad industrial e intelectual","url":"https:\/\/cefi.es\/en\/","logo":{"@type":"ImageObject","inLanguage":"en-US","@id":"https:\/\/cefi.es\/en\/#\/schema\/logo\/image\/","url":"https:\/\/cefi.es\/wp-contenido\/uploads\/2019\/12\/cropped-favicon-3.png","contentUrl":"https:\/\/cefi.es\/wp-contenido\/uploads\/2019\/12\/cropped-favicon-3.png","width":512,"height":512,"caption":"Fundacion CeFi. Propiedad industrial e intelectual"},"image":{"@id":"https:\/\/cefi.es\/en\/#\/schema\/logo\/image\/"}},{"@type":"Person","@id":"https:\/\/cefi.es\/en\/#\/schema\/person\/7f0c55a37796bb7af8bdb655ade37da7","name":"Administrador","image":{"@type":"ImageObject","inLanguage":"en-US","@id":"https:\/\/secure.gravatar.com\/avatar\/ca0778ec401a3f547a961e1de7e04c284c1c4dbcf95f7dc69f9bae782d89953c?s=96&d=mm&r=g","url":"https:\/\/secure.gravatar.com\/avatar\/ca0778ec401a3f547a961e1de7e04c284c1c4dbcf95f7dc69f9bae782d89953c?s=96&d=mm&r=g","contentUrl":"https:\/\/secure.gravatar.com\/avatar\/ca0778ec401a3f547a961e1de7e04c284c1c4dbcf95f7dc69f9bae782d89953c?s=96&d=mm&r=g","caption":"Administrador"},"url":"https:\/\/cefi.es\/en\/author\/admin\/"}]}},"_links":{"self":[{"href":"https:\/\/cefi.es\/en\/wp-json\/wp\/v2\/posts\/9024","targetHints":{"allow":["GET"]}}],"collection":[{"href":"https:\/\/cefi.es\/en\/wp-json\/wp\/v2\/posts"}],"about":[{"href":"https:\/\/cefi.es\/en\/wp-json\/wp\/v2\/types\/post"}],"author":[{"embeddable":true,"href":"https:\/\/cefi.es\/en\/wp-json\/wp\/v2\/users\/3"}],"replies":[{"embeddable":true,"href":"https:\/\/cefi.es\/en\/wp-json\/wp\/v2\/comments?post=9024"}],"version-history":[{"count":2,"href":"https:\/\/cefi.es\/en\/wp-json\/wp\/v2\/posts\/9024\/revisions"}],"predecessor-version":[{"id":9031,"href":"https:\/\/cefi.es\/en\/wp-json\/wp\/v2\/posts\/9024\/revisions\/9031"}],"wp:featuredmedia":[{"embeddable":true,"href":"https:\/\/cefi.es\/en\/wp-json\/wp\/v2\/media\/9025"}],"wp:attachment":[{"href":"https:\/\/cefi.es\/en\/wp-json\/wp\/v2\/media?parent=9024"}],"wp:term":[{"taxonomy":"category","embeddable":true,"href":"https:\/\/cefi.es\/en\/wp-json\/wp\/v2\/categories?post=9024"},{"taxonomy":"post_tag","embeddable":true,"href":"https:\/\/cefi.es\/en\/wp-json\/wp\/v2\/tags?post=9024"}],"curies":[{"name":"wp","href":"https:\/\/api.w.org\/{rel}","templated":true}]}}