{"id":8548,"date":"2020-06-01T18:12:17","date_gmt":"2020-06-01T17:12:17","guid":{"rendered":"https:\/\/cefi.es\/?p=8548"},"modified":"2026-02-11T10:08:01","modified_gmt":"2026-02-11T09:08:01","slug":"publicado-el-numero-72-de-cuadernos","status":"publish","type":"post","link":"https:\/\/cefi.es\/cuadernos-de-derecho-farmaceutico\/","title":{"rendered":"Publicado el n\u00famero 72 de Cuadernos"},"content":{"rendered":"<p>Cuadernos de Derecho Farmac\u00e9utico no. 72 (enero-marzo 2020) publicado y disponible en la<a href=\"https:\/\/cefi.es\/tienda\/publicaciones\/revista-cuadernos\/revista-cuadernos-no-72-enero-marzo-2020-copia\/\"> web\u00a0<\/a><\/p>\n<p>\u00cdndice:<\/p>\n<p>El precio de los medicamentos: transparencia <em>versus<\/em> confidencialidad.<br \/>\n<em>Francisco Valero Bonilla<\/em><\/p>\n<p>Criterio Interpretativo 17\/2019 del Consejo de Transparencia y Buen Gobierno. Introducci\u00f3n y Criterio Interpretativo.<br \/>\n<em>Irene Moreno-Tapia Rivas<\/em><\/p>\n<p>Resoluci\u00f3n 92\/2019, de 19 de diciembre de 2019, de la Comisi\u00f3n Vasca de Acceso a la Informaci\u00f3n P\u00fablica.<br \/>\n<em>Pablo Garc\u00eda V\u00e1zquez e Irene Moreno-Tapia Rivas<\/em><\/p>\n<p>Innovaci\u00f3n en salud: <em>back to basics<\/em>.<br \/>\n<em>Ana Mart\u00edn Quero<\/em><\/p>\n<p>Los incentivos en favor de los medicamentos hu\u00e9rfanos.<br \/>\n<em>Jordi Faus Santasusana<\/em><\/p>\n<p>&nbsp;<\/p>\n","protected":false},"excerpt":{"rendered":"<p>Cuadernos de Derecho Farmac\u00e9utico no. 72 (enero-marzo 2020) publicado y disponible en la web\u00a0 \u00cdndice: El precio de los medicamentos: transparencia versus confidencialidad. Francisco Valero Bonilla Criterio Interpretativo 17\/2019 del Consejo de Transparencia y Buen Gobierno. Introducci\u00f3n y Criterio Interpretativo. Irene Moreno-Tapia Rivas Resoluci\u00f3n 92\/2019, de 19 de diciembre de 2019, de la Comisi\u00f3n Vasca [&hellip;]<\/p>\n","protected":false},"author":3,"featured_media":8551,"comment_status":"closed","ping_status":"closed","sticky":false,"template":"","format":"standard","meta":{"_acf_changed":false,"footnotes":""},"categories":[81,82],"tags":[],"class_list":["post-8548","post","type-post","status-publish","format-standard","has-post-thumbnail","hentry","category-noticias-destacadas","category-noticias-de-interes"],"acf":[],"yoast_head":"<!-- This site is optimized with the Yoast SEO plugin v27.3 - https:\/\/yoast.com\/product\/yoast-seo-wordpress\/ -->\n<title>Publicado el n\u00famero 72 de Cuadernos - Centro de estudios para el fomento de la investigaci\u00f3n<\/title>\n<meta name=\"robots\" content=\"index, follow, max-snippet:-1, max-image-preview:large, max-video-preview:-1\" \/>\n<link rel=\"canonical\" href=\"https:\/\/cefi.es\/en\/cuadernos-de-derecho-farmaceutico\/\" \/>\n<meta property=\"og:locale\" content=\"en_US\" \/>\n<meta property=\"og:type\" content=\"article\" \/>\n<meta property=\"og:title\" content=\"Publicado el n\u00famero 72 de Cuadernos - Centro de estudios para el fomento de la investigaci\u00f3n\" \/>\n<meta property=\"og:description\" content=\"Cuadernos de Derecho Farmac\u00e9utico no. 72 (enero-marzo 2020) publicado y disponible en la web\u00a0 \u00cdndice: El precio de los medicamentos: transparencia versus confidencialidad. Francisco Valero Bonilla Criterio Interpretativo 17\/2019 del Consejo de Transparencia y Buen Gobierno. Introducci\u00f3n y Criterio Interpretativo. Irene Moreno-Tapia Rivas Resoluci\u00f3n 92\/2019, de 19 de diciembre de 2019, de la Comisi\u00f3n Vasca [&hellip;]\" \/>\n<meta property=\"og:url\" content=\"https:\/\/cefi.es\/cuadernos-de-derecho-farmaceutico\/\" \/>\n<meta property=\"og:site_name\" content=\"Centro de estudios para el fomento de la investigaci\u00f3n\" \/>\n<meta property=\"article:published_time\" content=\"2020-06-01T17:12:17+00:00\" \/>\n<meta property=\"article:modified_time\" content=\"2026-02-11T09:08:01+00:00\" \/>\n<meta property=\"og:image\" content=\"https:\/\/cefi.es\/wp-contenido\/uploads\/2020\/06\/Portada-Cuadernos-72-1.jpg\" \/>\n\t<meta property=\"og:image:width\" content=\"732\" \/>\n\t<meta property=\"og:image:height\" content=\"716\" \/>\n\t<meta property=\"og:image:type\" content=\"image\/jpeg\" \/>\n<meta name=\"author\" content=\"Administrador\" \/>\n<meta name=\"twitter:card\" content=\"summary_large_image\" \/>\n<meta name=\"twitter:label1\" content=\"Written by\" \/>\n\t<meta name=\"twitter:data1\" content=\"Administrador\" \/>\n<script type=\"application\/ld+json\" class=\"yoast-schema-graph\">{\"@context\":\"https:\\\/\\\/schema.org\",\"@graph\":[{\"@type\":\"Article\",\"@id\":\"https:\\\/\\\/cefi.es\\\/cuadernos-de-derecho-farmaceutico\\\/#article\",\"isPartOf\":{\"@id\":\"https:\\\/\\\/cefi.es\\\/cuadernos-de-derecho-farmaceutico\\\/\"},\"author\":{\"name\":\"Administrador\",\"@id\":\"https:\\\/\\\/cefi.es\\\/en\\\/#\\\/schema\\\/person\\\/7f0c55a37796bb7af8bdb655ade37da7\"},\"headline\":\"Publicado el n\u00famero 72 de Cuadernos\",\"datePublished\":\"2020-06-01T17:12:17+00:00\",\"dateModified\":\"2026-02-11T09:08:01+00:00\",\"mainEntityOfPage\":{\"@id\":\"https:\\\/\\\/cefi.es\\\/cuadernos-de-derecho-farmaceutico\\\/\"},\"wordCount\":100,\"publisher\":{\"@id\":\"https:\\\/\\\/cefi.es\\\/en\\\/#organization\"},\"image\":{\"@id\":\"https:\\\/\\\/cefi.es\\\/cuadernos-de-derecho-farmaceutico\\\/#primaryimage\"},\"thumbnailUrl\":\"https:\\\/\\\/cefi.es\\\/wp-contenido\\\/uploads\\\/2020\\\/06\\\/Portada-Cuadernos-72-1.jpg\",\"articleSection\":[\"Noticias Destacadas\",\"Noticias de Inter\u00e9s\"],\"inLanguage\":\"en-US\"},{\"@type\":\"WebPage\",\"@id\":\"https:\\\/\\\/cefi.es\\\/cuadernos-de-derecho-farmaceutico\\\/\",\"url\":\"https:\\\/\\\/cefi.es\\\/cuadernos-de-derecho-farmaceutico\\\/\",\"name\":\"Publicado el n\u00famero 72 de Cuadernos - Centro de estudios para el fomento de la investigaci\u00f3n\",\"isPartOf\":{\"@id\":\"https:\\\/\\\/cefi.es\\\/en\\\/#website\"},\"primaryImageOfPage\":{\"@id\":\"https:\\\/\\\/cefi.es\\\/cuadernos-de-derecho-farmaceutico\\\/#primaryimage\"},\"image\":{\"@id\":\"https:\\\/\\\/cefi.es\\\/cuadernos-de-derecho-farmaceutico\\\/#primaryimage\"},\"thumbnailUrl\":\"https:\\\/\\\/cefi.es\\\/wp-contenido\\\/uploads\\\/2020\\\/06\\\/Portada-Cuadernos-72-1.jpg\",\"datePublished\":\"2020-06-01T17:12:17+00:00\",\"dateModified\":\"2026-02-11T09:08:01+00:00\",\"breadcrumb\":{\"@id\":\"https:\\\/\\\/cefi.es\\\/cuadernos-de-derecho-farmaceutico\\\/#breadcrumb\"},\"inLanguage\":\"en-US\",\"potentialAction\":[{\"@type\":\"ReadAction\",\"target\":[\"https:\\\/\\\/cefi.es\\\/cuadernos-de-derecho-farmaceutico\\\/\"]}]},{\"@type\":\"ImageObject\",\"inLanguage\":\"en-US\",\"@id\":\"https:\\\/\\\/cefi.es\\\/cuadernos-de-derecho-farmaceutico\\\/#primaryimage\",\"url\":\"https:\\\/\\\/cefi.es\\\/wp-contenido\\\/uploads\\\/2020\\\/06\\\/Portada-Cuadernos-72-1.jpg\",\"contentUrl\":\"https:\\\/\\\/cefi.es\\\/wp-contenido\\\/uploads\\\/2020\\\/06\\\/Portada-Cuadernos-72-1.jpg\",\"width\":732,\"height\":716},{\"@type\":\"BreadcrumbList\",\"@id\":\"https:\\\/\\\/cefi.es\\\/cuadernos-de-derecho-farmaceutico\\\/#breadcrumb\",\"itemListElement\":[{\"@type\":\"ListItem\",\"position\":1,\"name\":\"Home\",\"item\":\"https:\\\/\\\/cefi.es\\\/en\\\/\"},{\"@type\":\"ListItem\",\"position\":2,\"name\":\"Publicado el n\u00famero 72 de Cuadernos\"}]},{\"@type\":\"WebSite\",\"@id\":\"https:\\\/\\\/cefi.es\\\/en\\\/#website\",\"url\":\"https:\\\/\\\/cefi.es\\\/en\\\/\",\"name\":\"Centro de estudios para el fomento de la investigaci\u00f3n\",\"description\":\"\",\"publisher\":{\"@id\":\"https:\\\/\\\/cefi.es\\\/en\\\/#organization\"},\"potentialAction\":[{\"@type\":\"SearchAction\",\"target\":{\"@type\":\"EntryPoint\",\"urlTemplate\":\"https:\\\/\\\/cefi.es\\\/en\\\/?s={search_term_string}\"},\"query-input\":{\"@type\":\"PropertyValueSpecification\",\"valueRequired\":true,\"valueName\":\"search_term_string\"}}],\"inLanguage\":\"en-US\"},{\"@type\":\"Organization\",\"@id\":\"https:\\\/\\\/cefi.es\\\/en\\\/#organization\",\"name\":\"Fundacion CeFi. Propiedad industrial e intelectual\",\"url\":\"https:\\\/\\\/cefi.es\\\/en\\\/\",\"logo\":{\"@type\":\"ImageObject\",\"inLanguage\":\"en-US\",\"@id\":\"https:\\\/\\\/cefi.es\\\/en\\\/#\\\/schema\\\/logo\\\/image\\\/\",\"url\":\"https:\\\/\\\/cefi.es\\\/wp-contenido\\\/uploads\\\/2019\\\/12\\\/cropped-favicon-3.png\",\"contentUrl\":\"https:\\\/\\\/cefi.es\\\/wp-contenido\\\/uploads\\\/2019\\\/12\\\/cropped-favicon-3.png\",\"width\":512,\"height\":512,\"caption\":\"Fundacion CeFi. Propiedad industrial e intelectual\"},\"image\":{\"@id\":\"https:\\\/\\\/cefi.es\\\/en\\\/#\\\/schema\\\/logo\\\/image\\\/\"}},{\"@type\":\"Person\",\"@id\":\"https:\\\/\\\/cefi.es\\\/en\\\/#\\\/schema\\\/person\\\/7f0c55a37796bb7af8bdb655ade37da7\",\"name\":\"Administrador\",\"image\":{\"@type\":\"ImageObject\",\"inLanguage\":\"en-US\",\"@id\":\"https:\\\/\\\/secure.gravatar.com\\\/avatar\\\/ca0778ec401a3f547a961e1de7e04c284c1c4dbcf95f7dc69f9bae782d89953c?s=96&d=mm&r=g\",\"url\":\"https:\\\/\\\/secure.gravatar.com\\\/avatar\\\/ca0778ec401a3f547a961e1de7e04c284c1c4dbcf95f7dc69f9bae782d89953c?s=96&d=mm&r=g\",\"contentUrl\":\"https:\\\/\\\/secure.gravatar.com\\\/avatar\\\/ca0778ec401a3f547a961e1de7e04c284c1c4dbcf95f7dc69f9bae782d89953c?s=96&d=mm&r=g\",\"caption\":\"Administrador\"},\"url\":\"https:\\\/\\\/cefi.es\\\/en\\\/author\\\/admin\\\/\"}]}<\/script>\n<!-- \/ Yoast SEO plugin. -->","yoast_head_json":{"title":"Publicado el n\u00famero 72 de Cuadernos - Centro de estudios para el fomento de la investigaci\u00f3n","robots":{"index":"index","follow":"follow","max-snippet":"max-snippet:-1","max-image-preview":"max-image-preview:large","max-video-preview":"max-video-preview:-1"},"canonical":"https:\/\/cefi.es\/en\/cuadernos-de-derecho-farmaceutico\/","og_locale":"en_US","og_type":"article","og_title":"Publicado el n\u00famero 72 de Cuadernos - Centro de estudios para el fomento de la investigaci\u00f3n","og_description":"Cuadernos de Derecho Farmac\u00e9utico no. 72 (enero-marzo 2020) publicado y disponible en la web\u00a0 \u00cdndice: El precio de los medicamentos: transparencia versus confidencialidad. Francisco Valero Bonilla Criterio Interpretativo 17\/2019 del Consejo de Transparencia y Buen Gobierno. Introducci\u00f3n y Criterio Interpretativo. Irene Moreno-Tapia Rivas Resoluci\u00f3n 92\/2019, de 19 de diciembre de 2019, de la Comisi\u00f3n Vasca [&hellip;]","og_url":"https:\/\/cefi.es\/cuadernos-de-derecho-farmaceutico\/","og_site_name":"Centro de estudios para el fomento de la investigaci\u00f3n","article_published_time":"2020-06-01T17:12:17+00:00","article_modified_time":"2026-02-11T09:08:01+00:00","og_image":[{"width":732,"height":716,"url":"https:\/\/cefi.es\/wp-contenido\/uploads\/2020\/06\/Portada-Cuadernos-72-1.jpg","type":"image\/jpeg"}],"author":"Administrador","twitter_card":"summary_large_image","twitter_misc":{"Written by":"Administrador"},"schema":{"@context":"https:\/\/schema.org","@graph":[{"@type":"Article","@id":"https:\/\/cefi.es\/cuadernos-de-derecho-farmaceutico\/#article","isPartOf":{"@id":"https:\/\/cefi.es\/cuadernos-de-derecho-farmaceutico\/"},"author":{"name":"Administrador","@id":"https:\/\/cefi.es\/en\/#\/schema\/person\/7f0c55a37796bb7af8bdb655ade37da7"},"headline":"Publicado el n\u00famero 72 de Cuadernos","datePublished":"2020-06-01T17:12:17+00:00","dateModified":"2026-02-11T09:08:01+00:00","mainEntityOfPage":{"@id":"https:\/\/cefi.es\/cuadernos-de-derecho-farmaceutico\/"},"wordCount":100,"publisher":{"@id":"https:\/\/cefi.es\/en\/#organization"},"image":{"@id":"https:\/\/cefi.es\/cuadernos-de-derecho-farmaceutico\/#primaryimage"},"thumbnailUrl":"https:\/\/cefi.es\/wp-contenido\/uploads\/2020\/06\/Portada-Cuadernos-72-1.jpg","articleSection":["Noticias Destacadas","Noticias de Inter\u00e9s"],"inLanguage":"en-US"},{"@type":"WebPage","@id":"https:\/\/cefi.es\/cuadernos-de-derecho-farmaceutico\/","url":"https:\/\/cefi.es\/cuadernos-de-derecho-farmaceutico\/","name":"Publicado el n\u00famero 72 de Cuadernos - Centro de estudios para el fomento de la investigaci\u00f3n","isPartOf":{"@id":"https:\/\/cefi.es\/en\/#website"},"primaryImageOfPage":{"@id":"https:\/\/cefi.es\/cuadernos-de-derecho-farmaceutico\/#primaryimage"},"image":{"@id":"https:\/\/cefi.es\/cuadernos-de-derecho-farmaceutico\/#primaryimage"},"thumbnailUrl":"https:\/\/cefi.es\/wp-contenido\/uploads\/2020\/06\/Portada-Cuadernos-72-1.jpg","datePublished":"2020-06-01T17:12:17+00:00","dateModified":"2026-02-11T09:08:01+00:00","breadcrumb":{"@id":"https:\/\/cefi.es\/cuadernos-de-derecho-farmaceutico\/#breadcrumb"},"inLanguage":"en-US","potentialAction":[{"@type":"ReadAction","target":["https:\/\/cefi.es\/cuadernos-de-derecho-farmaceutico\/"]}]},{"@type":"ImageObject","inLanguage":"en-US","@id":"https:\/\/cefi.es\/cuadernos-de-derecho-farmaceutico\/#primaryimage","url":"https:\/\/cefi.es\/wp-contenido\/uploads\/2020\/06\/Portada-Cuadernos-72-1.jpg","contentUrl":"https:\/\/cefi.es\/wp-contenido\/uploads\/2020\/06\/Portada-Cuadernos-72-1.jpg","width":732,"height":716},{"@type":"BreadcrumbList","@id":"https:\/\/cefi.es\/cuadernos-de-derecho-farmaceutico\/#breadcrumb","itemListElement":[{"@type":"ListItem","position":1,"name":"Home","item":"https:\/\/cefi.es\/en\/"},{"@type":"ListItem","position":2,"name":"Publicado el n\u00famero 72 de Cuadernos"}]},{"@type":"WebSite","@id":"https:\/\/cefi.es\/en\/#website","url":"https:\/\/cefi.es\/en\/","name":"Centro de estudios para el fomento de la investigaci\u00f3n","description":"","publisher":{"@id":"https:\/\/cefi.es\/en\/#organization"},"potentialAction":[{"@type":"SearchAction","target":{"@type":"EntryPoint","urlTemplate":"https:\/\/cefi.es\/en\/?s={search_term_string}"},"query-input":{"@type":"PropertyValueSpecification","valueRequired":true,"valueName":"search_term_string"}}],"inLanguage":"en-US"},{"@type":"Organization","@id":"https:\/\/cefi.es\/en\/#organization","name":"Fundacion CeFi. Propiedad industrial e intelectual","url":"https:\/\/cefi.es\/en\/","logo":{"@type":"ImageObject","inLanguage":"en-US","@id":"https:\/\/cefi.es\/en\/#\/schema\/logo\/image\/","url":"https:\/\/cefi.es\/wp-contenido\/uploads\/2019\/12\/cropped-favicon-3.png","contentUrl":"https:\/\/cefi.es\/wp-contenido\/uploads\/2019\/12\/cropped-favicon-3.png","width":512,"height":512,"caption":"Fundacion CeFi. Propiedad industrial e intelectual"},"image":{"@id":"https:\/\/cefi.es\/en\/#\/schema\/logo\/image\/"}},{"@type":"Person","@id":"https:\/\/cefi.es\/en\/#\/schema\/person\/7f0c55a37796bb7af8bdb655ade37da7","name":"Administrador","image":{"@type":"ImageObject","inLanguage":"en-US","@id":"https:\/\/secure.gravatar.com\/avatar\/ca0778ec401a3f547a961e1de7e04c284c1c4dbcf95f7dc69f9bae782d89953c?s=96&d=mm&r=g","url":"https:\/\/secure.gravatar.com\/avatar\/ca0778ec401a3f547a961e1de7e04c284c1c4dbcf95f7dc69f9bae782d89953c?s=96&d=mm&r=g","contentUrl":"https:\/\/secure.gravatar.com\/avatar\/ca0778ec401a3f547a961e1de7e04c284c1c4dbcf95f7dc69f9bae782d89953c?s=96&d=mm&r=g","caption":"Administrador"},"url":"https:\/\/cefi.es\/en\/author\/admin\/"}]}},"_links":{"self":[{"href":"https:\/\/cefi.es\/en\/wp-json\/wp\/v2\/posts\/8548","targetHints":{"allow":["GET"]}}],"collection":[{"href":"https:\/\/cefi.es\/en\/wp-json\/wp\/v2\/posts"}],"about":[{"href":"https:\/\/cefi.es\/en\/wp-json\/wp\/v2\/types\/post"}],"author":[{"embeddable":true,"href":"https:\/\/cefi.es\/en\/wp-json\/wp\/v2\/users\/3"}],"replies":[{"embeddable":true,"href":"https:\/\/cefi.es\/en\/wp-json\/wp\/v2\/comments?post=8548"}],"version-history":[{"count":2,"href":"https:\/\/cefi.es\/en\/wp-json\/wp\/v2\/posts\/8548\/revisions"}],"predecessor-version":[{"id":26417,"href":"https:\/\/cefi.es\/en\/wp-json\/wp\/v2\/posts\/8548\/revisions\/26417"}],"wp:featuredmedia":[{"embeddable":true,"href":"https:\/\/cefi.es\/en\/wp-json\/wp\/v2\/media\/8551"}],"wp:attachment":[{"href":"https:\/\/cefi.es\/en\/wp-json\/wp\/v2\/media?parent=8548"}],"wp:term":[{"taxonomy":"category","embeddable":true,"href":"https:\/\/cefi.es\/en\/wp-json\/wp\/v2\/categories?post=8548"},{"taxonomy":"post_tag","embeddable":true,"href":"https:\/\/cefi.es\/en\/wp-json\/wp\/v2\/tags?post=8548"}],"curies":[{"name":"wp","href":"https:\/\/api.w.org\/{rel}","templated":true}]}}