{"id":5962,"date":"2020-02-04T11:24:20","date_gmt":"2020-02-04T11:24:20","guid":{"rendered":"http:\/\/www.cefi.es\/?p=5962"},"modified":"2024-09-06T11:47:57","modified_gmt":"2024-09-06T10:47:57","slug":"alegaciones-de-la-fundacion-cefi-al-plan-de-accion-para-fomentar-el-uso-de-medicamentos-reguladores-del-mercado-en-el-sistema-nacional-de-salud","status":"publish","type":"post","link":"https:\/\/cefi.es\/alegaciones-de-la-fundacion-cefi-al-plan-de-accion-para-fomentar-el-uso-de-medicamentos-reguladores-del-mercado-en-el-sistema-nacional-de-salud\/","title":{"rendered":"Alegaciones de la Fundaci\u00f3n Cefi al plan de acci\u00f3n para fomentar el uso de medicamentos reguladores del mercado en el Sistema Nacional de Salud"},"content":{"rendered":"<h2>MEDICAMENTOS BIOSIMILARES Y MEDICAMENTOS GEN\u00c9RICOS<\/h2>\n<blockquote><p>A trav\u00e9s del documento de alegaciones la Fundaci\u00f3n CEFI analiza en detalle cada una de las medidas concretas propuestas en el\u00a0 Plan, pero con car\u00e1cter general considera que la redacci\u00f3n del Plan debe contemplar los principios b\u00e1sicos de protecci\u00f3n de la salud, de libertad de prescripci\u00f3n del facultativo y de derecho al paciente de ser prescrito con el mejor medicamento disponible frente a criterios de prescripci\u00f3n de determinados medicamentos.<\/p><\/blockquote>\n<p>&nbsp;<\/p>\n<h3><strong>La Fundaci\u00f3n CEFI considera que:<\/strong><\/h3>\n<p>&#8211; La pol\u00edtica farmac\u00e9utica debe orientarse a garantizar calidad: mejor tratamiento disponible en funci\u00f3n del criterio m\u00e9dico; equidad: trato igualitario, por tanto, medidas que no favorezcan un tipo de medicamentos perjudicando otros y sostenibilidad del sistema, buscando los medicamentos que respondan al criterio coste-efectivo.<\/p>\n<p>&#8211; el Plan discrimina a favor de empresas de gen\u00e9ricos y biosimilares perjudicando a las empresas innovadoras ya que pretende una r\u00e1pida transici\u00f3n de la marca al gen\u00e9rico\/biosimilar que, por alcanzar cuota de mercado, fuerza el cambio de prescripci\u00f3n sin tener en cuenta la situaci\u00f3n del paciente, la protecci\u00f3n de su salud\u00a0 y otras cuestiones trascendentales como la equidad en el acceso, la libertad de prescripci\u00f3n de los m\u00e9dicos y el fomento de la innovaci\u00f3n. La nuestra es una econom\u00eda de libre mercado en la que la competencia est\u00e1 garantizada. Si en ese contexto, los medicamentos biosimilares y gen\u00e9ricos son los que mejor responden a estas necesidades, ser\u00e1n los que el m\u00e9dico, una vez abierta la competencia tras el periodo de exclusividad, prescriba.<\/p>\n<p>&#8211; el Plan obvia que en Espa\u00f1a los medicamentos de marca est\u00e1n obligados por ley, para ser financiados por el SNS, a alinear su precio al precio del gen\u00e9rico. Esta medida es la que garantiza la sostenibilidad. No hay ahorro real en el consumo de gen\u00e9ricos porque est\u00e1n al mismo precio.<\/p>\n<p>&#8211; no se entiende bien la oportunidad de esta medida en el momento actual donde el mercado de gen\u00e9ricos-biosimilares est\u00e1 consolidado y bien expandido a trav\u00e9s de la actuaci\u00f3n de empresas nacionales y multinacionales.<\/p>\n<p>-pone en duda la legitimidad de un gobierno en funciones para acometer una reforma de este calado.<\/p>\n","protected":false},"excerpt":{"rendered":"<p>MEDICAMENTOS BIOSIMILARES Y MEDICAMENTOS GEN\u00c9RICOS A trav\u00e9s del documento de alegaciones la Fundaci\u00f3n CEFI analiza en detalle cada una de las medidas concretas propuestas en el\u00a0 Plan, pero con car\u00e1cter general considera que la redacci\u00f3n del Plan debe contemplar los principios b\u00e1sicos de protecci\u00f3n de la salud, de libertad de prescripci\u00f3n del facultativo y de [&hellip;]<\/p>\n","protected":false},"author":3,"featured_media":5963,"comment_status":"closed","ping_status":"open","sticky":false,"template":"","format":"standard","meta":{"_acf_changed":false,"footnotes":""},"categories":[1,82],"tags":[],"class_list":["post-5962","post","type-post","status-publish","format-standard","has-post-thumbnail","hentry","category-sin-categoria","category-noticias-de-interes"],"acf":[],"yoast_head":"<!-- This site is optimized with the Yoast SEO plugin v27.3 - https:\/\/yoast.com\/product\/yoast-seo-wordpress\/ -->\n<title>Alegaciones de la Fundaci\u00f3n Cefi al plan de acci\u00f3n para fomentar el uso de medicamentos reguladores del mercado en el Sistema Nacional de Salud - Centro de estudios para el fomento de la investigaci\u00f3n<\/title>\n<meta name=\"robots\" content=\"index, follow, max-snippet:-1, max-image-preview:large, max-video-preview:-1\" \/>\n<link rel=\"canonical\" href=\"https:\/\/cefi.es\/en\/alegaciones-de-la-fundacion-cefi-al-plan-de-accion-para-fomentar-el-uso-de-medicamentos-reguladores-del-mercado-en-el-sistema-nacional-de-salud\/\" \/>\n<meta property=\"og:locale\" content=\"en_US\" \/>\n<meta property=\"og:type\" content=\"article\" \/>\n<meta property=\"og:title\" content=\"Alegaciones de la Fundaci\u00f3n Cefi al plan de acci\u00f3n para fomentar el uso de medicamentos reguladores del mercado en el Sistema Nacional de Salud - Centro de estudios para el fomento de la investigaci\u00f3n\" \/>\n<meta property=\"og:description\" content=\"MEDICAMENTOS BIOSIMILARES Y MEDICAMENTOS GEN\u00c9RICOS A trav\u00e9s del documento de alegaciones la Fundaci\u00f3n CEFI analiza en detalle cada una de las medidas concretas propuestas en el\u00a0 Plan, pero con car\u00e1cter general considera que la redacci\u00f3n del Plan debe contemplar los principios b\u00e1sicos de protecci\u00f3n de la salud, de libertad de prescripci\u00f3n del facultativo y de [&hellip;]\" \/>\n<meta property=\"og:url\" content=\"https:\/\/cefi.es\/alegaciones-de-la-fundacion-cefi-al-plan-de-accion-para-fomentar-el-uso-de-medicamentos-reguladores-del-mercado-en-el-sistema-nacional-de-salud\/\" \/>\n<meta property=\"og:site_name\" content=\"Centro de estudios para el fomento de la investigaci\u00f3n\" \/>\n<meta property=\"article:published_time\" content=\"2020-02-04T11:24:20+00:00\" \/>\n<meta property=\"article:modified_time\" content=\"2024-09-06T10:47:57+00:00\" \/>\n<meta property=\"og:image\" content=\"https:\/\/cefi.es\/wp-contenido\/uploads\/2020\/02\/biosimilares.jpg\" \/>\n\t<meta property=\"og:image:width\" content=\"1024\" \/>\n\t<meta property=\"og:image:height\" content=\"519\" \/>\n\t<meta property=\"og:image:type\" content=\"image\/jpeg\" \/>\n<meta name=\"author\" content=\"Administrador\" \/>\n<meta name=\"twitter:card\" content=\"summary_large_image\" \/>\n<meta name=\"twitter:label1\" content=\"Written by\" \/>\n\t<meta name=\"twitter:data1\" content=\"Administrador\" \/>\n\t<meta name=\"twitter:label2\" content=\"Est. reading time\" \/>\n\t<meta name=\"twitter:data2\" content=\"2 minutes\" \/>\n<script type=\"application\/ld+json\" class=\"yoast-schema-graph\">{\"@context\":\"https:\\\/\\\/schema.org\",\"@graph\":[{\"@type\":\"Article\",\"@id\":\"https:\\\/\\\/cefi.es\\\/alegaciones-de-la-fundacion-cefi-al-plan-de-accion-para-fomentar-el-uso-de-medicamentos-reguladores-del-mercado-en-el-sistema-nacional-de-salud\\\/#article\",\"isPartOf\":{\"@id\":\"https:\\\/\\\/cefi.es\\\/alegaciones-de-la-fundacion-cefi-al-plan-de-accion-para-fomentar-el-uso-de-medicamentos-reguladores-del-mercado-en-el-sistema-nacional-de-salud\\\/\"},\"author\":{\"name\":\"Administrador\",\"@id\":\"https:\\\/\\\/cefi.es\\\/en\\\/#\\\/schema\\\/person\\\/7f0c55a37796bb7af8bdb655ade37da7\"},\"headline\":\"Alegaciones de la Fundaci\u00f3n Cefi al plan de acci\u00f3n para fomentar el uso de medicamentos reguladores del mercado en el Sistema Nacional de Salud\",\"datePublished\":\"2020-02-04T11:24:20+00:00\",\"dateModified\":\"2024-09-06T10:47:57+00:00\",\"mainEntityOfPage\":{\"@id\":\"https:\\\/\\\/cefi.es\\\/alegaciones-de-la-fundacion-cefi-al-plan-de-accion-para-fomentar-el-uso-de-medicamentos-reguladores-del-mercado-en-el-sistema-nacional-de-salud\\\/\"},\"wordCount\":412,\"publisher\":{\"@id\":\"https:\\\/\\\/cefi.es\\\/en\\\/#organization\"},\"image\":{\"@id\":\"https:\\\/\\\/cefi.es\\\/alegaciones-de-la-fundacion-cefi-al-plan-de-accion-para-fomentar-el-uso-de-medicamentos-reguladores-del-mercado-en-el-sistema-nacional-de-salud\\\/#primaryimage\"},\"thumbnailUrl\":\"https:\\\/\\\/cefi.es\\\/wp-contenido\\\/uploads\\\/2020\\\/02\\\/biosimilares.jpg\",\"articleSection\":[\"Sin categor\u00eda\",\"Noticias de Inter\u00e9s\"],\"inLanguage\":\"en-US\"},{\"@type\":\"WebPage\",\"@id\":\"https:\\\/\\\/cefi.es\\\/alegaciones-de-la-fundacion-cefi-al-plan-de-accion-para-fomentar-el-uso-de-medicamentos-reguladores-del-mercado-en-el-sistema-nacional-de-salud\\\/\",\"url\":\"https:\\\/\\\/cefi.es\\\/alegaciones-de-la-fundacion-cefi-al-plan-de-accion-para-fomentar-el-uso-de-medicamentos-reguladores-del-mercado-en-el-sistema-nacional-de-salud\\\/\",\"name\":\"Alegaciones de la Fundaci\u00f3n Cefi al plan de acci\u00f3n para fomentar el uso de medicamentos reguladores del mercado en el Sistema Nacional de Salud - Centro de estudios para el fomento de la investigaci\u00f3n\",\"isPartOf\":{\"@id\":\"https:\\\/\\\/cefi.es\\\/en\\\/#website\"},\"primaryImageOfPage\":{\"@id\":\"https:\\\/\\\/cefi.es\\\/alegaciones-de-la-fundacion-cefi-al-plan-de-accion-para-fomentar-el-uso-de-medicamentos-reguladores-del-mercado-en-el-sistema-nacional-de-salud\\\/#primaryimage\"},\"image\":{\"@id\":\"https:\\\/\\\/cefi.es\\\/alegaciones-de-la-fundacion-cefi-al-plan-de-accion-para-fomentar-el-uso-de-medicamentos-reguladores-del-mercado-en-el-sistema-nacional-de-salud\\\/#primaryimage\"},\"thumbnailUrl\":\"https:\\\/\\\/cefi.es\\\/wp-contenido\\\/uploads\\\/2020\\\/02\\\/biosimilares.jpg\",\"datePublished\":\"2020-02-04T11:24:20+00:00\",\"dateModified\":\"2024-09-06T10:47:57+00:00\",\"breadcrumb\":{\"@id\":\"https:\\\/\\\/cefi.es\\\/alegaciones-de-la-fundacion-cefi-al-plan-de-accion-para-fomentar-el-uso-de-medicamentos-reguladores-del-mercado-en-el-sistema-nacional-de-salud\\\/#breadcrumb\"},\"inLanguage\":\"en-US\",\"potentialAction\":[{\"@type\":\"ReadAction\",\"target\":[\"https:\\\/\\\/cefi.es\\\/alegaciones-de-la-fundacion-cefi-al-plan-de-accion-para-fomentar-el-uso-de-medicamentos-reguladores-del-mercado-en-el-sistema-nacional-de-salud\\\/\"]}]},{\"@type\":\"ImageObject\",\"inLanguage\":\"en-US\",\"@id\":\"https:\\\/\\\/cefi.es\\\/alegaciones-de-la-fundacion-cefi-al-plan-de-accion-para-fomentar-el-uso-de-medicamentos-reguladores-del-mercado-en-el-sistema-nacional-de-salud\\\/#primaryimage\",\"url\":\"https:\\\/\\\/cefi.es\\\/wp-contenido\\\/uploads\\\/2020\\\/02\\\/biosimilares.jpg\",\"contentUrl\":\"https:\\\/\\\/cefi.es\\\/wp-contenido\\\/uploads\\\/2020\\\/02\\\/biosimilares.jpg\",\"width\":1024,\"height\":519},{\"@type\":\"BreadcrumbList\",\"@id\":\"https:\\\/\\\/cefi.es\\\/alegaciones-de-la-fundacion-cefi-al-plan-de-accion-para-fomentar-el-uso-de-medicamentos-reguladores-del-mercado-en-el-sistema-nacional-de-salud\\\/#breadcrumb\",\"itemListElement\":[{\"@type\":\"ListItem\",\"position\":1,\"name\":\"Home\",\"item\":\"https:\\\/\\\/cefi.es\\\/en\\\/\"},{\"@type\":\"ListItem\",\"position\":2,\"name\":\"Alegaciones de la Fundaci\u00f3n Cefi al plan de acci\u00f3n para fomentar el uso de medicamentos reguladores del mercado en el Sistema Nacional de Salud\"}]},{\"@type\":\"WebSite\",\"@id\":\"https:\\\/\\\/cefi.es\\\/en\\\/#website\",\"url\":\"https:\\\/\\\/cefi.es\\\/en\\\/\",\"name\":\"Centro de estudios para el fomento de la investigaci\u00f3n\",\"description\":\"\",\"publisher\":{\"@id\":\"https:\\\/\\\/cefi.es\\\/en\\\/#organization\"},\"potentialAction\":[{\"@type\":\"SearchAction\",\"target\":{\"@type\":\"EntryPoint\",\"urlTemplate\":\"https:\\\/\\\/cefi.es\\\/en\\\/?s={search_term_string}\"},\"query-input\":{\"@type\":\"PropertyValueSpecification\",\"valueRequired\":true,\"valueName\":\"search_term_string\"}}],\"inLanguage\":\"en-US\"},{\"@type\":\"Organization\",\"@id\":\"https:\\\/\\\/cefi.es\\\/en\\\/#organization\",\"name\":\"Fundacion CeFi. Propiedad industrial e intelectual\",\"url\":\"https:\\\/\\\/cefi.es\\\/en\\\/\",\"logo\":{\"@type\":\"ImageObject\",\"inLanguage\":\"en-US\",\"@id\":\"https:\\\/\\\/cefi.es\\\/en\\\/#\\\/schema\\\/logo\\\/image\\\/\",\"url\":\"https:\\\/\\\/cefi.es\\\/wp-contenido\\\/uploads\\\/2019\\\/12\\\/cropped-favicon-3.png\",\"contentUrl\":\"https:\\\/\\\/cefi.es\\\/wp-contenido\\\/uploads\\\/2019\\\/12\\\/cropped-favicon-3.png\",\"width\":512,\"height\":512,\"caption\":\"Fundacion CeFi. Propiedad industrial e intelectual\"},\"image\":{\"@id\":\"https:\\\/\\\/cefi.es\\\/en\\\/#\\\/schema\\\/logo\\\/image\\\/\"}},{\"@type\":\"Person\",\"@id\":\"https:\\\/\\\/cefi.es\\\/en\\\/#\\\/schema\\\/person\\\/7f0c55a37796bb7af8bdb655ade37da7\",\"name\":\"Administrador\",\"image\":{\"@type\":\"ImageObject\",\"inLanguage\":\"en-US\",\"@id\":\"https:\\\/\\\/secure.gravatar.com\\\/avatar\\\/ca0778ec401a3f547a961e1de7e04c284c1c4dbcf95f7dc69f9bae782d89953c?s=96&d=mm&r=g\",\"url\":\"https:\\\/\\\/secure.gravatar.com\\\/avatar\\\/ca0778ec401a3f547a961e1de7e04c284c1c4dbcf95f7dc69f9bae782d89953c?s=96&d=mm&r=g\",\"contentUrl\":\"https:\\\/\\\/secure.gravatar.com\\\/avatar\\\/ca0778ec401a3f547a961e1de7e04c284c1c4dbcf95f7dc69f9bae782d89953c?s=96&d=mm&r=g\",\"caption\":\"Administrador\"},\"url\":\"https:\\\/\\\/cefi.es\\\/en\\\/author\\\/admin\\\/\"}]}<\/script>\n<!-- \/ Yoast SEO plugin. -->","yoast_head_json":{"title":"Alegaciones de la Fundaci\u00f3n Cefi al plan de acci\u00f3n para fomentar el uso de medicamentos reguladores del mercado en el Sistema Nacional de Salud - Centro de estudios para el fomento de la investigaci\u00f3n","robots":{"index":"index","follow":"follow","max-snippet":"max-snippet:-1","max-image-preview":"max-image-preview:large","max-video-preview":"max-video-preview:-1"},"canonical":"https:\/\/cefi.es\/en\/alegaciones-de-la-fundacion-cefi-al-plan-de-accion-para-fomentar-el-uso-de-medicamentos-reguladores-del-mercado-en-el-sistema-nacional-de-salud\/","og_locale":"en_US","og_type":"article","og_title":"Alegaciones de la Fundaci\u00f3n Cefi al plan de acci\u00f3n para fomentar el uso de medicamentos reguladores del mercado en el Sistema Nacional de Salud - Centro de estudios para el fomento de la investigaci\u00f3n","og_description":"MEDICAMENTOS BIOSIMILARES Y MEDICAMENTOS GEN\u00c9RICOS A trav\u00e9s del documento de alegaciones la Fundaci\u00f3n CEFI analiza en detalle cada una de las medidas concretas propuestas en el\u00a0 Plan, pero con car\u00e1cter general considera que la redacci\u00f3n del Plan debe contemplar los principios b\u00e1sicos de protecci\u00f3n de la salud, de libertad de prescripci\u00f3n del facultativo y de [&hellip;]","og_url":"https:\/\/cefi.es\/alegaciones-de-la-fundacion-cefi-al-plan-de-accion-para-fomentar-el-uso-de-medicamentos-reguladores-del-mercado-en-el-sistema-nacional-de-salud\/","og_site_name":"Centro de estudios para el fomento de la investigaci\u00f3n","article_published_time":"2020-02-04T11:24:20+00:00","article_modified_time":"2024-09-06T10:47:57+00:00","og_image":[{"width":1024,"height":519,"url":"https:\/\/cefi.es\/wp-contenido\/uploads\/2020\/02\/biosimilares.jpg","type":"image\/jpeg"}],"author":"Administrador","twitter_card":"summary_large_image","twitter_misc":{"Written by":"Administrador","Est. reading time":"2 minutes"},"schema":{"@context":"https:\/\/schema.org","@graph":[{"@type":"Article","@id":"https:\/\/cefi.es\/alegaciones-de-la-fundacion-cefi-al-plan-de-accion-para-fomentar-el-uso-de-medicamentos-reguladores-del-mercado-en-el-sistema-nacional-de-salud\/#article","isPartOf":{"@id":"https:\/\/cefi.es\/alegaciones-de-la-fundacion-cefi-al-plan-de-accion-para-fomentar-el-uso-de-medicamentos-reguladores-del-mercado-en-el-sistema-nacional-de-salud\/"},"author":{"name":"Administrador","@id":"https:\/\/cefi.es\/en\/#\/schema\/person\/7f0c55a37796bb7af8bdb655ade37da7"},"headline":"Alegaciones de la Fundaci\u00f3n Cefi al plan de acci\u00f3n para fomentar el uso de medicamentos reguladores del mercado en el Sistema Nacional de Salud","datePublished":"2020-02-04T11:24:20+00:00","dateModified":"2024-09-06T10:47:57+00:00","mainEntityOfPage":{"@id":"https:\/\/cefi.es\/alegaciones-de-la-fundacion-cefi-al-plan-de-accion-para-fomentar-el-uso-de-medicamentos-reguladores-del-mercado-en-el-sistema-nacional-de-salud\/"},"wordCount":412,"publisher":{"@id":"https:\/\/cefi.es\/en\/#organization"},"image":{"@id":"https:\/\/cefi.es\/alegaciones-de-la-fundacion-cefi-al-plan-de-accion-para-fomentar-el-uso-de-medicamentos-reguladores-del-mercado-en-el-sistema-nacional-de-salud\/#primaryimage"},"thumbnailUrl":"https:\/\/cefi.es\/wp-contenido\/uploads\/2020\/02\/biosimilares.jpg","articleSection":["Sin categor\u00eda","Noticias de Inter\u00e9s"],"inLanguage":"en-US"},{"@type":"WebPage","@id":"https:\/\/cefi.es\/alegaciones-de-la-fundacion-cefi-al-plan-de-accion-para-fomentar-el-uso-de-medicamentos-reguladores-del-mercado-en-el-sistema-nacional-de-salud\/","url":"https:\/\/cefi.es\/alegaciones-de-la-fundacion-cefi-al-plan-de-accion-para-fomentar-el-uso-de-medicamentos-reguladores-del-mercado-en-el-sistema-nacional-de-salud\/","name":"Alegaciones de la Fundaci\u00f3n Cefi al plan de acci\u00f3n para fomentar el uso de medicamentos reguladores del mercado en el Sistema Nacional de Salud - Centro de estudios para el fomento de la investigaci\u00f3n","isPartOf":{"@id":"https:\/\/cefi.es\/en\/#website"},"primaryImageOfPage":{"@id":"https:\/\/cefi.es\/alegaciones-de-la-fundacion-cefi-al-plan-de-accion-para-fomentar-el-uso-de-medicamentos-reguladores-del-mercado-en-el-sistema-nacional-de-salud\/#primaryimage"},"image":{"@id":"https:\/\/cefi.es\/alegaciones-de-la-fundacion-cefi-al-plan-de-accion-para-fomentar-el-uso-de-medicamentos-reguladores-del-mercado-en-el-sistema-nacional-de-salud\/#primaryimage"},"thumbnailUrl":"https:\/\/cefi.es\/wp-contenido\/uploads\/2020\/02\/biosimilares.jpg","datePublished":"2020-02-04T11:24:20+00:00","dateModified":"2024-09-06T10:47:57+00:00","breadcrumb":{"@id":"https:\/\/cefi.es\/alegaciones-de-la-fundacion-cefi-al-plan-de-accion-para-fomentar-el-uso-de-medicamentos-reguladores-del-mercado-en-el-sistema-nacional-de-salud\/#breadcrumb"},"inLanguage":"en-US","potentialAction":[{"@type":"ReadAction","target":["https:\/\/cefi.es\/alegaciones-de-la-fundacion-cefi-al-plan-de-accion-para-fomentar-el-uso-de-medicamentos-reguladores-del-mercado-en-el-sistema-nacional-de-salud\/"]}]},{"@type":"ImageObject","inLanguage":"en-US","@id":"https:\/\/cefi.es\/alegaciones-de-la-fundacion-cefi-al-plan-de-accion-para-fomentar-el-uso-de-medicamentos-reguladores-del-mercado-en-el-sistema-nacional-de-salud\/#primaryimage","url":"https:\/\/cefi.es\/wp-contenido\/uploads\/2020\/02\/biosimilares.jpg","contentUrl":"https:\/\/cefi.es\/wp-contenido\/uploads\/2020\/02\/biosimilares.jpg","width":1024,"height":519},{"@type":"BreadcrumbList","@id":"https:\/\/cefi.es\/alegaciones-de-la-fundacion-cefi-al-plan-de-accion-para-fomentar-el-uso-de-medicamentos-reguladores-del-mercado-en-el-sistema-nacional-de-salud\/#breadcrumb","itemListElement":[{"@type":"ListItem","position":1,"name":"Home","item":"https:\/\/cefi.es\/en\/"},{"@type":"ListItem","position":2,"name":"Alegaciones de la Fundaci\u00f3n Cefi al plan de acci\u00f3n para fomentar el uso de medicamentos reguladores del mercado en el Sistema Nacional de Salud"}]},{"@type":"WebSite","@id":"https:\/\/cefi.es\/en\/#website","url":"https:\/\/cefi.es\/en\/","name":"Centro de estudios para el fomento de la investigaci\u00f3n","description":"","publisher":{"@id":"https:\/\/cefi.es\/en\/#organization"},"potentialAction":[{"@type":"SearchAction","target":{"@type":"EntryPoint","urlTemplate":"https:\/\/cefi.es\/en\/?s={search_term_string}"},"query-input":{"@type":"PropertyValueSpecification","valueRequired":true,"valueName":"search_term_string"}}],"inLanguage":"en-US"},{"@type":"Organization","@id":"https:\/\/cefi.es\/en\/#organization","name":"Fundacion CeFi. Propiedad industrial e intelectual","url":"https:\/\/cefi.es\/en\/","logo":{"@type":"ImageObject","inLanguage":"en-US","@id":"https:\/\/cefi.es\/en\/#\/schema\/logo\/image\/","url":"https:\/\/cefi.es\/wp-contenido\/uploads\/2019\/12\/cropped-favicon-3.png","contentUrl":"https:\/\/cefi.es\/wp-contenido\/uploads\/2019\/12\/cropped-favicon-3.png","width":512,"height":512,"caption":"Fundacion CeFi. Propiedad industrial e intelectual"},"image":{"@id":"https:\/\/cefi.es\/en\/#\/schema\/logo\/image\/"}},{"@type":"Person","@id":"https:\/\/cefi.es\/en\/#\/schema\/person\/7f0c55a37796bb7af8bdb655ade37da7","name":"Administrador","image":{"@type":"ImageObject","inLanguage":"en-US","@id":"https:\/\/secure.gravatar.com\/avatar\/ca0778ec401a3f547a961e1de7e04c284c1c4dbcf95f7dc69f9bae782d89953c?s=96&d=mm&r=g","url":"https:\/\/secure.gravatar.com\/avatar\/ca0778ec401a3f547a961e1de7e04c284c1c4dbcf95f7dc69f9bae782d89953c?s=96&d=mm&r=g","contentUrl":"https:\/\/secure.gravatar.com\/avatar\/ca0778ec401a3f547a961e1de7e04c284c1c4dbcf95f7dc69f9bae782d89953c?s=96&d=mm&r=g","caption":"Administrador"},"url":"https:\/\/cefi.es\/en\/author\/admin\/"}]}},"_links":{"self":[{"href":"https:\/\/cefi.es\/en\/wp-json\/wp\/v2\/posts\/5962","targetHints":{"allow":["GET"]}}],"collection":[{"href":"https:\/\/cefi.es\/en\/wp-json\/wp\/v2\/posts"}],"about":[{"href":"https:\/\/cefi.es\/en\/wp-json\/wp\/v2\/types\/post"}],"author":[{"embeddable":true,"href":"https:\/\/cefi.es\/en\/wp-json\/wp\/v2\/users\/3"}],"replies":[{"embeddable":true,"href":"https:\/\/cefi.es\/en\/wp-json\/wp\/v2\/comments?post=5962"}],"version-history":[{"count":1,"href":"https:\/\/cefi.es\/en\/wp-json\/wp\/v2\/posts\/5962\/revisions"}],"predecessor-version":[{"id":5965,"href":"https:\/\/cefi.es\/en\/wp-json\/wp\/v2\/posts\/5962\/revisions\/5965"}],"wp:featuredmedia":[{"embeddable":true,"href":"https:\/\/cefi.es\/en\/wp-json\/wp\/v2\/media\/5963"}],"wp:attachment":[{"href":"https:\/\/cefi.es\/en\/wp-json\/wp\/v2\/media?parent=5962"}],"wp:term":[{"taxonomy":"category","embeddable":true,"href":"https:\/\/cefi.es\/en\/wp-json\/wp\/v2\/categories?post=5962"},{"taxonomy":"post_tag","embeddable":true,"href":"https:\/\/cefi.es\/en\/wp-json\/wp\/v2\/tags?post=5962"}],"curies":[{"name":"wp","href":"https:\/\/api.w.org\/{rel}","templated":true}]}}