{"id":4945,"date":"2020-01-29T11:54:51","date_gmt":"2020-01-29T11:54:51","guid":{"rendered":"http:\/\/www.cefi.es\/?p=4945"},"modified":"2026-02-11T09:52:29","modified_gmt":"2026-02-11T08:52:29","slug":"cuadernos-enero-marzo-2019","status":"publish","type":"post","link":"https:\/\/cefi.es\/cuadernos-enero-marzo-2019\/","title":{"rendered":"Publicado el n\u00famero 68 de Cuadernos"},"content":{"rendered":"<p>La reforma del\u00a0Reglamento CCP y la excepci\u00f3n de fabricaci\u00f3n para la exportaci\u00f3n. Estado de la cuesti\u00f3n.<span style=\"font-weight: 400;\"><br \/>\n<\/span><strong>Autores<\/strong>: Francisco Javier Carri\u00f3n Garc\u00eda de Parada y Eduardo Buitr\u00f3n Patuel<br \/>\nP\u00e1ginas: 6-17<\/p>\n<p>La transparencia de los precios de los medicamentos.<span style=\"font-weight: 400;\"><br \/>\n<\/span>Autores: Jordi Faus Santasusana, Merc\u00e8 Maresma Casellas y Laura Marqu\u00e8s Mas<br \/>\nP\u00e1ginas: 18-27<\/p>\n<p>Algunas cuestiones jur\u00eddicas derivadas del uso de las redes sociales en la industria farmac\u00e9utica.<span style=\"font-weight: 400;\"><br \/>\n<\/span><strong>Autor<\/strong>: Jorge Moncl\u00fas Ruiz<br \/>\nP\u00e1ginas: 28-34<\/p>\n<p>La Declaraci\u00f3n de La Valeta: avances y horizontes.<br \/>\n<strong>Autor<\/strong>: Javier Carrascal Satr\u00fastegui<br \/>\nP\u00e1ginas: 35-41<\/p>\n<p>Novedades legislativas en torno a los medicamentos homeop\u00e1ticos.<span style=\"font-weight: 400;\"><br \/>\n<\/span><strong>Autor<\/strong>: Alfonso Noguera Pe\u00f1a<br \/>\nP\u00e1ginas: 42-47<\/p>\n","protected":false},"excerpt":{"rendered":"<p>La reforma del\u00a0Reglamento CCP y la excepci\u00f3n de fabricaci\u00f3n para la exportaci\u00f3n. Estado de la cuesti\u00f3n. Autores: Francisco Javier Carri\u00f3n Garc\u00eda de Parada y Eduardo Buitr\u00f3n Patuel P\u00e1ginas: 6-17 La transparencia de los precios de los medicamentos. Autores: Jordi Faus Santasusana, Merc\u00e8 Maresma Casellas y Laura Marqu\u00e8s Mas P\u00e1ginas: 18-27 Algunas cuestiones jur\u00eddicas derivadas del [&hellip;]<\/p>\n","protected":false},"author":3,"featured_media":26407,"comment_status":"closed","ping_status":"open","sticky":false,"template":"","format":"standard","meta":{"_acf_changed":false,"footnotes":""},"categories":[90],"tags":[],"class_list":["post-4945","post","type-post","status-publish","format-standard","has-post-thumbnail","hentry","category-documentacion-cedef"],"acf":[],"yoast_head":"<!-- This site is optimized with the Yoast SEO plugin v27.3 - https:\/\/yoast.com\/product\/yoast-seo-wordpress\/ -->\n<title>Publicado el n\u00famero 68 de Cuadernos - Centro de estudios para el fomento de la investigaci\u00f3n<\/title>\n<meta name=\"robots\" content=\"index, follow, max-snippet:-1, max-image-preview:large, max-video-preview:-1\" \/>\n<link rel=\"canonical\" href=\"https:\/\/cefi.es\/en\/cuadernos-enero-marzo-2019\/\" \/>\n<meta property=\"og:locale\" content=\"en_US\" \/>\n<meta property=\"og:type\" content=\"article\" \/>\n<meta property=\"og:title\" content=\"Publicado el n\u00famero 68 de Cuadernos - Centro de estudios para el fomento de la investigaci\u00f3n\" \/>\n<meta property=\"og:description\" content=\"La reforma del\u00a0Reglamento CCP y la excepci\u00f3n de fabricaci\u00f3n para la exportaci\u00f3n. Estado de la cuesti\u00f3n. Autores: Francisco Javier Carri\u00f3n Garc\u00eda de Parada y Eduardo Buitr\u00f3n Patuel P\u00e1ginas: 6-17 La transparencia de los precios de los medicamentos. Autores: Jordi Faus Santasusana, Merc\u00e8 Maresma Casellas y Laura Marqu\u00e8s Mas P\u00e1ginas: 18-27 Algunas cuestiones jur\u00eddicas derivadas del [&hellip;]\" \/>\n<meta property=\"og:url\" content=\"https:\/\/cefi.es\/cuadernos-enero-marzo-2019\/\" \/>\n<meta property=\"og:site_name\" content=\"Centro de estudios para el fomento de la investigaci\u00f3n\" \/>\n<meta property=\"article:published_time\" content=\"2020-01-29T11:54:51+00:00\" \/>\n<meta property=\"article:modified_time\" content=\"2026-02-11T08:52:29+00:00\" \/>\n<meta property=\"og:image\" content=\"https:\/\/cefi.es\/wp-contenido\/uploads\/2020\/01\/683d7a82e34b93.06555531_Publicacion.jpg\" \/>\n\t<meta property=\"og:image:width\" content=\"494\" \/>\n\t<meta property=\"og:image:height\" content=\"696\" \/>\n\t<meta property=\"og:image:type\" content=\"image\/jpeg\" \/>\n<meta name=\"author\" content=\"Administrador\" \/>\n<meta name=\"twitter:card\" content=\"summary_large_image\" \/>\n<meta name=\"twitter:label1\" content=\"Written by\" \/>\n\t<meta name=\"twitter:data1\" content=\"Administrador\" \/>\n\t<meta name=\"twitter:label2\" content=\"Est. reading time\" \/>\n\t<meta name=\"twitter:data2\" content=\"1 minute\" \/>\n<script type=\"application\/ld+json\" class=\"yoast-schema-graph\">{\"@context\":\"https:\\\/\\\/schema.org\",\"@graph\":[{\"@type\":\"Article\",\"@id\":\"https:\\\/\\\/cefi.es\\\/cuadernos-enero-marzo-2019\\\/#article\",\"isPartOf\":{\"@id\":\"https:\\\/\\\/cefi.es\\\/cuadernos-enero-marzo-2019\\\/\"},\"author\":{\"name\":\"Administrador\",\"@id\":\"https:\\\/\\\/cefi.es\\\/en\\\/#\\\/schema\\\/person\\\/7f0c55a37796bb7af8bdb655ade37da7\"},\"headline\":\"Publicado el n\u00famero 68 de Cuadernos\",\"datePublished\":\"2020-01-29T11:54:51+00:00\",\"dateModified\":\"2026-02-11T08:52:29+00:00\",\"mainEntityOfPage\":{\"@id\":\"https:\\\/\\\/cefi.es\\\/cuadernos-enero-marzo-2019\\\/\"},\"wordCount\":125,\"publisher\":{\"@id\":\"https:\\\/\\\/cefi.es\\\/en\\\/#organization\"},\"image\":{\"@id\":\"https:\\\/\\\/cefi.es\\\/cuadernos-enero-marzo-2019\\\/#primaryimage\"},\"thumbnailUrl\":\"https:\\\/\\\/cefi.es\\\/wp-contenido\\\/uploads\\\/2020\\\/01\\\/683d7a82e34b93.06555531_Publicacion.jpg\",\"articleSection\":[\"Documentaci\u00f3n CEDEF\"],\"inLanguage\":\"en-US\"},{\"@type\":\"WebPage\",\"@id\":\"https:\\\/\\\/cefi.es\\\/cuadernos-enero-marzo-2019\\\/\",\"url\":\"https:\\\/\\\/cefi.es\\\/cuadernos-enero-marzo-2019\\\/\",\"name\":\"Publicado el n\u00famero 68 de Cuadernos - Centro de estudios para el fomento de la investigaci\u00f3n\",\"isPartOf\":{\"@id\":\"https:\\\/\\\/cefi.es\\\/en\\\/#website\"},\"primaryImageOfPage\":{\"@id\":\"https:\\\/\\\/cefi.es\\\/cuadernos-enero-marzo-2019\\\/#primaryimage\"},\"image\":{\"@id\":\"https:\\\/\\\/cefi.es\\\/cuadernos-enero-marzo-2019\\\/#primaryimage\"},\"thumbnailUrl\":\"https:\\\/\\\/cefi.es\\\/wp-contenido\\\/uploads\\\/2020\\\/01\\\/683d7a82e34b93.06555531_Publicacion.jpg\",\"datePublished\":\"2020-01-29T11:54:51+00:00\",\"dateModified\":\"2026-02-11T08:52:29+00:00\",\"breadcrumb\":{\"@id\":\"https:\\\/\\\/cefi.es\\\/cuadernos-enero-marzo-2019\\\/#breadcrumb\"},\"inLanguage\":\"en-US\",\"potentialAction\":[{\"@type\":\"ReadAction\",\"target\":[\"https:\\\/\\\/cefi.es\\\/cuadernos-enero-marzo-2019\\\/\"]}]},{\"@type\":\"ImageObject\",\"inLanguage\":\"en-US\",\"@id\":\"https:\\\/\\\/cefi.es\\\/cuadernos-enero-marzo-2019\\\/#primaryimage\",\"url\":\"https:\\\/\\\/cefi.es\\\/wp-contenido\\\/uploads\\\/2020\\\/01\\\/683d7a82e34b93.06555531_Publicacion.jpg\",\"contentUrl\":\"https:\\\/\\\/cefi.es\\\/wp-contenido\\\/uploads\\\/2020\\\/01\\\/683d7a82e34b93.06555531_Publicacion.jpg\",\"width\":494,\"height\":696},{\"@type\":\"BreadcrumbList\",\"@id\":\"https:\\\/\\\/cefi.es\\\/cuadernos-enero-marzo-2019\\\/#breadcrumb\",\"itemListElement\":[{\"@type\":\"ListItem\",\"position\":1,\"name\":\"Home\",\"item\":\"https:\\\/\\\/cefi.es\\\/en\\\/\"},{\"@type\":\"ListItem\",\"position\":2,\"name\":\"Publicado el n\u00famero 68 de Cuadernos\"}]},{\"@type\":\"WebSite\",\"@id\":\"https:\\\/\\\/cefi.es\\\/en\\\/#website\",\"url\":\"https:\\\/\\\/cefi.es\\\/en\\\/\",\"name\":\"Centro de estudios para el fomento de la investigaci\u00f3n\",\"description\":\"\",\"publisher\":{\"@id\":\"https:\\\/\\\/cefi.es\\\/en\\\/#organization\"},\"potentialAction\":[{\"@type\":\"SearchAction\",\"target\":{\"@type\":\"EntryPoint\",\"urlTemplate\":\"https:\\\/\\\/cefi.es\\\/en\\\/?s={search_term_string}\"},\"query-input\":{\"@type\":\"PropertyValueSpecification\",\"valueRequired\":true,\"valueName\":\"search_term_string\"}}],\"inLanguage\":\"en-US\"},{\"@type\":\"Organization\",\"@id\":\"https:\\\/\\\/cefi.es\\\/en\\\/#organization\",\"name\":\"Fundacion CeFi. Propiedad industrial e intelectual\",\"url\":\"https:\\\/\\\/cefi.es\\\/en\\\/\",\"logo\":{\"@type\":\"ImageObject\",\"inLanguage\":\"en-US\",\"@id\":\"https:\\\/\\\/cefi.es\\\/en\\\/#\\\/schema\\\/logo\\\/image\\\/\",\"url\":\"https:\\\/\\\/cefi.es\\\/wp-contenido\\\/uploads\\\/2019\\\/12\\\/cropped-favicon-3.png\",\"contentUrl\":\"https:\\\/\\\/cefi.es\\\/wp-contenido\\\/uploads\\\/2019\\\/12\\\/cropped-favicon-3.png\",\"width\":512,\"height\":512,\"caption\":\"Fundacion CeFi. Propiedad industrial e intelectual\"},\"image\":{\"@id\":\"https:\\\/\\\/cefi.es\\\/en\\\/#\\\/schema\\\/logo\\\/image\\\/\"}},{\"@type\":\"Person\",\"@id\":\"https:\\\/\\\/cefi.es\\\/en\\\/#\\\/schema\\\/person\\\/7f0c55a37796bb7af8bdb655ade37da7\",\"name\":\"Administrador\",\"image\":{\"@type\":\"ImageObject\",\"inLanguage\":\"en-US\",\"@id\":\"https:\\\/\\\/secure.gravatar.com\\\/avatar\\\/ca0778ec401a3f547a961e1de7e04c284c1c4dbcf95f7dc69f9bae782d89953c?s=96&d=mm&r=g\",\"url\":\"https:\\\/\\\/secure.gravatar.com\\\/avatar\\\/ca0778ec401a3f547a961e1de7e04c284c1c4dbcf95f7dc69f9bae782d89953c?s=96&d=mm&r=g\",\"contentUrl\":\"https:\\\/\\\/secure.gravatar.com\\\/avatar\\\/ca0778ec401a3f547a961e1de7e04c284c1c4dbcf95f7dc69f9bae782d89953c?s=96&d=mm&r=g\",\"caption\":\"Administrador\"},\"url\":\"https:\\\/\\\/cefi.es\\\/en\\\/author\\\/admin\\\/\"}]}<\/script>\n<!-- \/ Yoast SEO plugin. -->","yoast_head_json":{"title":"Publicado el n\u00famero 68 de Cuadernos - Centro de estudios para el fomento de la investigaci\u00f3n","robots":{"index":"index","follow":"follow","max-snippet":"max-snippet:-1","max-image-preview":"max-image-preview:large","max-video-preview":"max-video-preview:-1"},"canonical":"https:\/\/cefi.es\/en\/cuadernos-enero-marzo-2019\/","og_locale":"en_US","og_type":"article","og_title":"Publicado el n\u00famero 68 de Cuadernos - Centro de estudios para el fomento de la investigaci\u00f3n","og_description":"La reforma del\u00a0Reglamento CCP y la excepci\u00f3n de fabricaci\u00f3n para la exportaci\u00f3n. Estado de la cuesti\u00f3n. Autores: Francisco Javier Carri\u00f3n Garc\u00eda de Parada y Eduardo Buitr\u00f3n Patuel P\u00e1ginas: 6-17 La transparencia de los precios de los medicamentos. Autores: Jordi Faus Santasusana, Merc\u00e8 Maresma Casellas y Laura Marqu\u00e8s Mas P\u00e1ginas: 18-27 Algunas cuestiones jur\u00eddicas derivadas del [&hellip;]","og_url":"https:\/\/cefi.es\/cuadernos-enero-marzo-2019\/","og_site_name":"Centro de estudios para el fomento de la investigaci\u00f3n","article_published_time":"2020-01-29T11:54:51+00:00","article_modified_time":"2026-02-11T08:52:29+00:00","og_image":[{"width":494,"height":696,"url":"https:\/\/cefi.es\/wp-contenido\/uploads\/2020\/01\/683d7a82e34b93.06555531_Publicacion.jpg","type":"image\/jpeg"}],"author":"Administrador","twitter_card":"summary_large_image","twitter_misc":{"Written by":"Administrador","Est. reading time":"1 minute"},"schema":{"@context":"https:\/\/schema.org","@graph":[{"@type":"Article","@id":"https:\/\/cefi.es\/cuadernos-enero-marzo-2019\/#article","isPartOf":{"@id":"https:\/\/cefi.es\/cuadernos-enero-marzo-2019\/"},"author":{"name":"Administrador","@id":"https:\/\/cefi.es\/en\/#\/schema\/person\/7f0c55a37796bb7af8bdb655ade37da7"},"headline":"Publicado el n\u00famero 68 de Cuadernos","datePublished":"2020-01-29T11:54:51+00:00","dateModified":"2026-02-11T08:52:29+00:00","mainEntityOfPage":{"@id":"https:\/\/cefi.es\/cuadernos-enero-marzo-2019\/"},"wordCount":125,"publisher":{"@id":"https:\/\/cefi.es\/en\/#organization"},"image":{"@id":"https:\/\/cefi.es\/cuadernos-enero-marzo-2019\/#primaryimage"},"thumbnailUrl":"https:\/\/cefi.es\/wp-contenido\/uploads\/2020\/01\/683d7a82e34b93.06555531_Publicacion.jpg","articleSection":["Documentaci\u00f3n CEDEF"],"inLanguage":"en-US"},{"@type":"WebPage","@id":"https:\/\/cefi.es\/cuadernos-enero-marzo-2019\/","url":"https:\/\/cefi.es\/cuadernos-enero-marzo-2019\/","name":"Publicado el n\u00famero 68 de Cuadernos - Centro de estudios para el fomento de la investigaci\u00f3n","isPartOf":{"@id":"https:\/\/cefi.es\/en\/#website"},"primaryImageOfPage":{"@id":"https:\/\/cefi.es\/cuadernos-enero-marzo-2019\/#primaryimage"},"image":{"@id":"https:\/\/cefi.es\/cuadernos-enero-marzo-2019\/#primaryimage"},"thumbnailUrl":"https:\/\/cefi.es\/wp-contenido\/uploads\/2020\/01\/683d7a82e34b93.06555531_Publicacion.jpg","datePublished":"2020-01-29T11:54:51+00:00","dateModified":"2026-02-11T08:52:29+00:00","breadcrumb":{"@id":"https:\/\/cefi.es\/cuadernos-enero-marzo-2019\/#breadcrumb"},"inLanguage":"en-US","potentialAction":[{"@type":"ReadAction","target":["https:\/\/cefi.es\/cuadernos-enero-marzo-2019\/"]}]},{"@type":"ImageObject","inLanguage":"en-US","@id":"https:\/\/cefi.es\/cuadernos-enero-marzo-2019\/#primaryimage","url":"https:\/\/cefi.es\/wp-contenido\/uploads\/2020\/01\/683d7a82e34b93.06555531_Publicacion.jpg","contentUrl":"https:\/\/cefi.es\/wp-contenido\/uploads\/2020\/01\/683d7a82e34b93.06555531_Publicacion.jpg","width":494,"height":696},{"@type":"BreadcrumbList","@id":"https:\/\/cefi.es\/cuadernos-enero-marzo-2019\/#breadcrumb","itemListElement":[{"@type":"ListItem","position":1,"name":"Home","item":"https:\/\/cefi.es\/en\/"},{"@type":"ListItem","position":2,"name":"Publicado el n\u00famero 68 de Cuadernos"}]},{"@type":"WebSite","@id":"https:\/\/cefi.es\/en\/#website","url":"https:\/\/cefi.es\/en\/","name":"Centro de estudios para el fomento de la investigaci\u00f3n","description":"","publisher":{"@id":"https:\/\/cefi.es\/en\/#organization"},"potentialAction":[{"@type":"SearchAction","target":{"@type":"EntryPoint","urlTemplate":"https:\/\/cefi.es\/en\/?s={search_term_string}"},"query-input":{"@type":"PropertyValueSpecification","valueRequired":true,"valueName":"search_term_string"}}],"inLanguage":"en-US"},{"@type":"Organization","@id":"https:\/\/cefi.es\/en\/#organization","name":"Fundacion CeFi. Propiedad industrial e intelectual","url":"https:\/\/cefi.es\/en\/","logo":{"@type":"ImageObject","inLanguage":"en-US","@id":"https:\/\/cefi.es\/en\/#\/schema\/logo\/image\/","url":"https:\/\/cefi.es\/wp-contenido\/uploads\/2019\/12\/cropped-favicon-3.png","contentUrl":"https:\/\/cefi.es\/wp-contenido\/uploads\/2019\/12\/cropped-favicon-3.png","width":512,"height":512,"caption":"Fundacion CeFi. Propiedad industrial e intelectual"},"image":{"@id":"https:\/\/cefi.es\/en\/#\/schema\/logo\/image\/"}},{"@type":"Person","@id":"https:\/\/cefi.es\/en\/#\/schema\/person\/7f0c55a37796bb7af8bdb655ade37da7","name":"Administrador","image":{"@type":"ImageObject","inLanguage":"en-US","@id":"https:\/\/secure.gravatar.com\/avatar\/ca0778ec401a3f547a961e1de7e04c284c1c4dbcf95f7dc69f9bae782d89953c?s=96&d=mm&r=g","url":"https:\/\/secure.gravatar.com\/avatar\/ca0778ec401a3f547a961e1de7e04c284c1c4dbcf95f7dc69f9bae782d89953c?s=96&d=mm&r=g","contentUrl":"https:\/\/secure.gravatar.com\/avatar\/ca0778ec401a3f547a961e1de7e04c284c1c4dbcf95f7dc69f9bae782d89953c?s=96&d=mm&r=g","caption":"Administrador"},"url":"https:\/\/cefi.es\/en\/author\/admin\/"}]}},"_links":{"self":[{"href":"https:\/\/cefi.es\/en\/wp-json\/wp\/v2\/posts\/4945","targetHints":{"allow":["GET"]}}],"collection":[{"href":"https:\/\/cefi.es\/en\/wp-json\/wp\/v2\/posts"}],"about":[{"href":"https:\/\/cefi.es\/en\/wp-json\/wp\/v2\/types\/post"}],"author":[{"embeddable":true,"href":"https:\/\/cefi.es\/en\/wp-json\/wp\/v2\/users\/3"}],"replies":[{"embeddable":true,"href":"https:\/\/cefi.es\/en\/wp-json\/wp\/v2\/comments?post=4945"}],"version-history":[{"count":2,"href":"https:\/\/cefi.es\/en\/wp-json\/wp\/v2\/posts\/4945\/revisions"}],"predecessor-version":[{"id":26408,"href":"https:\/\/cefi.es\/en\/wp-json\/wp\/v2\/posts\/4945\/revisions\/26408"}],"wp:featuredmedia":[{"embeddable":true,"href":"https:\/\/cefi.es\/en\/wp-json\/wp\/v2\/media\/26407"}],"wp:attachment":[{"href":"https:\/\/cefi.es\/en\/wp-json\/wp\/v2\/media?parent=4945"}],"wp:term":[{"taxonomy":"category","embeddable":true,"href":"https:\/\/cefi.es\/en\/wp-json\/wp\/v2\/categories?post=4945"},{"taxonomy":"post_tag","embeddable":true,"href":"https:\/\/cefi.es\/en\/wp-json\/wp\/v2\/tags?post=4945"}],"curies":[{"name":"wp","href":"https:\/\/api.w.org\/{rel}","templated":true}]}}