{"id":4940,"date":"2019-12-29T11:50:27","date_gmt":"2019-12-29T11:50:27","guid":{"rendered":"http:\/\/www.cefi.es\/?p=4940"},"modified":"2026-02-11T09:44:50","modified_gmt":"2026-02-11T08:44:50","slug":"comunicaciones-septiembre-diciembre-2019","status":"publish","type":"post","link":"https:\/\/cefi.es\/comunicaciones-septiembre-diciembre-2019\/","title":{"rendered":"Publicado el n\u00famero 88 de Comunicaciones"},"content":{"rendered":"<p><b>El tratamiento de datos personales sobre opiniones pol\u00edticas por parte de los partidos pol\u00edticos: los sistemas de microtargeting y la sentencia del Tribunal Constitucional de 22 de mayo de 2019.<\/b><\/p>\n<p><span style=\"font-weight: 400;\">Autores: Sonia Seb\u00e9 Mar\u00edn y Manel Santilari Barnach<\/span><\/p>\n<p><span style=\"font-weight: 400;\">P\u00e1ginas: 5-25<\/span><\/p>\n<p class=\"p1\" style=\"text-align: center;\">\n<p><b>Pr\u00e1cticas comerciales desleales en la cadena de suministro agr\u00edcola y alimentario: impacto de la Directiva (UE) 2019\/633 en el derecho espa\u00f1ol.<\/b><\/p>\n<p><span style=\"font-weight: 400;\">Autor: \u00c1ngel Garc\u00eda Vidal<\/span><\/p>\n<p><span style=\"font-weight: 400;\">P\u00e1ginas: 27-38<\/span><\/p>\n<p class=\"p1\" style=\"text-align: center;\">\n<p><b>El debate sobre la validez o nulidad de la patente en sede de medidas cautelares y el riesgo de una excesiva profundidad.<\/b><\/p>\n<p><span style=\"font-weight: 400;\">Autor: Francisco Javier Carri\u00f3n Garc\u00eda de Parada<\/span><\/p>\n<p><span style=\"font-weight: 400;\">P\u00e1ginas: 39-56<\/span><\/p>\n<p class=\"p1\" style=\"text-align: center;\">\n<p><b>La Sentencia del TJUE en el asunto Bayer c. Richter Gedeon: \u00bfadi\u00f3s en Espa\u00f1a a la objetividad de la responsabilidad derivada de medidas cautelares alzadas?<\/b><\/p>\n<p><span style=\"font-weight: 400;\">Autor: Adri\u00e1n Crespo Velasco<\/span><\/p>\n<p><span style=\"font-weight: 400;\">P\u00e1ginas: 57-74<\/span><\/p>\n<p class=\"p1\" style=\"text-align: center;\">\n<p><b>Novedades en la protecci\u00f3n jur\u00eddica de los secretos empresariales<\/b><span style=\"font-weight: 400;\">.<\/span><\/p>\n<p><span style=\"font-weight: 400;\">Autor: Paula Gonz\u00e1lez de Castej\u00f3n Llano-Ponte<\/span><\/p>\n<p><span style=\"font-weight: 400;\">P\u00e1ginas: 75-82<\/span><\/p>\n<p class=\"p1\" style=\"text-align: center;\">\n<p><b>Nuevas obligaciones de ciberseguridad y la responsabilidad de la protecci\u00f3n de la propiedad intelectual en el sector farmac\u00e9utico.<\/b><\/p>\n<p><span style=\"font-weight: 400;\">Autor: Francisco P\u00e9rez Bes<\/span><\/p>\n<p><span style=\"font-weight: 400;\">P\u00e1ginas: 83-100<\/span><\/p>\n<p class=\"p1\" style=\"text-align: center;\">\n<p><b>Doctrina reciente del Jurado de Autocontrol en el \u00e1mbito de la publicidad de medicamentos.<\/b><\/p>\n<p><span style=\"font-weight: 400;\">Autor: Patricia Zabala Arroyo y Silvia Garc\u00eda-Patos L\u00f3pez<\/span><\/p>\n<p><span style=\"font-weight: 400;\">P\u00e1ginas: 101-124<\/span><\/p>\n<p class=\"p1\" style=\"text-align: center;\">\n<p><b>La responsabilidad del administrador del sitio web por el bot\u00f3n \u201cme gusta\u201d.<\/b><\/p>\n<p><span style=\"font-weight: 400;\">Autor: Marta Serrano Navas<\/span><\/p>\n<p><span style=\"font-weight: 400;\">P\u00e1ginas: 125-136<\/span><\/p>\n<p class=\"p1\" style=\"text-align: center;\">\n<p><b>La legitimaci\u00f3n pasiva en el c\u00e1rtel de los camiones: \u00bfdebe responder la filial por los da\u00f1os generados por su matriz como consecuencia de una infracci\u00f3n del derecho de la competencia?<\/b><\/p>\n<p><span style=\"font-weight: 400;\">Autor: Rais Amils Arnal<\/span><\/p>\n<p><span style=\"font-weight: 400;\">P\u00e1ginas: 137-156<\/span><\/p>\n<p class=\"p1\" style=\"text-align: center;\">\n<p><b>El Estado de Informaci\u00f3n no financiera<\/b><span style=\"font-weight: 400;\">.<\/span><\/p>\n<p><span style=\"font-weight: 400;\">Autor: Jos\u00e9 Fern\u00e1ndez-Ra\u00f1ada L\u00f3pez-D\u00f3riga<\/span><\/p>\n<p><span style=\"font-weight: 400;\">P\u00e1ginas: 157-166<\/span><\/p>\n","protected":false},"excerpt":{"rendered":"<p>El tratamiento de datos personales sobre opiniones pol\u00edticas por parte de los partidos pol\u00edticos: los sistemas de microtargeting y la sentencia del Tribunal Constitucional de 22 de mayo de 2019. Autores: Sonia Seb\u00e9 Mar\u00edn y Manel Santilari Barnach P\u00e1ginas: 5-25 Pr\u00e1cticas comerciales desleales en la cadena de suministro agr\u00edcola y alimentario: impacto de la Directiva [&hellip;]<\/p>\n","protected":false},"author":3,"featured_media":26403,"comment_status":"closed","ping_status":"open","sticky":false,"template":"","format":"standard","meta":{"_acf_changed":false,"footnotes":""},"categories":[36,246],"tags":[],"class_list":["post-4940","post","type-post","status-publish","format-standard","has-post-thumbnail","hentry","category-news","category-publications"],"acf":[],"yoast_head":"<!-- This site is optimized with the Yoast SEO plugin v27.3 - https:\/\/yoast.com\/product\/yoast-seo-wordpress\/ -->\n<title>Publicado el n\u00famero 88 de Comunicaciones - Centro de estudios para el fomento de la investigaci\u00f3n<\/title>\n<meta name=\"robots\" content=\"index, follow, max-snippet:-1, max-image-preview:large, max-video-preview:-1\" \/>\n<link rel=\"canonical\" href=\"https:\/\/cefi.es\/en\/comunicaciones-septiembre-diciembre-2019\/\" \/>\n<meta property=\"og:locale\" content=\"en_US\" \/>\n<meta property=\"og:type\" content=\"article\" \/>\n<meta property=\"og:title\" content=\"Publicado el n\u00famero 88 de Comunicaciones - Centro de estudios para el fomento de la investigaci\u00f3n\" \/>\n<meta property=\"og:description\" content=\"El tratamiento de datos personales sobre opiniones pol\u00edticas por parte de los partidos pol\u00edticos: los sistemas de microtargeting y la sentencia del Tribunal Constitucional de 22 de mayo de 2019. Autores: Sonia Seb\u00e9 Mar\u00edn y Manel Santilari Barnach P\u00e1ginas: 5-25 Pr\u00e1cticas comerciales desleales en la cadena de suministro agr\u00edcola y alimentario: impacto de la Directiva [&hellip;]\" \/>\n<meta property=\"og:url\" content=\"https:\/\/cefi.es\/comunicaciones-septiembre-diciembre-2019\/\" \/>\n<meta property=\"og:site_name\" content=\"Centro de estudios para el fomento de la investigaci\u00f3n\" \/>\n<meta property=\"article:published_time\" content=\"2019-12-29T11:50:27+00:00\" \/>\n<meta property=\"article:modified_time\" content=\"2026-02-11T08:44:50+00:00\" \/>\n<meta property=\"og:image\" content=\"https:\/\/cefi.es\/wp-contenido\/uploads\/2019\/12\/684058596b0b58.65705400_Publicacion.jpg\" \/>\n\t<meta property=\"og:image:width\" content=\"494\" \/>\n\t<meta property=\"og:image:height\" content=\"696\" \/>\n\t<meta property=\"og:image:type\" content=\"image\/jpeg\" \/>\n<meta name=\"author\" content=\"Administrador\" \/>\n<meta name=\"twitter:card\" content=\"summary_large_image\" \/>\n<meta name=\"twitter:label1\" content=\"Written by\" \/>\n\t<meta name=\"twitter:data1\" content=\"Administrador\" \/>\n\t<meta name=\"twitter:label2\" content=\"Est. reading time\" \/>\n\t<meta name=\"twitter:data2\" content=\"2 minutes\" \/>\n<script type=\"application\/ld+json\" class=\"yoast-schema-graph\">{\"@context\":\"https:\\\/\\\/schema.org\",\"@graph\":[{\"@type\":\"Article\",\"@id\":\"https:\\\/\\\/cefi.es\\\/comunicaciones-septiembre-diciembre-2019\\\/#article\",\"isPartOf\":{\"@id\":\"https:\\\/\\\/cefi.es\\\/comunicaciones-septiembre-diciembre-2019\\\/\"},\"author\":{\"name\":\"Administrador\",\"@id\":\"https:\\\/\\\/cefi.es\\\/en\\\/#\\\/schema\\\/person\\\/7f0c55a37796bb7af8bdb655ade37da7\"},\"headline\":\"Publicado el n\u00famero 88 de Comunicaciones\",\"datePublished\":\"2019-12-29T11:50:27+00:00\",\"dateModified\":\"2026-02-11T08:44:50+00:00\",\"mainEntityOfPage\":{\"@id\":\"https:\\\/\\\/cefi.es\\\/comunicaciones-septiembre-diciembre-2019\\\/\"},\"wordCount\":304,\"publisher\":{\"@id\":\"https:\\\/\\\/cefi.es\\\/en\\\/#organization\"},\"image\":{\"@id\":\"https:\\\/\\\/cefi.es\\\/comunicaciones-septiembre-diciembre-2019\\\/#primaryimage\"},\"thumbnailUrl\":\"https:\\\/\\\/cefi.es\\\/wp-contenido\\\/uploads\\\/2019\\\/12\\\/684058596b0b58.65705400_Publicacion.jpg\",\"articleSection\":[\"News\",\"Publications\"],\"inLanguage\":\"en-US\"},{\"@type\":\"WebPage\",\"@id\":\"https:\\\/\\\/cefi.es\\\/comunicaciones-septiembre-diciembre-2019\\\/\",\"url\":\"https:\\\/\\\/cefi.es\\\/comunicaciones-septiembre-diciembre-2019\\\/\",\"name\":\"Publicado el n\u00famero 88 de Comunicaciones - Centro de estudios para el fomento de la investigaci\u00f3n\",\"isPartOf\":{\"@id\":\"https:\\\/\\\/cefi.es\\\/en\\\/#website\"},\"primaryImageOfPage\":{\"@id\":\"https:\\\/\\\/cefi.es\\\/comunicaciones-septiembre-diciembre-2019\\\/#primaryimage\"},\"image\":{\"@id\":\"https:\\\/\\\/cefi.es\\\/comunicaciones-septiembre-diciembre-2019\\\/#primaryimage\"},\"thumbnailUrl\":\"https:\\\/\\\/cefi.es\\\/wp-contenido\\\/uploads\\\/2019\\\/12\\\/684058596b0b58.65705400_Publicacion.jpg\",\"datePublished\":\"2019-12-29T11:50:27+00:00\",\"dateModified\":\"2026-02-11T08:44:50+00:00\",\"breadcrumb\":{\"@id\":\"https:\\\/\\\/cefi.es\\\/comunicaciones-septiembre-diciembre-2019\\\/#breadcrumb\"},\"inLanguage\":\"en-US\",\"potentialAction\":[{\"@type\":\"ReadAction\",\"target\":[\"https:\\\/\\\/cefi.es\\\/comunicaciones-septiembre-diciembre-2019\\\/\"]}]},{\"@type\":\"ImageObject\",\"inLanguage\":\"en-US\",\"@id\":\"https:\\\/\\\/cefi.es\\\/comunicaciones-septiembre-diciembre-2019\\\/#primaryimage\",\"url\":\"https:\\\/\\\/cefi.es\\\/wp-contenido\\\/uploads\\\/2019\\\/12\\\/684058596b0b58.65705400_Publicacion.jpg\",\"contentUrl\":\"https:\\\/\\\/cefi.es\\\/wp-contenido\\\/uploads\\\/2019\\\/12\\\/684058596b0b58.65705400_Publicacion.jpg\",\"width\":494,\"height\":696},{\"@type\":\"BreadcrumbList\",\"@id\":\"https:\\\/\\\/cefi.es\\\/comunicaciones-septiembre-diciembre-2019\\\/#breadcrumb\",\"itemListElement\":[{\"@type\":\"ListItem\",\"position\":1,\"name\":\"Home\",\"item\":\"https:\\\/\\\/cefi.es\\\/en\\\/\"},{\"@type\":\"ListItem\",\"position\":2,\"name\":\"Publicado el n\u00famero 88 de Comunicaciones\"}]},{\"@type\":\"WebSite\",\"@id\":\"https:\\\/\\\/cefi.es\\\/en\\\/#website\",\"url\":\"https:\\\/\\\/cefi.es\\\/en\\\/\",\"name\":\"Centro de estudios para el fomento de la investigaci\u00f3n\",\"description\":\"\",\"publisher\":{\"@id\":\"https:\\\/\\\/cefi.es\\\/en\\\/#organization\"},\"potentialAction\":[{\"@type\":\"SearchAction\",\"target\":{\"@type\":\"EntryPoint\",\"urlTemplate\":\"https:\\\/\\\/cefi.es\\\/en\\\/?s={search_term_string}\"},\"query-input\":{\"@type\":\"PropertyValueSpecification\",\"valueRequired\":true,\"valueName\":\"search_term_string\"}}],\"inLanguage\":\"en-US\"},{\"@type\":\"Organization\",\"@id\":\"https:\\\/\\\/cefi.es\\\/en\\\/#organization\",\"name\":\"Fundacion CeFi. Propiedad industrial e intelectual\",\"url\":\"https:\\\/\\\/cefi.es\\\/en\\\/\",\"logo\":{\"@type\":\"ImageObject\",\"inLanguage\":\"en-US\",\"@id\":\"https:\\\/\\\/cefi.es\\\/en\\\/#\\\/schema\\\/logo\\\/image\\\/\",\"url\":\"https:\\\/\\\/cefi.es\\\/wp-contenido\\\/uploads\\\/2019\\\/12\\\/cropped-favicon-3.png\",\"contentUrl\":\"https:\\\/\\\/cefi.es\\\/wp-contenido\\\/uploads\\\/2019\\\/12\\\/cropped-favicon-3.png\",\"width\":512,\"height\":512,\"caption\":\"Fundacion CeFi. Propiedad industrial e intelectual\"},\"image\":{\"@id\":\"https:\\\/\\\/cefi.es\\\/en\\\/#\\\/schema\\\/logo\\\/image\\\/\"}},{\"@type\":\"Person\",\"@id\":\"https:\\\/\\\/cefi.es\\\/en\\\/#\\\/schema\\\/person\\\/7f0c55a37796bb7af8bdb655ade37da7\",\"name\":\"Administrador\",\"image\":{\"@type\":\"ImageObject\",\"inLanguage\":\"en-US\",\"@id\":\"https:\\\/\\\/secure.gravatar.com\\\/avatar\\\/ca0778ec401a3f547a961e1de7e04c284c1c4dbcf95f7dc69f9bae782d89953c?s=96&d=mm&r=g\",\"url\":\"https:\\\/\\\/secure.gravatar.com\\\/avatar\\\/ca0778ec401a3f547a961e1de7e04c284c1c4dbcf95f7dc69f9bae782d89953c?s=96&d=mm&r=g\",\"contentUrl\":\"https:\\\/\\\/secure.gravatar.com\\\/avatar\\\/ca0778ec401a3f547a961e1de7e04c284c1c4dbcf95f7dc69f9bae782d89953c?s=96&d=mm&r=g\",\"caption\":\"Administrador\"},\"url\":\"https:\\\/\\\/cefi.es\\\/en\\\/author\\\/admin\\\/\"}]}<\/script>\n<!-- \/ Yoast SEO plugin. -->","yoast_head_json":{"title":"Publicado el n\u00famero 88 de Comunicaciones - Centro de estudios para el fomento de la investigaci\u00f3n","robots":{"index":"index","follow":"follow","max-snippet":"max-snippet:-1","max-image-preview":"max-image-preview:large","max-video-preview":"max-video-preview:-1"},"canonical":"https:\/\/cefi.es\/en\/comunicaciones-septiembre-diciembre-2019\/","og_locale":"en_US","og_type":"article","og_title":"Publicado el n\u00famero 88 de Comunicaciones - Centro de estudios para el fomento de la investigaci\u00f3n","og_description":"El tratamiento de datos personales sobre opiniones pol\u00edticas por parte de los partidos pol\u00edticos: los sistemas de microtargeting y la sentencia del Tribunal Constitucional de 22 de mayo de 2019. Autores: Sonia Seb\u00e9 Mar\u00edn y Manel Santilari Barnach P\u00e1ginas: 5-25 Pr\u00e1cticas comerciales desleales en la cadena de suministro agr\u00edcola y alimentario: impacto de la Directiva [&hellip;]","og_url":"https:\/\/cefi.es\/comunicaciones-septiembre-diciembre-2019\/","og_site_name":"Centro de estudios para el fomento de la investigaci\u00f3n","article_published_time":"2019-12-29T11:50:27+00:00","article_modified_time":"2026-02-11T08:44:50+00:00","og_image":[{"width":494,"height":696,"url":"https:\/\/cefi.es\/wp-contenido\/uploads\/2019\/12\/684058596b0b58.65705400_Publicacion.jpg","type":"image\/jpeg"}],"author":"Administrador","twitter_card":"summary_large_image","twitter_misc":{"Written by":"Administrador","Est. reading time":"2 minutes"},"schema":{"@context":"https:\/\/schema.org","@graph":[{"@type":"Article","@id":"https:\/\/cefi.es\/comunicaciones-septiembre-diciembre-2019\/#article","isPartOf":{"@id":"https:\/\/cefi.es\/comunicaciones-septiembre-diciembre-2019\/"},"author":{"name":"Administrador","@id":"https:\/\/cefi.es\/en\/#\/schema\/person\/7f0c55a37796bb7af8bdb655ade37da7"},"headline":"Publicado el n\u00famero 88 de Comunicaciones","datePublished":"2019-12-29T11:50:27+00:00","dateModified":"2026-02-11T08:44:50+00:00","mainEntityOfPage":{"@id":"https:\/\/cefi.es\/comunicaciones-septiembre-diciembre-2019\/"},"wordCount":304,"publisher":{"@id":"https:\/\/cefi.es\/en\/#organization"},"image":{"@id":"https:\/\/cefi.es\/comunicaciones-septiembre-diciembre-2019\/#primaryimage"},"thumbnailUrl":"https:\/\/cefi.es\/wp-contenido\/uploads\/2019\/12\/684058596b0b58.65705400_Publicacion.jpg","articleSection":["News","Publications"],"inLanguage":"en-US"},{"@type":"WebPage","@id":"https:\/\/cefi.es\/comunicaciones-septiembre-diciembre-2019\/","url":"https:\/\/cefi.es\/comunicaciones-septiembre-diciembre-2019\/","name":"Publicado el n\u00famero 88 de Comunicaciones - Centro de estudios para el fomento de la investigaci\u00f3n","isPartOf":{"@id":"https:\/\/cefi.es\/en\/#website"},"primaryImageOfPage":{"@id":"https:\/\/cefi.es\/comunicaciones-septiembre-diciembre-2019\/#primaryimage"},"image":{"@id":"https:\/\/cefi.es\/comunicaciones-septiembre-diciembre-2019\/#primaryimage"},"thumbnailUrl":"https:\/\/cefi.es\/wp-contenido\/uploads\/2019\/12\/684058596b0b58.65705400_Publicacion.jpg","datePublished":"2019-12-29T11:50:27+00:00","dateModified":"2026-02-11T08:44:50+00:00","breadcrumb":{"@id":"https:\/\/cefi.es\/comunicaciones-septiembre-diciembre-2019\/#breadcrumb"},"inLanguage":"en-US","potentialAction":[{"@type":"ReadAction","target":["https:\/\/cefi.es\/comunicaciones-septiembre-diciembre-2019\/"]}]},{"@type":"ImageObject","inLanguage":"en-US","@id":"https:\/\/cefi.es\/comunicaciones-septiembre-diciembre-2019\/#primaryimage","url":"https:\/\/cefi.es\/wp-contenido\/uploads\/2019\/12\/684058596b0b58.65705400_Publicacion.jpg","contentUrl":"https:\/\/cefi.es\/wp-contenido\/uploads\/2019\/12\/684058596b0b58.65705400_Publicacion.jpg","width":494,"height":696},{"@type":"BreadcrumbList","@id":"https:\/\/cefi.es\/comunicaciones-septiembre-diciembre-2019\/#breadcrumb","itemListElement":[{"@type":"ListItem","position":1,"name":"Home","item":"https:\/\/cefi.es\/en\/"},{"@type":"ListItem","position":2,"name":"Publicado el n\u00famero 88 de Comunicaciones"}]},{"@type":"WebSite","@id":"https:\/\/cefi.es\/en\/#website","url":"https:\/\/cefi.es\/en\/","name":"Centro de estudios para el fomento de la investigaci\u00f3n","description":"","publisher":{"@id":"https:\/\/cefi.es\/en\/#organization"},"potentialAction":[{"@type":"SearchAction","target":{"@type":"EntryPoint","urlTemplate":"https:\/\/cefi.es\/en\/?s={search_term_string}"},"query-input":{"@type":"PropertyValueSpecification","valueRequired":true,"valueName":"search_term_string"}}],"inLanguage":"en-US"},{"@type":"Organization","@id":"https:\/\/cefi.es\/en\/#organization","name":"Fundacion CeFi. Propiedad industrial e intelectual","url":"https:\/\/cefi.es\/en\/","logo":{"@type":"ImageObject","inLanguage":"en-US","@id":"https:\/\/cefi.es\/en\/#\/schema\/logo\/image\/","url":"https:\/\/cefi.es\/wp-contenido\/uploads\/2019\/12\/cropped-favicon-3.png","contentUrl":"https:\/\/cefi.es\/wp-contenido\/uploads\/2019\/12\/cropped-favicon-3.png","width":512,"height":512,"caption":"Fundacion CeFi. Propiedad industrial e intelectual"},"image":{"@id":"https:\/\/cefi.es\/en\/#\/schema\/logo\/image\/"}},{"@type":"Person","@id":"https:\/\/cefi.es\/en\/#\/schema\/person\/7f0c55a37796bb7af8bdb655ade37da7","name":"Administrador","image":{"@type":"ImageObject","inLanguage":"en-US","@id":"https:\/\/secure.gravatar.com\/avatar\/ca0778ec401a3f547a961e1de7e04c284c1c4dbcf95f7dc69f9bae782d89953c?s=96&d=mm&r=g","url":"https:\/\/secure.gravatar.com\/avatar\/ca0778ec401a3f547a961e1de7e04c284c1c4dbcf95f7dc69f9bae782d89953c?s=96&d=mm&r=g","contentUrl":"https:\/\/secure.gravatar.com\/avatar\/ca0778ec401a3f547a961e1de7e04c284c1c4dbcf95f7dc69f9bae782d89953c?s=96&d=mm&r=g","caption":"Administrador"},"url":"https:\/\/cefi.es\/en\/author\/admin\/"}]}},"_links":{"self":[{"href":"https:\/\/cefi.es\/en\/wp-json\/wp\/v2\/posts\/4940","targetHints":{"allow":["GET"]}}],"collection":[{"href":"https:\/\/cefi.es\/en\/wp-json\/wp\/v2\/posts"}],"about":[{"href":"https:\/\/cefi.es\/en\/wp-json\/wp\/v2\/types\/post"}],"author":[{"embeddable":true,"href":"https:\/\/cefi.es\/en\/wp-json\/wp\/v2\/users\/3"}],"replies":[{"embeddable":true,"href":"https:\/\/cefi.es\/en\/wp-json\/wp\/v2\/comments?post=4940"}],"version-history":[{"count":2,"href":"https:\/\/cefi.es\/en\/wp-json\/wp\/v2\/posts\/4940\/revisions"}],"predecessor-version":[{"id":26404,"href":"https:\/\/cefi.es\/en\/wp-json\/wp\/v2\/posts\/4940\/revisions\/26404"}],"wp:featuredmedia":[{"embeddable":true,"href":"https:\/\/cefi.es\/en\/wp-json\/wp\/v2\/media\/26403"}],"wp:attachment":[{"href":"https:\/\/cefi.es\/en\/wp-json\/wp\/v2\/media?parent=4940"}],"wp:term":[{"taxonomy":"category","embeddable":true,"href":"https:\/\/cefi.es\/en\/wp-json\/wp\/v2\/categories?post=4940"},{"taxonomy":"post_tag","embeddable":true,"href":"https:\/\/cefi.es\/en\/wp-json\/wp\/v2\/tags?post=4940"}],"curies":[{"name":"wp","href":"https:\/\/api.w.org\/{rel}","templated":true}]}}