{"id":4938,"date":"2019-04-29T11:49:51","date_gmt":"2019-04-29T11:49:51","guid":{"rendered":"http:\/\/www.cefi.es\/?p=4938"},"modified":"2026-02-11T09:37:50","modified_gmt":"2026-02-11T08:37:50","slug":"comunicaciones-enero-abril-2019","status":"publish","type":"post","link":"https:\/\/cefi.es\/comunicaciones-enero-abril-2019\/","title":{"rendered":"Publicado el n\u00famero 86 de Comunicaciones"},"content":{"rendered":"<p><b>Novedades sobre la investigaci\u00f3n sanitaria: el Dictamen 3\/2019 del Comit\u00e9 Europeo de Protecci\u00f3n de Datos.<\/b><span style=\"font-weight: 400;\"><br \/>\n<\/span><span style=\"font-weight: 400;\">Autor: Jes\u00fas Rub\u00ed Navarrete<\/span><span style=\"font-weight: 400;\"><br \/>\n<\/span><span style=\"font-weight: 400;\">P\u00e1ginas: 5-18<\/span><\/p>\n<p><b>La reforma del Reglamento CCP y la excepci\u00f3n de fabricaci\u00f3n para la exportaci\u00f3n. Estado de la cuesti\u00f3n.<\/b><span style=\"font-weight: 400;\"><br \/>\n<\/span><span style=\"font-weight: 400;\">Autores: Francisco Javier Carri\u00f3n Garc\u00eda de Parada y Eduardo Buitr\u00f3n Patuel<\/span><span style=\"font-weight: 400;\"><br \/>\n<\/span><span style=\"font-weight: 400;\">P\u00e1ginas: 19-36<\/span><\/p>\n<p><b>Cuestiones abiertas sobre la aplicaci\u00f3n de los requisitos para la concesi\u00f3n de Certificados Complementarios de Protecci\u00f3n: la protecci\u00f3n del producto por la patente de base y la primera autorizaci\u00f3n de comercializaci\u00f3n.<\/b><span style=\"font-weight: 400;\"><br \/>\n<\/span><span style=\"font-weight: 400;\">Autores: Laura Cantero Rangel y \u00c1lvaro Vel\u00e1zquez Saiz<\/span><span style=\"font-weight: 400;\"><br \/>\n<\/span><span style=\"font-weight: 400;\">P\u00e1ginas: 37-75<\/span><\/p>\n<p><b>Propuesta de una nueva categor\u00eda de inventor para el sistema de patentes espa\u00f1ol. El &#8220;inventor artificial&#8221;.<\/b><span style=\"font-weight: 400;\"><br \/>\n<\/span><span style=\"font-weight: 400;\">Autora: Luz S\u00e1nchez Garc\u00eda<\/span><span style=\"font-weight: 400;\"><br \/>\n<\/span><span style=\"font-weight: 400;\">P\u00e1ginas: 77-90<\/span><\/p>\n<p><b>El Real Decreto-ley 23\/2018, de 21 de diciembre. Novedades de la reforma de la Ley 17\/2001, de Marcas.<\/b><span style=\"font-weight: 400;\"><br \/>\n<\/span><span style=\"font-weight: 400;\">Autores: Jos\u00e9 Antonio Moreno Campos y Javier Gonz\u00e1lez Fern\u00e1ndez-Pacheco<\/span><span style=\"font-weight: 400;\"><br \/>\n<\/span><span style=\"font-weight: 400;\">P\u00e1ginas: 91-118<\/span><\/p>\n<p><b>Derecho de distribuci\u00f3n. Venta, oferta de venta y almacenamiento para la venta: comentario a la Sentencia del Tribunal de Justicia (Sala Cuarta) de la Uni\u00f3n Europea de 19 de diciembre de 2018 (C-572\/17; caso Syed).<\/b><span style=\"font-weight: 400;\"><br \/>\n<\/span><span style=\"font-weight: 400;\">Autor: Juan A. Cuerva de Ca\u00f1as<\/span><span style=\"font-weight: 400;\"><br \/>\n<\/span><span style=\"font-weight: 400;\">P\u00e1ginas: 119-136<\/span><\/p>\n<p><b>La elaboraci\u00f3n de perfiles en el contexto del\u00a0<\/b><b><i>marketing\u00a0<\/i><\/b><b>personalizado.<\/b><span style=\"font-weight: 400;\"><br \/>\n<\/span><span style=\"font-weight: 400;\">Autora: Laia Reyes Rico<\/span><span style=\"font-weight: 400;\"><br \/>\n<\/span><span style=\"font-weight: 400;\">P\u00e1ginas: 137-155<\/span><\/p>\n<p><b>La sentencia\u00a0<\/b><b><i>Servier\u00a0<\/i><\/b><b>\u00a0del TGUE: cortapisas a la Comisi\u00f3n en el sector farmac\u00e9utico.<\/b><span style=\"font-weight: 400;\"><br \/>\n<\/span><span style=\"font-weight: 400;\">Autores: Helmut Brokelmann y Mariarosaria Ganino<\/span><span style=\"font-weight: 400;\"><br \/>\n<\/span><span style=\"font-weight: 400;\">P\u00e1ginas: 157-174<\/span><\/p>\n<p><b>Informe de la Comisi\u00f3n Europea: aplicaci\u00f3n de las normas de competencia en el sector farmac\u00e9utico (2009-2017). Competencia en innovaci\u00f3n.<\/b><span style=\"font-weight: 400;\"><br \/>\n<\/span><span style=\"font-weight: 400;\">Autor: Daniel Arribas Gonz\u00e1lez<\/span><span style=\"font-weight: 400;\"><br \/>\n<\/span><span style=\"font-weight: 400;\">P\u00e1ginas: 175-192<\/span><\/p>\n<p><b>La Directiva ECN+: armonizaci\u00f3n de los poderes de las autoridades nacionales para una aplicaci\u00f3n m\u00e1s efectiva del Derecho europeo de defensa de la competencia.<\/b><span style=\"font-weight: 400;\"><br \/>\n<\/span><span style=\"font-weight: 400;\">Autora: Rais Amils Arnal<\/span><span style=\"font-weight: 400;\"><br \/>\n<\/span><span style=\"font-weight: 400;\">P\u00e1ginas: 193-213<\/span><\/p>\n<p class=\"p1\" style=\"text-align: left;\"><b>El nuevo marco normativo europeo sobre protecci\u00f3n de datos personales y el estatuto de las muestras biol\u00f3gicas humanas y de los biobancos para investigaci\u00f3n biom\u00e9dica.<\/b><span style=\"font-weight: 400;\"><br \/>\n<\/span><span style=\"font-weight: 400;\">Autor: Carlos M. Romeo Casabona<\/span><span style=\"font-weight: 400;\"><br \/>\n<\/span><span style=\"font-weight: 400;\">P\u00e1ginas: 215-238<\/span><\/p>\n","protected":false},"excerpt":{"rendered":"<p>Novedades sobre la investigaci\u00f3n sanitaria: el Dictamen 3\/2019 del Comit\u00e9 Europeo de Protecci\u00f3n de Datos. Autor: Jes\u00fas Rub\u00ed Navarrete P\u00e1ginas: 5-18 La reforma del Reglamento CCP y la excepci\u00f3n de fabricaci\u00f3n para la exportaci\u00f3n. Estado de la cuesti\u00f3n. Autores: Francisco Javier Carri\u00f3n Garc\u00eda de Parada y Eduardo Buitr\u00f3n Patuel P\u00e1ginas: 19-36 Cuestiones abiertas sobre la [&hellip;]<\/p>\n","protected":false},"author":3,"featured_media":26398,"comment_status":"closed","ping_status":"open","sticky":false,"template":"","format":"standard","meta":{"_acf_changed":false,"footnotes":""},"categories":[89],"tags":[],"class_list":["post-4938","post","type-post","status-publish","format-standard","has-post-thumbnail","hentry","category-documentacion-idei"],"acf":[],"yoast_head":"<!-- This site is optimized with the Yoast SEO plugin v27.3 - https:\/\/yoast.com\/product\/yoast-seo-wordpress\/ -->\n<title>Publicado el n\u00famero 86 de Comunicaciones - Centro de estudios para el fomento de la investigaci\u00f3n<\/title>\n<meta name=\"robots\" content=\"index, follow, max-snippet:-1, max-image-preview:large, max-video-preview:-1\" \/>\n<link rel=\"canonical\" href=\"https:\/\/cefi.es\/en\/comunicaciones-enero-abril-2019\/\" \/>\n<meta property=\"og:locale\" content=\"en_US\" \/>\n<meta property=\"og:type\" content=\"article\" \/>\n<meta property=\"og:title\" content=\"Publicado el n\u00famero 86 de Comunicaciones - Centro de estudios para el fomento de la investigaci\u00f3n\" \/>\n<meta property=\"og:description\" content=\"Novedades sobre la investigaci\u00f3n sanitaria: el Dictamen 3\/2019 del Comit\u00e9 Europeo de Protecci\u00f3n de Datos. Autor: Jes\u00fas Rub\u00ed Navarrete P\u00e1ginas: 5-18 La reforma del Reglamento CCP y la excepci\u00f3n de fabricaci\u00f3n para la exportaci\u00f3n. Estado de la cuesti\u00f3n. Autores: Francisco Javier Carri\u00f3n Garc\u00eda de Parada y Eduardo Buitr\u00f3n Patuel P\u00e1ginas: 19-36 Cuestiones abiertas sobre la [&hellip;]\" \/>\n<meta property=\"og:url\" content=\"https:\/\/cefi.es\/comunicaciones-enero-abril-2019\/\" \/>\n<meta property=\"og:site_name\" content=\"Centro de estudios para el fomento de la investigaci\u00f3n\" \/>\n<meta property=\"article:published_time\" content=\"2019-04-29T11:49:51+00:00\" \/>\n<meta property=\"article:modified_time\" content=\"2026-02-11T08:37:50+00:00\" \/>\n<meta property=\"og:image\" content=\"https:\/\/cefi.es\/wp-contenido\/uploads\/2019\/04\/6840583b927a55.07086427_Publicacion.jpg\" \/>\n\t<meta property=\"og:image:width\" content=\"494\" \/>\n\t<meta property=\"og:image:height\" content=\"696\" \/>\n\t<meta property=\"og:image:type\" content=\"image\/jpeg\" \/>\n<meta name=\"author\" content=\"Administrador\" \/>\n<meta name=\"twitter:card\" content=\"summary_large_image\" \/>\n<meta name=\"twitter:label1\" content=\"Written by\" \/>\n\t<meta name=\"twitter:data1\" content=\"Administrador\" \/>\n\t<meta name=\"twitter:label2\" content=\"Est. reading time\" \/>\n\t<meta name=\"twitter:data2\" content=\"2 minutes\" \/>\n<script type=\"application\/ld+json\" class=\"yoast-schema-graph\">{\"@context\":\"https:\\\/\\\/schema.org\",\"@graph\":[{\"@type\":\"Article\",\"@id\":\"https:\\\/\\\/cefi.es\\\/comunicaciones-enero-abril-2019\\\/#article\",\"isPartOf\":{\"@id\":\"https:\\\/\\\/cefi.es\\\/comunicaciones-enero-abril-2019\\\/\"},\"author\":{\"name\":\"Administrador\",\"@id\":\"https:\\\/\\\/cefi.es\\\/en\\\/#\\\/schema\\\/person\\\/7f0c55a37796bb7af8bdb655ade37da7\"},\"headline\":\"Publicado el n\u00famero 86 de Comunicaciones\",\"datePublished\":\"2019-04-29T11:49:51+00:00\",\"dateModified\":\"2026-02-11T08:37:50+00:00\",\"mainEntityOfPage\":{\"@id\":\"https:\\\/\\\/cefi.es\\\/comunicaciones-enero-abril-2019\\\/\"},\"wordCount\":362,\"publisher\":{\"@id\":\"https:\\\/\\\/cefi.es\\\/en\\\/#organization\"},\"image\":{\"@id\":\"https:\\\/\\\/cefi.es\\\/comunicaciones-enero-abril-2019\\\/#primaryimage\"},\"thumbnailUrl\":\"https:\\\/\\\/cefi.es\\\/wp-contenido\\\/uploads\\\/2019\\\/04\\\/6840583b927a55.07086427_Publicacion.jpg\",\"articleSection\":[\"Documentaci\u00f3n IDEI\"],\"inLanguage\":\"en-US\"},{\"@type\":\"WebPage\",\"@id\":\"https:\\\/\\\/cefi.es\\\/comunicaciones-enero-abril-2019\\\/\",\"url\":\"https:\\\/\\\/cefi.es\\\/comunicaciones-enero-abril-2019\\\/\",\"name\":\"Publicado el n\u00famero 86 de Comunicaciones - Centro de estudios para el fomento de la investigaci\u00f3n\",\"isPartOf\":{\"@id\":\"https:\\\/\\\/cefi.es\\\/en\\\/#website\"},\"primaryImageOfPage\":{\"@id\":\"https:\\\/\\\/cefi.es\\\/comunicaciones-enero-abril-2019\\\/#primaryimage\"},\"image\":{\"@id\":\"https:\\\/\\\/cefi.es\\\/comunicaciones-enero-abril-2019\\\/#primaryimage\"},\"thumbnailUrl\":\"https:\\\/\\\/cefi.es\\\/wp-contenido\\\/uploads\\\/2019\\\/04\\\/6840583b927a55.07086427_Publicacion.jpg\",\"datePublished\":\"2019-04-29T11:49:51+00:00\",\"dateModified\":\"2026-02-11T08:37:50+00:00\",\"breadcrumb\":{\"@id\":\"https:\\\/\\\/cefi.es\\\/comunicaciones-enero-abril-2019\\\/#breadcrumb\"},\"inLanguage\":\"en-US\",\"potentialAction\":[{\"@type\":\"ReadAction\",\"target\":[\"https:\\\/\\\/cefi.es\\\/comunicaciones-enero-abril-2019\\\/\"]}]},{\"@type\":\"ImageObject\",\"inLanguage\":\"en-US\",\"@id\":\"https:\\\/\\\/cefi.es\\\/comunicaciones-enero-abril-2019\\\/#primaryimage\",\"url\":\"https:\\\/\\\/cefi.es\\\/wp-contenido\\\/uploads\\\/2019\\\/04\\\/6840583b927a55.07086427_Publicacion.jpg\",\"contentUrl\":\"https:\\\/\\\/cefi.es\\\/wp-contenido\\\/uploads\\\/2019\\\/04\\\/6840583b927a55.07086427_Publicacion.jpg\",\"width\":494,\"height\":696},{\"@type\":\"BreadcrumbList\",\"@id\":\"https:\\\/\\\/cefi.es\\\/comunicaciones-enero-abril-2019\\\/#breadcrumb\",\"itemListElement\":[{\"@type\":\"ListItem\",\"position\":1,\"name\":\"Home\",\"item\":\"https:\\\/\\\/cefi.es\\\/en\\\/\"},{\"@type\":\"ListItem\",\"position\":2,\"name\":\"Publicado el n\u00famero 86 de Comunicaciones\"}]},{\"@type\":\"WebSite\",\"@id\":\"https:\\\/\\\/cefi.es\\\/en\\\/#website\",\"url\":\"https:\\\/\\\/cefi.es\\\/en\\\/\",\"name\":\"Centro de estudios para el fomento de la investigaci\u00f3n\",\"description\":\"\",\"publisher\":{\"@id\":\"https:\\\/\\\/cefi.es\\\/en\\\/#organization\"},\"potentialAction\":[{\"@type\":\"SearchAction\",\"target\":{\"@type\":\"EntryPoint\",\"urlTemplate\":\"https:\\\/\\\/cefi.es\\\/en\\\/?s={search_term_string}\"},\"query-input\":{\"@type\":\"PropertyValueSpecification\",\"valueRequired\":true,\"valueName\":\"search_term_string\"}}],\"inLanguage\":\"en-US\"},{\"@type\":\"Organization\",\"@id\":\"https:\\\/\\\/cefi.es\\\/en\\\/#organization\",\"name\":\"Fundacion CeFi. Propiedad industrial e intelectual\",\"url\":\"https:\\\/\\\/cefi.es\\\/en\\\/\",\"logo\":{\"@type\":\"ImageObject\",\"inLanguage\":\"en-US\",\"@id\":\"https:\\\/\\\/cefi.es\\\/en\\\/#\\\/schema\\\/logo\\\/image\\\/\",\"url\":\"https:\\\/\\\/cefi.es\\\/wp-contenido\\\/uploads\\\/2019\\\/12\\\/cropped-favicon-3.png\",\"contentUrl\":\"https:\\\/\\\/cefi.es\\\/wp-contenido\\\/uploads\\\/2019\\\/12\\\/cropped-favicon-3.png\",\"width\":512,\"height\":512,\"caption\":\"Fundacion CeFi. Propiedad industrial e intelectual\"},\"image\":{\"@id\":\"https:\\\/\\\/cefi.es\\\/en\\\/#\\\/schema\\\/logo\\\/image\\\/\"}},{\"@type\":\"Person\",\"@id\":\"https:\\\/\\\/cefi.es\\\/en\\\/#\\\/schema\\\/person\\\/7f0c55a37796bb7af8bdb655ade37da7\",\"name\":\"Administrador\",\"image\":{\"@type\":\"ImageObject\",\"inLanguage\":\"en-US\",\"@id\":\"https:\\\/\\\/secure.gravatar.com\\\/avatar\\\/ca0778ec401a3f547a961e1de7e04c284c1c4dbcf95f7dc69f9bae782d89953c?s=96&d=mm&r=g\",\"url\":\"https:\\\/\\\/secure.gravatar.com\\\/avatar\\\/ca0778ec401a3f547a961e1de7e04c284c1c4dbcf95f7dc69f9bae782d89953c?s=96&d=mm&r=g\",\"contentUrl\":\"https:\\\/\\\/secure.gravatar.com\\\/avatar\\\/ca0778ec401a3f547a961e1de7e04c284c1c4dbcf95f7dc69f9bae782d89953c?s=96&d=mm&r=g\",\"caption\":\"Administrador\"},\"url\":\"https:\\\/\\\/cefi.es\\\/en\\\/author\\\/admin\\\/\"}]}<\/script>\n<!-- \/ Yoast SEO plugin. -->","yoast_head_json":{"title":"Publicado el n\u00famero 86 de Comunicaciones - Centro de estudios para el fomento de la investigaci\u00f3n","robots":{"index":"index","follow":"follow","max-snippet":"max-snippet:-1","max-image-preview":"max-image-preview:large","max-video-preview":"max-video-preview:-1"},"canonical":"https:\/\/cefi.es\/en\/comunicaciones-enero-abril-2019\/","og_locale":"en_US","og_type":"article","og_title":"Publicado el n\u00famero 86 de Comunicaciones - Centro de estudios para el fomento de la investigaci\u00f3n","og_description":"Novedades sobre la investigaci\u00f3n sanitaria: el Dictamen 3\/2019 del Comit\u00e9 Europeo de Protecci\u00f3n de Datos. Autor: Jes\u00fas Rub\u00ed Navarrete P\u00e1ginas: 5-18 La reforma del Reglamento CCP y la excepci\u00f3n de fabricaci\u00f3n para la exportaci\u00f3n. Estado de la cuesti\u00f3n. Autores: Francisco Javier Carri\u00f3n Garc\u00eda de Parada y Eduardo Buitr\u00f3n Patuel P\u00e1ginas: 19-36 Cuestiones abiertas sobre la [&hellip;]","og_url":"https:\/\/cefi.es\/comunicaciones-enero-abril-2019\/","og_site_name":"Centro de estudios para el fomento de la investigaci\u00f3n","article_published_time":"2019-04-29T11:49:51+00:00","article_modified_time":"2026-02-11T08:37:50+00:00","og_image":[{"width":494,"height":696,"url":"https:\/\/cefi.es\/wp-contenido\/uploads\/2019\/04\/6840583b927a55.07086427_Publicacion.jpg","type":"image\/jpeg"}],"author":"Administrador","twitter_card":"summary_large_image","twitter_misc":{"Written by":"Administrador","Est. reading time":"2 minutes"},"schema":{"@context":"https:\/\/schema.org","@graph":[{"@type":"Article","@id":"https:\/\/cefi.es\/comunicaciones-enero-abril-2019\/#article","isPartOf":{"@id":"https:\/\/cefi.es\/comunicaciones-enero-abril-2019\/"},"author":{"name":"Administrador","@id":"https:\/\/cefi.es\/en\/#\/schema\/person\/7f0c55a37796bb7af8bdb655ade37da7"},"headline":"Publicado el n\u00famero 86 de Comunicaciones","datePublished":"2019-04-29T11:49:51+00:00","dateModified":"2026-02-11T08:37:50+00:00","mainEntityOfPage":{"@id":"https:\/\/cefi.es\/comunicaciones-enero-abril-2019\/"},"wordCount":362,"publisher":{"@id":"https:\/\/cefi.es\/en\/#organization"},"image":{"@id":"https:\/\/cefi.es\/comunicaciones-enero-abril-2019\/#primaryimage"},"thumbnailUrl":"https:\/\/cefi.es\/wp-contenido\/uploads\/2019\/04\/6840583b927a55.07086427_Publicacion.jpg","articleSection":["Documentaci\u00f3n IDEI"],"inLanguage":"en-US"},{"@type":"WebPage","@id":"https:\/\/cefi.es\/comunicaciones-enero-abril-2019\/","url":"https:\/\/cefi.es\/comunicaciones-enero-abril-2019\/","name":"Publicado el n\u00famero 86 de Comunicaciones - Centro de estudios para el fomento de la investigaci\u00f3n","isPartOf":{"@id":"https:\/\/cefi.es\/en\/#website"},"primaryImageOfPage":{"@id":"https:\/\/cefi.es\/comunicaciones-enero-abril-2019\/#primaryimage"},"image":{"@id":"https:\/\/cefi.es\/comunicaciones-enero-abril-2019\/#primaryimage"},"thumbnailUrl":"https:\/\/cefi.es\/wp-contenido\/uploads\/2019\/04\/6840583b927a55.07086427_Publicacion.jpg","datePublished":"2019-04-29T11:49:51+00:00","dateModified":"2026-02-11T08:37:50+00:00","breadcrumb":{"@id":"https:\/\/cefi.es\/comunicaciones-enero-abril-2019\/#breadcrumb"},"inLanguage":"en-US","potentialAction":[{"@type":"ReadAction","target":["https:\/\/cefi.es\/comunicaciones-enero-abril-2019\/"]}]},{"@type":"ImageObject","inLanguage":"en-US","@id":"https:\/\/cefi.es\/comunicaciones-enero-abril-2019\/#primaryimage","url":"https:\/\/cefi.es\/wp-contenido\/uploads\/2019\/04\/6840583b927a55.07086427_Publicacion.jpg","contentUrl":"https:\/\/cefi.es\/wp-contenido\/uploads\/2019\/04\/6840583b927a55.07086427_Publicacion.jpg","width":494,"height":696},{"@type":"BreadcrumbList","@id":"https:\/\/cefi.es\/comunicaciones-enero-abril-2019\/#breadcrumb","itemListElement":[{"@type":"ListItem","position":1,"name":"Home","item":"https:\/\/cefi.es\/en\/"},{"@type":"ListItem","position":2,"name":"Publicado el n\u00famero 86 de Comunicaciones"}]},{"@type":"WebSite","@id":"https:\/\/cefi.es\/en\/#website","url":"https:\/\/cefi.es\/en\/","name":"Centro de estudios para el fomento de la investigaci\u00f3n","description":"","publisher":{"@id":"https:\/\/cefi.es\/en\/#organization"},"potentialAction":[{"@type":"SearchAction","target":{"@type":"EntryPoint","urlTemplate":"https:\/\/cefi.es\/en\/?s={search_term_string}"},"query-input":{"@type":"PropertyValueSpecification","valueRequired":true,"valueName":"search_term_string"}}],"inLanguage":"en-US"},{"@type":"Organization","@id":"https:\/\/cefi.es\/en\/#organization","name":"Fundacion CeFi. Propiedad industrial e intelectual","url":"https:\/\/cefi.es\/en\/","logo":{"@type":"ImageObject","inLanguage":"en-US","@id":"https:\/\/cefi.es\/en\/#\/schema\/logo\/image\/","url":"https:\/\/cefi.es\/wp-contenido\/uploads\/2019\/12\/cropped-favicon-3.png","contentUrl":"https:\/\/cefi.es\/wp-contenido\/uploads\/2019\/12\/cropped-favicon-3.png","width":512,"height":512,"caption":"Fundacion CeFi. Propiedad industrial e intelectual"},"image":{"@id":"https:\/\/cefi.es\/en\/#\/schema\/logo\/image\/"}},{"@type":"Person","@id":"https:\/\/cefi.es\/en\/#\/schema\/person\/7f0c55a37796bb7af8bdb655ade37da7","name":"Administrador","image":{"@type":"ImageObject","inLanguage":"en-US","@id":"https:\/\/secure.gravatar.com\/avatar\/ca0778ec401a3f547a961e1de7e04c284c1c4dbcf95f7dc69f9bae782d89953c?s=96&d=mm&r=g","url":"https:\/\/secure.gravatar.com\/avatar\/ca0778ec401a3f547a961e1de7e04c284c1c4dbcf95f7dc69f9bae782d89953c?s=96&d=mm&r=g","contentUrl":"https:\/\/secure.gravatar.com\/avatar\/ca0778ec401a3f547a961e1de7e04c284c1c4dbcf95f7dc69f9bae782d89953c?s=96&d=mm&r=g","caption":"Administrador"},"url":"https:\/\/cefi.es\/en\/author\/admin\/"}]}},"_links":{"self":[{"href":"https:\/\/cefi.es\/en\/wp-json\/wp\/v2\/posts\/4938","targetHints":{"allow":["GET"]}}],"collection":[{"href":"https:\/\/cefi.es\/en\/wp-json\/wp\/v2\/posts"}],"about":[{"href":"https:\/\/cefi.es\/en\/wp-json\/wp\/v2\/types\/post"}],"author":[{"embeddable":true,"href":"https:\/\/cefi.es\/en\/wp-json\/wp\/v2\/users\/3"}],"replies":[{"embeddable":true,"href":"https:\/\/cefi.es\/en\/wp-json\/wp\/v2\/comments?post=4938"}],"version-history":[{"count":2,"href":"https:\/\/cefi.es\/en\/wp-json\/wp\/v2\/posts\/4938\/revisions"}],"predecessor-version":[{"id":26397,"href":"https:\/\/cefi.es\/en\/wp-json\/wp\/v2\/posts\/4938\/revisions\/26397"}],"wp:featuredmedia":[{"embeddable":true,"href":"https:\/\/cefi.es\/en\/wp-json\/wp\/v2\/media\/26398"}],"wp:attachment":[{"href":"https:\/\/cefi.es\/en\/wp-json\/wp\/v2\/media?parent=4938"}],"wp:term":[{"taxonomy":"category","embeddable":true,"href":"https:\/\/cefi.es\/en\/wp-json\/wp\/v2\/categories?post=4938"},{"taxonomy":"post_tag","embeddable":true,"href":"https:\/\/cefi.es\/en\/wp-json\/wp\/v2\/tags?post=4938"}],"curies":[{"name":"wp","href":"https:\/\/api.w.org\/{rel}","templated":true}]}}