{"id":20123,"date":"2024-04-22T11:41:29","date_gmt":"2024-04-22T10:41:29","guid":{"rendered":"https:\/\/cefi.es\/?p=20123"},"modified":"2024-09-06T11:47:32","modified_gmt":"2024-09-06T10:47:32","slug":"no-88-de-cuadernos-de-derecho-farmaceutico","status":"publish","type":"post","link":"https:\/\/cefi.es\/no-88-de-cuadernos-de-derecho-farmaceutico\/","title":{"rendered":"N\u00ba 88 de Cuadernos de Derecho Farmac\u00e9utico"},"content":{"rendered":"\n<h3 class=\"wp-block-heading has-text-align-center\"><strong>Interesantes contenidos de la revista Cuadernos de Derecho Farmac\u00e9utico.<\/strong><\/h3>\n\n\n\n<p>Publicada una nueva versi\u00f3n de la Gu\u00eda para la publicidad de medicamentos de uso humano de la Generalitat de Catalu\u00f1a.<br><em><strong>Montserrat Llopart Vidal y Dami\u00e0 Triay Gomila<\/strong><\/em><\/p>\n\n\n\n<p>R\u00e9gimen de responsabilidad por los da\u00f1os causados en ensayos cl\u00ednicos.<br><em><strong>Marta Gonz\u00e1lez D\u00edaz<\/strong><\/em><\/p>\n\n\n\n<p>Cinco a\u00f1os de aplicaci\u00f3n de las normas de defensa de la competencia en el sector farmac\u00e9utico: an\u00e1lisis del informe de la Comisi\u00f3n Europea de 26 de enero de 2024.<br><em><strong>Borja Mart\u00ednez Corral<\/strong><\/em><\/p>\n\n\n\n<p>En busca de la protecci\u00f3n efectiva de las inversiones destinadas al descubrimiento de nuevos usos cl\u00ednicos de f\u00e1rmacos conocidos: \u00bfhasta cu\u00e1ndo seguiremos ignorando el elefante que hay en nuestra habitaci\u00f3n?<br><em><strong>Josep Montefusco Monferrer<\/strong><\/em><\/p>\n\n\n\n<p>Decimonovena edici\u00f3n del Curso de Derecho Farmac\u00e9utico.<\/p>\n\n\n\n<p>Documentos e \u00cdndice Legislativo. Enero \u2013 Abril 2024.<\/p>\n\n\n\n<figure class=\"wp-block-embed is-type-wp-embed is-provider-cefi wp-block-embed-cefi\"><div class=\"wp-block-embed__wrapper\">\n<blockquote class=\"wp-embedded-content\" data-secret=\"zHUAxRFleA\"><a href=\"https:\/\/cefi.es\/tienda\/publicaciones\/revista-cuadernos\/revista-cuadernos-no-88-enero-marzo-2024\/\">Revista Cuadernos N\u00ba 88 (Enero-Marzo 2024)<\/a><\/blockquote><iframe loading=\"lazy\" class=\"wp-embedded-content\" sandbox=\"allow-scripts\" security=\"restricted\" style=\"position: absolute; visibility: hidden;\" title=\"\u00abRevista Cuadernos N\u00ba 88 &lt;span&gt;(Enero-Marzo 2024)\u00bb \u2014 Centro de estudios para el fomento de la investigaci\u00f3n\" src=\"https:\/\/cefi.es\/tienda\/publicaciones\/revista-cuadernos\/revista-cuadernos-no-88-enero-marzo-2024\/embed\/#?secret=xfkfxHgiIM#?secret=zHUAxRFleA\" data-secret=\"zHUAxRFleA\" width=\"600\" height=\"338\" frameborder=\"0\" marginwidth=\"0\" marginheight=\"0\" scrolling=\"no\"><\/iframe>\n<\/div><\/figure>\n\n\n\n<p><\/p>\n","protected":false},"excerpt":{"rendered":"<p>Interesantes contenidos de la revista Cuadernos de Derecho Farmac\u00e9utico. Publicada una nueva versi\u00f3n de la Gu\u00eda para la publicidad de medicamentos de uso humano de la Generalitat de Catalu\u00f1a.Montserrat Llopart Vidal y Dami\u00e0 Triay Gomila R\u00e9gimen de responsabilidad por los da\u00f1os causados en ensayos cl\u00ednicos.Marta Gonz\u00e1lez D\u00edaz Cinco a\u00f1os de aplicaci\u00f3n de las normas de [&hellip;]<\/p>\n","protected":false},"author":3,"featured_media":20120,"comment_status":"closed","ping_status":"closed","sticky":false,"template":"","format":"standard","meta":{"_acf_changed":false,"footnotes":""},"categories":[1,17],"tags":[],"class_list":["post-20123","post","type-post","status-publish","format-standard","has-post-thumbnail","hentry","category-sin-categoria","category-publicaciones"],"acf":[],"yoast_head":"<!-- This site is optimized with the Yoast SEO plugin v27.3 - https:\/\/yoast.com\/product\/yoast-seo-wordpress\/ -->\n<title>N\u00ba 88 de Cuadernos de Derecho Farmac\u00e9utico - Centro de estudios para el fomento de la investigaci\u00f3n<\/title>\n<meta name=\"robots\" content=\"index, follow, max-snippet:-1, max-image-preview:large, max-video-preview:-1\" \/>\n<link rel=\"canonical\" href=\"https:\/\/cefi.es\/en\/no-88-de-cuadernos-de-derecho-farmaceutico\/\" \/>\n<meta property=\"og:locale\" content=\"en_US\" \/>\n<meta property=\"og:type\" content=\"article\" \/>\n<meta property=\"og:title\" content=\"N\u00ba 88 de Cuadernos de Derecho Farmac\u00e9utico - Centro de estudios para el fomento de la investigaci\u00f3n\" \/>\n<meta property=\"og:description\" content=\"Interesantes contenidos de la revista Cuadernos de Derecho Farmac\u00e9utico. Publicada una nueva versi\u00f3n de la Gu\u00eda para la publicidad de medicamentos de uso humano de la Generalitat de Catalu\u00f1a.Montserrat Llopart Vidal y Dami\u00e0 Triay Gomila R\u00e9gimen de responsabilidad por los da\u00f1os causados en ensayos cl\u00ednicos.Marta Gonz\u00e1lez D\u00edaz Cinco a\u00f1os de aplicaci\u00f3n de las normas de [&hellip;]\" \/>\n<meta property=\"og:url\" content=\"https:\/\/cefi.es\/no-88-de-cuadernos-de-derecho-farmaceutico\/\" \/>\n<meta property=\"og:site_name\" content=\"Centro de estudios para el fomento de la investigaci\u00f3n\" \/>\n<meta property=\"article:published_time\" content=\"2024-04-22T10:41:29+00:00\" \/>\n<meta property=\"article:modified_time\" content=\"2024-09-06T10:47:32+00:00\" \/>\n<meta property=\"og:image\" content=\"https:\/\/cefi.es\/wp-contenido\/uploads\/2024\/04\/CUADERNOS-88.jpg\" \/>\n\t<meta property=\"og:image:width\" content=\"605\" \/>\n\t<meta property=\"og:image:height\" content=\"843\" \/>\n\t<meta property=\"og:image:type\" content=\"image\/jpeg\" \/>\n<meta name=\"author\" content=\"Administrador\" \/>\n<meta name=\"twitter:card\" content=\"summary_large_image\" \/>\n<meta name=\"twitter:label1\" content=\"Written by\" \/>\n\t<meta name=\"twitter:data1\" content=\"Administrador\" \/>\n\t<meta name=\"twitter:label2\" content=\"Est. reading time\" \/>\n\t<meta name=\"twitter:data2\" content=\"1 minute\" \/>\n<script type=\"application\/ld+json\" class=\"yoast-schema-graph\">{\"@context\":\"https:\\\/\\\/schema.org\",\"@graph\":[{\"@type\":\"Article\",\"@id\":\"https:\\\/\\\/cefi.es\\\/no-88-de-cuadernos-de-derecho-farmaceutico\\\/#article\",\"isPartOf\":{\"@id\":\"https:\\\/\\\/cefi.es\\\/no-88-de-cuadernos-de-derecho-farmaceutico\\\/\"},\"author\":{\"name\":\"Administrador\",\"@id\":\"https:\\\/\\\/cefi.es\\\/en\\\/#\\\/schema\\\/person\\\/7f0c55a37796bb7af8bdb655ade37da7\"},\"headline\":\"N\u00ba 88 de Cuadernos de Derecho Farmac\u00e9utico\",\"datePublished\":\"2024-04-22T10:41:29+00:00\",\"dateModified\":\"2024-09-06T10:47:32+00:00\",\"mainEntityOfPage\":{\"@id\":\"https:\\\/\\\/cefi.es\\\/no-88-de-cuadernos-de-derecho-farmaceutico\\\/\"},\"wordCount\":162,\"publisher\":{\"@id\":\"https:\\\/\\\/cefi.es\\\/en\\\/#organization\"},\"image\":{\"@id\":\"https:\\\/\\\/cefi.es\\\/no-88-de-cuadernos-de-derecho-farmaceutico\\\/#primaryimage\"},\"thumbnailUrl\":\"https:\\\/\\\/cefi.es\\\/wp-contenido\\\/uploads\\\/2024\\\/04\\\/CUADERNOS-88.jpg\",\"articleSection\":[\"Sin categor\u00eda\",\"Publicaciones\"],\"inLanguage\":\"en-US\"},{\"@type\":\"WebPage\",\"@id\":\"https:\\\/\\\/cefi.es\\\/no-88-de-cuadernos-de-derecho-farmaceutico\\\/\",\"url\":\"https:\\\/\\\/cefi.es\\\/no-88-de-cuadernos-de-derecho-farmaceutico\\\/\",\"name\":\"N\u00ba 88 de Cuadernos de Derecho Farmac\u00e9utico - Centro de estudios para el fomento de la investigaci\u00f3n\",\"isPartOf\":{\"@id\":\"https:\\\/\\\/cefi.es\\\/en\\\/#website\"},\"primaryImageOfPage\":{\"@id\":\"https:\\\/\\\/cefi.es\\\/no-88-de-cuadernos-de-derecho-farmaceutico\\\/#primaryimage\"},\"image\":{\"@id\":\"https:\\\/\\\/cefi.es\\\/no-88-de-cuadernos-de-derecho-farmaceutico\\\/#primaryimage\"},\"thumbnailUrl\":\"https:\\\/\\\/cefi.es\\\/wp-contenido\\\/uploads\\\/2024\\\/04\\\/CUADERNOS-88.jpg\",\"datePublished\":\"2024-04-22T10:41:29+00:00\",\"dateModified\":\"2024-09-06T10:47:32+00:00\",\"breadcrumb\":{\"@id\":\"https:\\\/\\\/cefi.es\\\/no-88-de-cuadernos-de-derecho-farmaceutico\\\/#breadcrumb\"},\"inLanguage\":\"en-US\",\"potentialAction\":[{\"@type\":\"ReadAction\",\"target\":[\"https:\\\/\\\/cefi.es\\\/no-88-de-cuadernos-de-derecho-farmaceutico\\\/\"]}]},{\"@type\":\"ImageObject\",\"inLanguage\":\"en-US\",\"@id\":\"https:\\\/\\\/cefi.es\\\/no-88-de-cuadernos-de-derecho-farmaceutico\\\/#primaryimage\",\"url\":\"https:\\\/\\\/cefi.es\\\/wp-contenido\\\/uploads\\\/2024\\\/04\\\/CUADERNOS-88.jpg\",\"contentUrl\":\"https:\\\/\\\/cefi.es\\\/wp-contenido\\\/uploads\\\/2024\\\/04\\\/CUADERNOS-88.jpg\",\"width\":605,\"height\":843},{\"@type\":\"BreadcrumbList\",\"@id\":\"https:\\\/\\\/cefi.es\\\/no-88-de-cuadernos-de-derecho-farmaceutico\\\/#breadcrumb\",\"itemListElement\":[{\"@type\":\"ListItem\",\"position\":1,\"name\":\"Home\",\"item\":\"https:\\\/\\\/cefi.es\\\/en\\\/\"},{\"@type\":\"ListItem\",\"position\":2,\"name\":\"N\u00ba 88 de Cuadernos de Derecho Farmac\u00e9utico\"}]},{\"@type\":\"WebSite\",\"@id\":\"https:\\\/\\\/cefi.es\\\/en\\\/#website\",\"url\":\"https:\\\/\\\/cefi.es\\\/en\\\/\",\"name\":\"Centro de estudios para el fomento de la investigaci\u00f3n\",\"description\":\"\",\"publisher\":{\"@id\":\"https:\\\/\\\/cefi.es\\\/en\\\/#organization\"},\"potentialAction\":[{\"@type\":\"SearchAction\",\"target\":{\"@type\":\"EntryPoint\",\"urlTemplate\":\"https:\\\/\\\/cefi.es\\\/en\\\/?s={search_term_string}\"},\"query-input\":{\"@type\":\"PropertyValueSpecification\",\"valueRequired\":true,\"valueName\":\"search_term_string\"}}],\"inLanguage\":\"en-US\"},{\"@type\":\"Organization\",\"@id\":\"https:\\\/\\\/cefi.es\\\/en\\\/#organization\",\"name\":\"Fundacion CeFi. Propiedad industrial e intelectual\",\"url\":\"https:\\\/\\\/cefi.es\\\/en\\\/\",\"logo\":{\"@type\":\"ImageObject\",\"inLanguage\":\"en-US\",\"@id\":\"https:\\\/\\\/cefi.es\\\/en\\\/#\\\/schema\\\/logo\\\/image\\\/\",\"url\":\"https:\\\/\\\/cefi.es\\\/wp-contenido\\\/uploads\\\/2019\\\/12\\\/cropped-favicon-3.png\",\"contentUrl\":\"https:\\\/\\\/cefi.es\\\/wp-contenido\\\/uploads\\\/2019\\\/12\\\/cropped-favicon-3.png\",\"width\":512,\"height\":512,\"caption\":\"Fundacion CeFi. Propiedad industrial e intelectual\"},\"image\":{\"@id\":\"https:\\\/\\\/cefi.es\\\/en\\\/#\\\/schema\\\/logo\\\/image\\\/\"}},{\"@type\":\"Person\",\"@id\":\"https:\\\/\\\/cefi.es\\\/en\\\/#\\\/schema\\\/person\\\/7f0c55a37796bb7af8bdb655ade37da7\",\"name\":\"Administrador\",\"image\":{\"@type\":\"ImageObject\",\"inLanguage\":\"en-US\",\"@id\":\"https:\\\/\\\/secure.gravatar.com\\\/avatar\\\/ca0778ec401a3f547a961e1de7e04c284c1c4dbcf95f7dc69f9bae782d89953c?s=96&d=mm&r=g\",\"url\":\"https:\\\/\\\/secure.gravatar.com\\\/avatar\\\/ca0778ec401a3f547a961e1de7e04c284c1c4dbcf95f7dc69f9bae782d89953c?s=96&d=mm&r=g\",\"contentUrl\":\"https:\\\/\\\/secure.gravatar.com\\\/avatar\\\/ca0778ec401a3f547a961e1de7e04c284c1c4dbcf95f7dc69f9bae782d89953c?s=96&d=mm&r=g\",\"caption\":\"Administrador\"},\"url\":\"https:\\\/\\\/cefi.es\\\/en\\\/author\\\/admin\\\/\"}]}<\/script>\n<!-- \/ Yoast SEO plugin. -->","yoast_head_json":{"title":"N\u00ba 88 de Cuadernos de Derecho Farmac\u00e9utico - Centro de estudios para el fomento de la investigaci\u00f3n","robots":{"index":"index","follow":"follow","max-snippet":"max-snippet:-1","max-image-preview":"max-image-preview:large","max-video-preview":"max-video-preview:-1"},"canonical":"https:\/\/cefi.es\/en\/no-88-de-cuadernos-de-derecho-farmaceutico\/","og_locale":"en_US","og_type":"article","og_title":"N\u00ba 88 de Cuadernos de Derecho Farmac\u00e9utico - Centro de estudios para el fomento de la investigaci\u00f3n","og_description":"Interesantes contenidos de la revista Cuadernos de Derecho Farmac\u00e9utico. Publicada una nueva versi\u00f3n de la Gu\u00eda para la publicidad de medicamentos de uso humano de la Generalitat de Catalu\u00f1a.Montserrat Llopart Vidal y Dami\u00e0 Triay Gomila R\u00e9gimen de responsabilidad por los da\u00f1os causados en ensayos cl\u00ednicos.Marta Gonz\u00e1lez D\u00edaz Cinco a\u00f1os de aplicaci\u00f3n de las normas de [&hellip;]","og_url":"https:\/\/cefi.es\/no-88-de-cuadernos-de-derecho-farmaceutico\/","og_site_name":"Centro de estudios para el fomento de la investigaci\u00f3n","article_published_time":"2024-04-22T10:41:29+00:00","article_modified_time":"2024-09-06T10:47:32+00:00","og_image":[{"width":605,"height":843,"url":"https:\/\/cefi.es\/wp-contenido\/uploads\/2024\/04\/CUADERNOS-88.jpg","type":"image\/jpeg"}],"author":"Administrador","twitter_card":"summary_large_image","twitter_misc":{"Written by":"Administrador","Est. reading time":"1 minute"},"schema":{"@context":"https:\/\/schema.org","@graph":[{"@type":"Article","@id":"https:\/\/cefi.es\/no-88-de-cuadernos-de-derecho-farmaceutico\/#article","isPartOf":{"@id":"https:\/\/cefi.es\/no-88-de-cuadernos-de-derecho-farmaceutico\/"},"author":{"name":"Administrador","@id":"https:\/\/cefi.es\/en\/#\/schema\/person\/7f0c55a37796bb7af8bdb655ade37da7"},"headline":"N\u00ba 88 de Cuadernos de Derecho Farmac\u00e9utico","datePublished":"2024-04-22T10:41:29+00:00","dateModified":"2024-09-06T10:47:32+00:00","mainEntityOfPage":{"@id":"https:\/\/cefi.es\/no-88-de-cuadernos-de-derecho-farmaceutico\/"},"wordCount":162,"publisher":{"@id":"https:\/\/cefi.es\/en\/#organization"},"image":{"@id":"https:\/\/cefi.es\/no-88-de-cuadernos-de-derecho-farmaceutico\/#primaryimage"},"thumbnailUrl":"https:\/\/cefi.es\/wp-contenido\/uploads\/2024\/04\/CUADERNOS-88.jpg","articleSection":["Sin categor\u00eda","Publicaciones"],"inLanguage":"en-US"},{"@type":"WebPage","@id":"https:\/\/cefi.es\/no-88-de-cuadernos-de-derecho-farmaceutico\/","url":"https:\/\/cefi.es\/no-88-de-cuadernos-de-derecho-farmaceutico\/","name":"N\u00ba 88 de Cuadernos de Derecho Farmac\u00e9utico - Centro de estudios para el fomento de la investigaci\u00f3n","isPartOf":{"@id":"https:\/\/cefi.es\/en\/#website"},"primaryImageOfPage":{"@id":"https:\/\/cefi.es\/no-88-de-cuadernos-de-derecho-farmaceutico\/#primaryimage"},"image":{"@id":"https:\/\/cefi.es\/no-88-de-cuadernos-de-derecho-farmaceutico\/#primaryimage"},"thumbnailUrl":"https:\/\/cefi.es\/wp-contenido\/uploads\/2024\/04\/CUADERNOS-88.jpg","datePublished":"2024-04-22T10:41:29+00:00","dateModified":"2024-09-06T10:47:32+00:00","breadcrumb":{"@id":"https:\/\/cefi.es\/no-88-de-cuadernos-de-derecho-farmaceutico\/#breadcrumb"},"inLanguage":"en-US","potentialAction":[{"@type":"ReadAction","target":["https:\/\/cefi.es\/no-88-de-cuadernos-de-derecho-farmaceutico\/"]}]},{"@type":"ImageObject","inLanguage":"en-US","@id":"https:\/\/cefi.es\/no-88-de-cuadernos-de-derecho-farmaceutico\/#primaryimage","url":"https:\/\/cefi.es\/wp-contenido\/uploads\/2024\/04\/CUADERNOS-88.jpg","contentUrl":"https:\/\/cefi.es\/wp-contenido\/uploads\/2024\/04\/CUADERNOS-88.jpg","width":605,"height":843},{"@type":"BreadcrumbList","@id":"https:\/\/cefi.es\/no-88-de-cuadernos-de-derecho-farmaceutico\/#breadcrumb","itemListElement":[{"@type":"ListItem","position":1,"name":"Home","item":"https:\/\/cefi.es\/en\/"},{"@type":"ListItem","position":2,"name":"N\u00ba 88 de Cuadernos de Derecho Farmac\u00e9utico"}]},{"@type":"WebSite","@id":"https:\/\/cefi.es\/en\/#website","url":"https:\/\/cefi.es\/en\/","name":"Centro de estudios para el fomento de la investigaci\u00f3n","description":"","publisher":{"@id":"https:\/\/cefi.es\/en\/#organization"},"potentialAction":[{"@type":"SearchAction","target":{"@type":"EntryPoint","urlTemplate":"https:\/\/cefi.es\/en\/?s={search_term_string}"},"query-input":{"@type":"PropertyValueSpecification","valueRequired":true,"valueName":"search_term_string"}}],"inLanguage":"en-US"},{"@type":"Organization","@id":"https:\/\/cefi.es\/en\/#organization","name":"Fundacion CeFi. Propiedad industrial e intelectual","url":"https:\/\/cefi.es\/en\/","logo":{"@type":"ImageObject","inLanguage":"en-US","@id":"https:\/\/cefi.es\/en\/#\/schema\/logo\/image\/","url":"https:\/\/cefi.es\/wp-contenido\/uploads\/2019\/12\/cropped-favicon-3.png","contentUrl":"https:\/\/cefi.es\/wp-contenido\/uploads\/2019\/12\/cropped-favicon-3.png","width":512,"height":512,"caption":"Fundacion CeFi. Propiedad industrial e intelectual"},"image":{"@id":"https:\/\/cefi.es\/en\/#\/schema\/logo\/image\/"}},{"@type":"Person","@id":"https:\/\/cefi.es\/en\/#\/schema\/person\/7f0c55a37796bb7af8bdb655ade37da7","name":"Administrador","image":{"@type":"ImageObject","inLanguage":"en-US","@id":"https:\/\/secure.gravatar.com\/avatar\/ca0778ec401a3f547a961e1de7e04c284c1c4dbcf95f7dc69f9bae782d89953c?s=96&d=mm&r=g","url":"https:\/\/secure.gravatar.com\/avatar\/ca0778ec401a3f547a961e1de7e04c284c1c4dbcf95f7dc69f9bae782d89953c?s=96&d=mm&r=g","contentUrl":"https:\/\/secure.gravatar.com\/avatar\/ca0778ec401a3f547a961e1de7e04c284c1c4dbcf95f7dc69f9bae782d89953c?s=96&d=mm&r=g","caption":"Administrador"},"url":"https:\/\/cefi.es\/en\/author\/admin\/"}]}},"_links":{"self":[{"href":"https:\/\/cefi.es\/en\/wp-json\/wp\/v2\/posts\/20123","targetHints":{"allow":["GET"]}}],"collection":[{"href":"https:\/\/cefi.es\/en\/wp-json\/wp\/v2\/posts"}],"about":[{"href":"https:\/\/cefi.es\/en\/wp-json\/wp\/v2\/types\/post"}],"author":[{"embeddable":true,"href":"https:\/\/cefi.es\/en\/wp-json\/wp\/v2\/users\/3"}],"replies":[{"embeddable":true,"href":"https:\/\/cefi.es\/en\/wp-json\/wp\/v2\/comments?post=20123"}],"version-history":[{"count":3,"href":"https:\/\/cefi.es\/en\/wp-json\/wp\/v2\/posts\/20123\/revisions"}],"predecessor-version":[{"id":20126,"href":"https:\/\/cefi.es\/en\/wp-json\/wp\/v2\/posts\/20123\/revisions\/20126"}],"wp:featuredmedia":[{"embeddable":true,"href":"https:\/\/cefi.es\/en\/wp-json\/wp\/v2\/media\/20120"}],"wp:attachment":[{"href":"https:\/\/cefi.es\/en\/wp-json\/wp\/v2\/media?parent=20123"}],"wp:term":[{"taxonomy":"category","embeddable":true,"href":"https:\/\/cefi.es\/en\/wp-json\/wp\/v2\/categories?post=20123"},{"taxonomy":"post_tag","embeddable":true,"href":"https:\/\/cefi.es\/en\/wp-json\/wp\/v2\/tags?post=20123"}],"curies":[{"name":"wp","href":"https:\/\/api.w.org\/{rel}","templated":true}]}}