{"id":14797,"date":"2022-07-04T08:49:58","date_gmt":"2022-07-04T07:49:58","guid":{"rendered":"https:\/\/cefi.es\/?p=14797"},"modified":"2024-09-06T11:47:37","modified_gmt":"2024-09-06T10:47:37","slug":"limitacion-del-derecho-de-patentes-para-las-vacunas-covid","status":"publish","type":"post","link":"https:\/\/cefi.es\/limitacion-del-derecho-de-patentes-para-las-vacunas-covid\/","title":{"rendered":"Limitaci\u00f3n del derecho de patentes para las vacunas covid"},"content":{"rendered":"\t\t<div data-elementor-type=\"wp-post\" data-elementor-id=\"14797\" class=\"elementor elementor-14797\" data-elementor-post-type=\"post\">\n\t\t\t\t\t\t<section class=\"elementor-section elementor-top-section elementor-element elementor-element-37668f3 elementor-section-boxed elementor-section-height-default elementor-section-height-default\" data-id=\"37668f3\" data-element_type=\"section\" data-e-type=\"section\">\n\t\t\t\t\t\t<div class=\"elementor-container elementor-column-gap-default\">\n\t\t\t\t\t<div class=\"elementor-column elementor-col-100 elementor-top-column elementor-element elementor-element-49356a1\" data-id=\"49356a1\" data-element_type=\"column\" data-e-type=\"column\">\n\t\t\t<div class=\"elementor-widget-wrap elementor-element-populated\">\n\t\t\t\t\t\t<div class=\"elementor-element elementor-element-5be54c4 elementor-widget elementor-widget-text-editor\" data-id=\"5be54c4\" data-element_type=\"widget\" data-e-type=\"widget\" data-widget_type=\"text-editor.default\">\n\t\t\t\t\t\t\t\t\t<p>Una mala noticia para el tejido innovador biom\u00e9dico y para un sistema s\u00f3lido de propiedad industrial en la que manifestamos nuestro descuerdo con la reciente decisi\u00f3n de la OMC que debilita el actual marco de protecci\u00f3n de la propiedad intelectual y solicitamos una profunda reflexi\u00f3n que blinde el actual sistema de protecci\u00f3n de la propiedad industrial.<\/p><p>La actual pandemia ha puesto de manifiesto m\u00e1s que nunca la importancia de la innovaci\u00f3n y su protecci\u00f3n para dar una respuesta r\u00e1pida a las necesidades de salud global de los pacientes. Creemos que las patentes no son el problema, sino un incentivo clave para obtener soluciones a las crisis sanitarias y a los retos de salud.<\/p><p><a href=\"https:\/\/cefi.es\/wp-contenido\/uploads\/2022\/07\/Posicio\u0301n-CEFI.-Limitacio\u0301n-derecho-patentes-para-las-va-cunas-covid.pdf\">Posicio\u0301n CEFI. Limitacio\u0301n derecho patentes para las vacunas covid<\/a><\/p>\t\t\t\t\t\t\t\t<\/div>\n\t\t\t\t\t<\/div>\n\t\t<\/div>\n\t\t\t\t\t<\/div>\n\t\t<\/section>\n\t\t\t\t<\/div>\n\t\t","protected":false},"excerpt":{"rendered":"<p>Una mala noticia para el tejido innovador biom\u00e9dico y para un sistema s\u00f3lido de propiedad industrial en la que manifestamos nuestro descuerdo con la reciente decisi\u00f3n de la OMC que debilita el actual marco de protecci\u00f3n de la propiedad intelectual y solicitamos una profunda reflexi\u00f3n que blinde el actual sistema de protecci\u00f3n de la propiedad [&hellip;]<\/p>\n","protected":false},"author":3,"featured_media":14807,"comment_status":"closed","ping_status":"closed","sticky":false,"template":"","format":"standard","meta":{"_acf_changed":false,"footnotes":""},"categories":[1],"tags":[],"class_list":["post-14797","post","type-post","status-publish","format-standard","has-post-thumbnail","hentry","category-sin-categoria"],"acf":[],"yoast_head":"<!-- This site is optimized with the Yoast SEO plugin v27.3 - https:\/\/yoast.com\/product\/yoast-seo-wordpress\/ -->\n<title>Limitaci\u00f3n del derecho de patentes para las vacunas covid - Centro de estudios para el fomento de la investigaci\u00f3n<\/title>\n<meta name=\"robots\" content=\"index, follow, max-snippet:-1, max-image-preview:large, max-video-preview:-1\" \/>\n<link rel=\"canonical\" href=\"https:\/\/cefi.es\/en\/limitacion-del-derecho-de-patentes-para-las-vacunas-covid\/\" \/>\n<meta property=\"og:locale\" content=\"en_US\" \/>\n<meta property=\"og:type\" content=\"article\" \/>\n<meta property=\"og:title\" content=\"Limitaci\u00f3n del derecho de patentes para las vacunas covid - Centro de estudios para el fomento de la investigaci\u00f3n\" \/>\n<meta property=\"og:description\" content=\"Una mala noticia para el tejido innovador biom\u00e9dico y para un sistema s\u00f3lido de propiedad industrial en la que manifestamos nuestro descuerdo con la reciente decisi\u00f3n de la OMC que debilita el actual marco de protecci\u00f3n de la propiedad intelectual y solicitamos una profunda reflexi\u00f3n que blinde el actual sistema de protecci\u00f3n de la propiedad [&hellip;]\" \/>\n<meta property=\"og:url\" content=\"https:\/\/cefi.es\/limitacion-del-derecho-de-patentes-para-las-vacunas-covid\/\" \/>\n<meta property=\"og:site_name\" content=\"Centro de estudios para el fomento de la investigaci\u00f3n\" \/>\n<meta property=\"article:published_time\" content=\"2022-07-04T07:49:58+00:00\" \/>\n<meta property=\"article:modified_time\" content=\"2024-09-06T10:47:37+00:00\" \/>\n<meta property=\"og:image\" content=\"https:\/\/cefi.es\/wp-contenido\/uploads\/2022\/07\/retos-en-biomedicina.jpg\" \/>\n\t<meta property=\"og:image:width\" content=\"450\" \/>\n\t<meta property=\"og:image:height\" content=\"300\" \/>\n\t<meta property=\"og:image:type\" content=\"image\/jpeg\" \/>\n<meta name=\"author\" content=\"Administrador\" \/>\n<meta name=\"twitter:card\" content=\"summary_large_image\" \/>\n<meta name=\"twitter:label1\" content=\"Written by\" \/>\n\t<meta name=\"twitter:data1\" content=\"Administrador\" \/>\n\t<meta name=\"twitter:label2\" content=\"Est. reading time\" \/>\n\t<meta name=\"twitter:data2\" content=\"1 minute\" \/>\n<script type=\"application\/ld+json\" class=\"yoast-schema-graph\">{\"@context\":\"https:\\\/\\\/schema.org\",\"@graph\":[{\"@type\":\"Article\",\"@id\":\"https:\\\/\\\/cefi.es\\\/limitacion-del-derecho-de-patentes-para-las-vacunas-covid\\\/#article\",\"isPartOf\":{\"@id\":\"https:\\\/\\\/cefi.es\\\/limitacion-del-derecho-de-patentes-para-las-vacunas-covid\\\/\"},\"author\":{\"name\":\"Administrador\",\"@id\":\"https:\\\/\\\/cefi.es\\\/en\\\/#\\\/schema\\\/person\\\/7f0c55a37796bb7af8bdb655ade37da7\"},\"headline\":\"Limitaci\u00f3n del derecho de patentes para las vacunas covid\",\"datePublished\":\"2022-07-04T07:49:58+00:00\",\"dateModified\":\"2024-09-06T10:47:37+00:00\",\"mainEntityOfPage\":{\"@id\":\"https:\\\/\\\/cefi.es\\\/limitacion-del-derecho-de-patentes-para-las-vacunas-covid\\\/\"},\"wordCount\":144,\"publisher\":{\"@id\":\"https:\\\/\\\/cefi.es\\\/en\\\/#organization\"},\"image\":{\"@id\":\"https:\\\/\\\/cefi.es\\\/limitacion-del-derecho-de-patentes-para-las-vacunas-covid\\\/#primaryimage\"},\"thumbnailUrl\":\"https:\\\/\\\/cefi.es\\\/wp-contenido\\\/uploads\\\/2022\\\/07\\\/retos-en-biomedicina.jpg\",\"articleSection\":[\"Sin categor\u00eda\"],\"inLanguage\":\"en-US\"},{\"@type\":\"WebPage\",\"@id\":\"https:\\\/\\\/cefi.es\\\/limitacion-del-derecho-de-patentes-para-las-vacunas-covid\\\/\",\"url\":\"https:\\\/\\\/cefi.es\\\/limitacion-del-derecho-de-patentes-para-las-vacunas-covid\\\/\",\"name\":\"Limitaci\u00f3n del derecho de patentes para las vacunas covid - Centro de estudios para el fomento de la investigaci\u00f3n\",\"isPartOf\":{\"@id\":\"https:\\\/\\\/cefi.es\\\/en\\\/#website\"},\"primaryImageOfPage\":{\"@id\":\"https:\\\/\\\/cefi.es\\\/limitacion-del-derecho-de-patentes-para-las-vacunas-covid\\\/#primaryimage\"},\"image\":{\"@id\":\"https:\\\/\\\/cefi.es\\\/limitacion-del-derecho-de-patentes-para-las-vacunas-covid\\\/#primaryimage\"},\"thumbnailUrl\":\"https:\\\/\\\/cefi.es\\\/wp-contenido\\\/uploads\\\/2022\\\/07\\\/retos-en-biomedicina.jpg\",\"datePublished\":\"2022-07-04T07:49:58+00:00\",\"dateModified\":\"2024-09-06T10:47:37+00:00\",\"breadcrumb\":{\"@id\":\"https:\\\/\\\/cefi.es\\\/limitacion-del-derecho-de-patentes-para-las-vacunas-covid\\\/#breadcrumb\"},\"inLanguage\":\"en-US\",\"potentialAction\":[{\"@type\":\"ReadAction\",\"target\":[\"https:\\\/\\\/cefi.es\\\/limitacion-del-derecho-de-patentes-para-las-vacunas-covid\\\/\"]}]},{\"@type\":\"ImageObject\",\"inLanguage\":\"en-US\",\"@id\":\"https:\\\/\\\/cefi.es\\\/limitacion-del-derecho-de-patentes-para-las-vacunas-covid\\\/#primaryimage\",\"url\":\"https:\\\/\\\/cefi.es\\\/wp-contenido\\\/uploads\\\/2022\\\/07\\\/retos-en-biomedicina.jpg\",\"contentUrl\":\"https:\\\/\\\/cefi.es\\\/wp-contenido\\\/uploads\\\/2022\\\/07\\\/retos-en-biomedicina.jpg\",\"width\":450,\"height\":300},{\"@type\":\"BreadcrumbList\",\"@id\":\"https:\\\/\\\/cefi.es\\\/limitacion-del-derecho-de-patentes-para-las-vacunas-covid\\\/#breadcrumb\",\"itemListElement\":[{\"@type\":\"ListItem\",\"position\":1,\"name\":\"Home\",\"item\":\"https:\\\/\\\/cefi.es\\\/en\\\/\"},{\"@type\":\"ListItem\",\"position\":2,\"name\":\"Limitaci\u00f3n del derecho de patentes para las vacunas covid\"}]},{\"@type\":\"WebSite\",\"@id\":\"https:\\\/\\\/cefi.es\\\/en\\\/#website\",\"url\":\"https:\\\/\\\/cefi.es\\\/en\\\/\",\"name\":\"Centro de estudios para el fomento de la investigaci\u00f3n\",\"description\":\"\",\"publisher\":{\"@id\":\"https:\\\/\\\/cefi.es\\\/en\\\/#organization\"},\"potentialAction\":[{\"@type\":\"SearchAction\",\"target\":{\"@type\":\"EntryPoint\",\"urlTemplate\":\"https:\\\/\\\/cefi.es\\\/en\\\/?s={search_term_string}\"},\"query-input\":{\"@type\":\"PropertyValueSpecification\",\"valueRequired\":true,\"valueName\":\"search_term_string\"}}],\"inLanguage\":\"en-US\"},{\"@type\":\"Organization\",\"@id\":\"https:\\\/\\\/cefi.es\\\/en\\\/#organization\",\"name\":\"Fundacion CeFi. Propiedad industrial e intelectual\",\"url\":\"https:\\\/\\\/cefi.es\\\/en\\\/\",\"logo\":{\"@type\":\"ImageObject\",\"inLanguage\":\"en-US\",\"@id\":\"https:\\\/\\\/cefi.es\\\/en\\\/#\\\/schema\\\/logo\\\/image\\\/\",\"url\":\"https:\\\/\\\/cefi.es\\\/wp-contenido\\\/uploads\\\/2019\\\/12\\\/cropped-favicon-3.png\",\"contentUrl\":\"https:\\\/\\\/cefi.es\\\/wp-contenido\\\/uploads\\\/2019\\\/12\\\/cropped-favicon-3.png\",\"width\":512,\"height\":512,\"caption\":\"Fundacion CeFi. Propiedad industrial e intelectual\"},\"image\":{\"@id\":\"https:\\\/\\\/cefi.es\\\/en\\\/#\\\/schema\\\/logo\\\/image\\\/\"}},{\"@type\":\"Person\",\"@id\":\"https:\\\/\\\/cefi.es\\\/en\\\/#\\\/schema\\\/person\\\/7f0c55a37796bb7af8bdb655ade37da7\",\"name\":\"Administrador\",\"image\":{\"@type\":\"ImageObject\",\"inLanguage\":\"en-US\",\"@id\":\"https:\\\/\\\/secure.gravatar.com\\\/avatar\\\/ca0778ec401a3f547a961e1de7e04c284c1c4dbcf95f7dc69f9bae782d89953c?s=96&d=mm&r=g\",\"url\":\"https:\\\/\\\/secure.gravatar.com\\\/avatar\\\/ca0778ec401a3f547a961e1de7e04c284c1c4dbcf95f7dc69f9bae782d89953c?s=96&d=mm&r=g\",\"contentUrl\":\"https:\\\/\\\/secure.gravatar.com\\\/avatar\\\/ca0778ec401a3f547a961e1de7e04c284c1c4dbcf95f7dc69f9bae782d89953c?s=96&d=mm&r=g\",\"caption\":\"Administrador\"},\"url\":\"https:\\\/\\\/cefi.es\\\/en\\\/author\\\/admin\\\/\"}]}<\/script>\n<!-- \/ Yoast SEO plugin. -->","yoast_head_json":{"title":"Limitaci\u00f3n del derecho de patentes para las vacunas covid - Centro de estudios para el fomento de la investigaci\u00f3n","robots":{"index":"index","follow":"follow","max-snippet":"max-snippet:-1","max-image-preview":"max-image-preview:large","max-video-preview":"max-video-preview:-1"},"canonical":"https:\/\/cefi.es\/en\/limitacion-del-derecho-de-patentes-para-las-vacunas-covid\/","og_locale":"en_US","og_type":"article","og_title":"Limitaci\u00f3n del derecho de patentes para las vacunas covid - Centro de estudios para el fomento de la investigaci\u00f3n","og_description":"Una mala noticia para el tejido innovador biom\u00e9dico y para un sistema s\u00f3lido de propiedad industrial en la que manifestamos nuestro descuerdo con la reciente decisi\u00f3n de la OMC que debilita el actual marco de protecci\u00f3n de la propiedad intelectual y solicitamos una profunda reflexi\u00f3n que blinde el actual sistema de protecci\u00f3n de la propiedad [&hellip;]","og_url":"https:\/\/cefi.es\/limitacion-del-derecho-de-patentes-para-las-vacunas-covid\/","og_site_name":"Centro de estudios para el fomento de la investigaci\u00f3n","article_published_time":"2022-07-04T07:49:58+00:00","article_modified_time":"2024-09-06T10:47:37+00:00","og_image":[{"width":450,"height":300,"url":"https:\/\/cefi.es\/wp-contenido\/uploads\/2022\/07\/retos-en-biomedicina.jpg","type":"image\/jpeg"}],"author":"Administrador","twitter_card":"summary_large_image","twitter_misc":{"Written by":"Administrador","Est. reading time":"1 minute"},"schema":{"@context":"https:\/\/schema.org","@graph":[{"@type":"Article","@id":"https:\/\/cefi.es\/limitacion-del-derecho-de-patentes-para-las-vacunas-covid\/#article","isPartOf":{"@id":"https:\/\/cefi.es\/limitacion-del-derecho-de-patentes-para-las-vacunas-covid\/"},"author":{"name":"Administrador","@id":"https:\/\/cefi.es\/en\/#\/schema\/person\/7f0c55a37796bb7af8bdb655ade37da7"},"headline":"Limitaci\u00f3n del derecho de patentes para las vacunas covid","datePublished":"2022-07-04T07:49:58+00:00","dateModified":"2024-09-06T10:47:37+00:00","mainEntityOfPage":{"@id":"https:\/\/cefi.es\/limitacion-del-derecho-de-patentes-para-las-vacunas-covid\/"},"wordCount":144,"publisher":{"@id":"https:\/\/cefi.es\/en\/#organization"},"image":{"@id":"https:\/\/cefi.es\/limitacion-del-derecho-de-patentes-para-las-vacunas-covid\/#primaryimage"},"thumbnailUrl":"https:\/\/cefi.es\/wp-contenido\/uploads\/2022\/07\/retos-en-biomedicina.jpg","articleSection":["Sin categor\u00eda"],"inLanguage":"en-US"},{"@type":"WebPage","@id":"https:\/\/cefi.es\/limitacion-del-derecho-de-patentes-para-las-vacunas-covid\/","url":"https:\/\/cefi.es\/limitacion-del-derecho-de-patentes-para-las-vacunas-covid\/","name":"Limitaci\u00f3n del derecho de patentes para las vacunas covid - Centro de estudios para el fomento de la investigaci\u00f3n","isPartOf":{"@id":"https:\/\/cefi.es\/en\/#website"},"primaryImageOfPage":{"@id":"https:\/\/cefi.es\/limitacion-del-derecho-de-patentes-para-las-vacunas-covid\/#primaryimage"},"image":{"@id":"https:\/\/cefi.es\/limitacion-del-derecho-de-patentes-para-las-vacunas-covid\/#primaryimage"},"thumbnailUrl":"https:\/\/cefi.es\/wp-contenido\/uploads\/2022\/07\/retos-en-biomedicina.jpg","datePublished":"2022-07-04T07:49:58+00:00","dateModified":"2024-09-06T10:47:37+00:00","breadcrumb":{"@id":"https:\/\/cefi.es\/limitacion-del-derecho-de-patentes-para-las-vacunas-covid\/#breadcrumb"},"inLanguage":"en-US","potentialAction":[{"@type":"ReadAction","target":["https:\/\/cefi.es\/limitacion-del-derecho-de-patentes-para-las-vacunas-covid\/"]}]},{"@type":"ImageObject","inLanguage":"en-US","@id":"https:\/\/cefi.es\/limitacion-del-derecho-de-patentes-para-las-vacunas-covid\/#primaryimage","url":"https:\/\/cefi.es\/wp-contenido\/uploads\/2022\/07\/retos-en-biomedicina.jpg","contentUrl":"https:\/\/cefi.es\/wp-contenido\/uploads\/2022\/07\/retos-en-biomedicina.jpg","width":450,"height":300},{"@type":"BreadcrumbList","@id":"https:\/\/cefi.es\/limitacion-del-derecho-de-patentes-para-las-vacunas-covid\/#breadcrumb","itemListElement":[{"@type":"ListItem","position":1,"name":"Home","item":"https:\/\/cefi.es\/en\/"},{"@type":"ListItem","position":2,"name":"Limitaci\u00f3n del derecho de patentes para las vacunas covid"}]},{"@type":"WebSite","@id":"https:\/\/cefi.es\/en\/#website","url":"https:\/\/cefi.es\/en\/","name":"Centro de estudios para el fomento de la investigaci\u00f3n","description":"","publisher":{"@id":"https:\/\/cefi.es\/en\/#organization"},"potentialAction":[{"@type":"SearchAction","target":{"@type":"EntryPoint","urlTemplate":"https:\/\/cefi.es\/en\/?s={search_term_string}"},"query-input":{"@type":"PropertyValueSpecification","valueRequired":true,"valueName":"search_term_string"}}],"inLanguage":"en-US"},{"@type":"Organization","@id":"https:\/\/cefi.es\/en\/#organization","name":"Fundacion CeFi. Propiedad industrial e intelectual","url":"https:\/\/cefi.es\/en\/","logo":{"@type":"ImageObject","inLanguage":"en-US","@id":"https:\/\/cefi.es\/en\/#\/schema\/logo\/image\/","url":"https:\/\/cefi.es\/wp-contenido\/uploads\/2019\/12\/cropped-favicon-3.png","contentUrl":"https:\/\/cefi.es\/wp-contenido\/uploads\/2019\/12\/cropped-favicon-3.png","width":512,"height":512,"caption":"Fundacion CeFi. Propiedad industrial e intelectual"},"image":{"@id":"https:\/\/cefi.es\/en\/#\/schema\/logo\/image\/"}},{"@type":"Person","@id":"https:\/\/cefi.es\/en\/#\/schema\/person\/7f0c55a37796bb7af8bdb655ade37da7","name":"Administrador","image":{"@type":"ImageObject","inLanguage":"en-US","@id":"https:\/\/secure.gravatar.com\/avatar\/ca0778ec401a3f547a961e1de7e04c284c1c4dbcf95f7dc69f9bae782d89953c?s=96&d=mm&r=g","url":"https:\/\/secure.gravatar.com\/avatar\/ca0778ec401a3f547a961e1de7e04c284c1c4dbcf95f7dc69f9bae782d89953c?s=96&d=mm&r=g","contentUrl":"https:\/\/secure.gravatar.com\/avatar\/ca0778ec401a3f547a961e1de7e04c284c1c4dbcf95f7dc69f9bae782d89953c?s=96&d=mm&r=g","caption":"Administrador"},"url":"https:\/\/cefi.es\/en\/author\/admin\/"}]}},"_links":{"self":[{"href":"https:\/\/cefi.es\/en\/wp-json\/wp\/v2\/posts\/14797","targetHints":{"allow":["GET"]}}],"collection":[{"href":"https:\/\/cefi.es\/en\/wp-json\/wp\/v2\/posts"}],"about":[{"href":"https:\/\/cefi.es\/en\/wp-json\/wp\/v2\/types\/post"}],"author":[{"embeddable":true,"href":"https:\/\/cefi.es\/en\/wp-json\/wp\/v2\/users\/3"}],"replies":[{"embeddable":true,"href":"https:\/\/cefi.es\/en\/wp-json\/wp\/v2\/comments?post=14797"}],"version-history":[{"count":11,"href":"https:\/\/cefi.es\/en\/wp-json\/wp\/v2\/posts\/14797\/revisions"}],"predecessor-version":[{"id":14813,"href":"https:\/\/cefi.es\/en\/wp-json\/wp\/v2\/posts\/14797\/revisions\/14813"}],"wp:featuredmedia":[{"embeddable":true,"href":"https:\/\/cefi.es\/en\/wp-json\/wp\/v2\/media\/14807"}],"wp:attachment":[{"href":"https:\/\/cefi.es\/en\/wp-json\/wp\/v2\/media?parent=14797"}],"wp:term":[{"taxonomy":"category","embeddable":true,"href":"https:\/\/cefi.es\/en\/wp-json\/wp\/v2\/categories?post=14797"},{"taxonomy":"post_tag","embeddable":true,"href":"https:\/\/cefi.es\/en\/wp-json\/wp\/v2\/tags?post=14797"}],"curies":[{"name":"wp","href":"https:\/\/api.w.org\/{rel}","templated":true}]}}