{"id":14014,"date":"2022-04-25T18:49:24","date_gmt":"2022-04-25T17:49:24","guid":{"rendered":"https:\/\/cefi.es\/?p=14014"},"modified":"2024-09-06T11:47:41","modified_gmt":"2024-09-06T10:47:41","slug":"dia-mundial-de-la-propiedad-intelectual-e-industrial-2022","status":"publish","type":"post","link":"https:\/\/cefi.es\/dia-mundial-de-la-propiedad-intelectual-e-industrial-2022\/","title":{"rendered":"Dia Mundial de la Propiedad Intelectual e industrial 2022<br>IP and Youth: Innovating for a Better Future"},"content":{"rendered":"\t\t<div data-elementor-type=\"wp-post\" data-elementor-id=\"14014\" class=\"elementor elementor-14014\" data-elementor-post-type=\"post\">\n\t\t\t\t\t\t<section class=\"elementor-section elementor-top-section elementor-element elementor-element-e5f5afa elementor-section-boxed elementor-section-height-default elementor-section-height-default\" data-id=\"e5f5afa\" data-element_type=\"section\" data-e-type=\"section\">\n\t\t\t\t\t\t<div class=\"elementor-container elementor-column-gap-default\">\n\t\t\t\t\t<div class=\"elementor-column elementor-col-100 elementor-top-column elementor-element elementor-element-4befbfc\" data-id=\"4befbfc\" data-element_type=\"column\" data-e-type=\"column\">\n\t\t\t<div class=\"elementor-widget-wrap elementor-element-populated\">\n\t\t\t\t\t\t<div class=\"elementor-element elementor-element-cf4b5ac elementor-widget elementor-widget-text-editor\" data-id=\"cf4b5ac\" data-element_type=\"widget\" data-e-type=\"widget\" data-widget_type=\"text-editor.default\">\n\t\t\t\t\t\t\t\t\t<p class=\"p1\">Hoy, 26 de abril, es el d\u00eda mundial de la Propiedad intelectual e industrial. Este a\u00f1o est\u00e1 dedicado a la propiedad intelectual e industrial y la juventud: innovando para un futuro mejor.<\/p>\n<p class=\"p2\">En CEFI queremos dar voz a investigadores j\u00f3venes en el sector biofarmac\u00e9utico. Compartimos tres proyectos de tres j\u00f3venes investigadores Santiago Ca\u00f1ellas Rom\u00e1n, Investigador de Janssen Cilag, Iris Sim\u00f3n S\u00e1ez, Investigadora de GENyO-Centro Pfizer y Marta Grande de Domingo. Takeda Farmac\u00e9utica Espa\u00f1a S.A.<\/p>\t\t\t\t\t\t\t\t<\/div>\n\t\t\t\t<div class=\"elementor-element elementor-element-60d9a8d elementor-widget elementor-widget-heading\" data-id=\"60d9a8d\" data-element_type=\"widget\" data-e-type=\"widget\" data-widget_type=\"heading.default\">\n\t\t\t\t\t<h2 class=\"elementor-heading-title elementor-size-default\">Accede  los posts de los investigadores<\/h2>\t\t\t\t<\/div>\n\t\t\t\t<section class=\"elementor-section elementor-inner-section elementor-element elementor-element-ae9f7b4 elementor-section-boxed elementor-section-height-default elementor-section-height-default\" data-id=\"ae9f7b4\" data-element_type=\"section\" data-e-type=\"section\">\n\t\t\t\t\t\t<div class=\"elementor-container elementor-column-gap-default\">\n\t\t\t\t\t<div class=\"elementor-column elementor-col-33 elementor-inner-column elementor-element elementor-element-c5b0cd5\" data-id=\"c5b0cd5\" data-element_type=\"column\" data-e-type=\"column\">\n\t\t\t<div class=\"elementor-widget-wrap elementor-element-populated\">\n\t\t\t\t\t\t<div class=\"elementor-element elementor-element-0e94d1a elementor-align-justify elementor-widget elementor-widget-button\" data-id=\"0e94d1a\" data-element_type=\"widget\" data-e-type=\"widget\" data-widget_type=\"button.default\">\n\t\t\t\t\t\t\t\t\t\t<a class=\"elementor-button elementor-button-link elementor-size-sm\" href=\"https:\/\/cefi.es\/santiago-canellas-roman\/\">\n\t\t\t\t\t\t<span class=\"elementor-button-content-wrapper\">\n\t\t\t\t\t\t<span class=\"elementor-button-icon\">\n\t\t\t\t<svg aria-hidden=\"true\" class=\"e-font-icon-svg e-fas-book-reader\" viewBox=\"0 0 512 512\" xmlns=\"http:\/\/www.w3.org\/2000\/svg\"><path d=\"M352 96c0-53.02-42.98-96-96-96s-96 42.98-96 96 42.98 96 96 96 96-42.98 96-96zM233.59 241.1c-59.33-36.32-155.43-46.3-203.79-49.05C13.55 191.13 0 203.51 0 219.14v222.8c0 14.33 11.59 26.28 26.49 27.05 43.66 2.29 131.99 10.68 193.04 41.43 9.37 4.72 20.48-1.71 20.48-11.87V252.56c-.01-4.67-2.32-8.95-6.42-11.46zm248.61-49.05c-48.35 2.74-144.46 12.73-203.78 49.05-4.1 2.51-6.41 6.96-6.41 11.63v245.79c0 10.19 11.14 16.63 20.54 11.9 61.04-30.72 149.32-39.11 192.97-41.4 14.9-.78 26.49-12.73 26.49-27.06V219.14c-.01-15.63-13.56-28.01-29.81-27.09z\"><\/path><\/svg>\t\t\t<\/span>\n\t\t\t\t\t\t\t\t\t<span class=\"elementor-button-text\">Santiago Ca\u00f1ellas Rom\u00e1n<\/span>\n\t\t\t\t\t<\/span>\n\t\t\t\t\t<\/a>\n\t\t\t\t\t\t\t\t<\/div>\n\t\t\t\t\t<\/div>\n\t\t<\/div>\n\t\t\t\t<div class=\"elementor-column elementor-col-33 elementor-inner-column elementor-element elementor-element-1a4aae4\" data-id=\"1a4aae4\" data-element_type=\"column\" data-e-type=\"column\">\n\t\t\t<div class=\"elementor-widget-wrap elementor-element-populated\">\n\t\t\t\t\t\t<div class=\"elementor-element elementor-element-a02b895 elementor-align-justify elementor-widget elementor-widget-button\" data-id=\"a02b895\" data-element_type=\"widget\" data-e-type=\"widget\" data-widget_type=\"button.default\">\n\t\t\t\t\t\t\t\t\t\t<a class=\"elementor-button elementor-size-sm\" role=\"button\">\n\t\t\t\t\t\t<span class=\"elementor-button-content-wrapper\">\n\t\t\t\t\t\t<span class=\"elementor-button-icon\">\n\t\t\t\t<svg aria-hidden=\"true\" class=\"e-font-icon-svg e-fas-book-reader\" viewBox=\"0 0 512 512\" xmlns=\"http:\/\/www.w3.org\/2000\/svg\"><path d=\"M352 96c0-53.02-42.98-96-96-96s-96 42.98-96 96 42.98 96 96 96 96-42.98 96-96zM233.59 241.1c-59.33-36.32-155.43-46.3-203.79-49.05C13.55 191.13 0 203.51 0 219.14v222.8c0 14.33 11.59 26.28 26.49 27.05 43.66 2.29 131.99 10.68 193.04 41.43 9.37 4.72 20.48-1.71 20.48-11.87V252.56c-.01-4.67-2.32-8.95-6.42-11.46zm248.61-49.05c-48.35 2.74-144.46 12.73-203.78 49.05-4.1 2.51-6.41 6.96-6.41 11.63v245.79c0 10.19 11.14 16.63 20.54 11.9 61.04-30.72 149.32-39.11 192.97-41.4 14.9-.78 26.49-12.73 26.49-27.06V219.14c-.01-15.63-13.56-28.01-29.81-27.09z\"><\/path><\/svg>\t\t\t<\/span>\n\t\t\t\t\t\t\t\t\t<span class=\"elementor-button-text\">Iris Sim\u00f3n S\u00e1ez<\/span>\n\t\t\t\t\t<\/span>\n\t\t\t\t\t<\/a>\n\t\t\t\t\t\t\t\t<\/div>\n\t\t\t\t\t<\/div>\n\t\t<\/div>\n\t\t\t\t<div class=\"elementor-column elementor-col-33 elementor-inner-column elementor-element elementor-element-7d186d0\" data-id=\"7d186d0\" data-element_type=\"column\" data-e-type=\"column\">\n\t\t\t<div class=\"elementor-widget-wrap elementor-element-populated\">\n\t\t\t\t\t\t<div class=\"elementor-element elementor-element-a8cd2c9 elementor-align-justify elementor-widget elementor-widget-button\" data-id=\"a8cd2c9\" data-element_type=\"widget\" data-e-type=\"widget\" data-widget_type=\"button.default\">\n\t\t\t\t\t\t\t\t\t\t<a class=\"elementor-button elementor-size-sm\" role=\"button\">\n\t\t\t\t\t\t<span class=\"elementor-button-content-wrapper\">\n\t\t\t\t\t\t<span class=\"elementor-button-icon\">\n\t\t\t\t<svg aria-hidden=\"true\" class=\"e-font-icon-svg e-fas-book-reader\" viewBox=\"0 0 512 512\" xmlns=\"http:\/\/www.w3.org\/2000\/svg\"><path d=\"M352 96c0-53.02-42.98-96-96-96s-96 42.98-96 96 42.98 96 96 96 96-42.98 96-96zM233.59 241.1c-59.33-36.32-155.43-46.3-203.79-49.05C13.55 191.13 0 203.51 0 219.14v222.8c0 14.33 11.59 26.28 26.49 27.05 43.66 2.29 131.99 10.68 193.04 41.43 9.37 4.72 20.48-1.71 20.48-11.87V252.56c-.01-4.67-2.32-8.95-6.42-11.46zm248.61-49.05c-48.35 2.74-144.46 12.73-203.78 49.05-4.1 2.51-6.41 6.96-6.41 11.63v245.79c0 10.19 11.14 16.63 20.54 11.9 61.04-30.72 149.32-39.11 192.97-41.4 14.9-.78 26.49-12.73 26.49-27.06V219.14c-.01-15.63-13.56-28.01-29.81-27.09z\"><\/path><\/svg>\t\t\t<\/span>\n\t\t\t\t\t\t\t\t\t<span class=\"elementor-button-text\"> Marta Grande de Domingo<\/span>\n\t\t\t\t\t<\/span>\n\t\t\t\t\t<\/a>\n\t\t\t\t\t\t\t\t<\/div>\n\t\t\t\t\t<\/div>\n\t\t<\/div>\n\t\t\t\t\t<\/div>\n\t\t<\/section>\n\t\t\t\t\t<\/div>\n\t\t<\/div>\n\t\t\t\t\t<\/div>\n\t\t<\/section>\n\t\t\t\t<\/div>\n\t\t","protected":false},"excerpt":{"rendered":"<p>Hoy, 26 de abril, es el d\u00eda mundial de la Propiedad intelectual e industrial. Este a\u00f1o est\u00e1 dedicado a la propiedad intelectual e industrial y la juventud: innovando para un futuro mejor. En CEFI queremos dar voz a investigadores j\u00f3venes en el sector biofarmac\u00e9utico. Compartimos tres proyectos de tres j\u00f3venes investigadores Santiago Ca\u00f1ellas Rom\u00e1n, Investigador [&hellip;]<\/p>\n","protected":false},"author":3,"featured_media":14083,"comment_status":"closed","ping_status":"closed","sticky":false,"template":"","format":"standard","meta":{"_acf_changed":false,"footnotes":""},"categories":[1],"tags":[283],"class_list":["post-14014","post","type-post","status-publish","format-standard","has-post-thumbnail","hentry","category-sin-categoria","tag-worldipday-ipyouth"],"acf":[],"yoast_head":"<!-- This site is optimized with the Yoast SEO plugin v27.3 - https:\/\/yoast.com\/product\/yoast-seo-wordpress\/ -->\n<title>Dia Mundial de la Propiedad Intelectual e industrial 2022IP and Youth: Innovating for a Better Future - Centro de estudios para el fomento de la investigaci\u00f3n<\/title>\n<meta name=\"robots\" content=\"index, follow, max-snippet:-1, max-image-preview:large, max-video-preview:-1\" \/>\n<link rel=\"canonical\" href=\"https:\/\/cefi.es\/en\/dia-mundial-de-la-propiedad-intelectual-e-industrial-2022\/\" \/>\n<meta property=\"og:locale\" content=\"en_US\" \/>\n<meta property=\"og:type\" content=\"article\" \/>\n<meta property=\"og:title\" content=\"Dia Mundial de la Propiedad Intelectual e industrial 2022IP and Youth: Innovating for a Better Future - Centro de estudios para el fomento de la investigaci\u00f3n\" \/>\n<meta property=\"og:description\" content=\"Hoy, 26 de abril, es el d\u00eda mundial de la Propiedad intelectual e industrial. Este a\u00f1o est\u00e1 dedicado a la propiedad intelectual e industrial y la juventud: innovando para un futuro mejor. En CEFI queremos dar voz a investigadores j\u00f3venes en el sector biofarmac\u00e9utico. Compartimos tres proyectos de tres j\u00f3venes investigadores Santiago Ca\u00f1ellas Rom\u00e1n, Investigador [&hellip;]\" \/>\n<meta property=\"og:url\" content=\"https:\/\/cefi.es\/dia-mundial-de-la-propiedad-intelectual-e-industrial-2022\/\" \/>\n<meta property=\"og:site_name\" content=\"Centro de estudios para el fomento de la investigaci\u00f3n\" \/>\n<meta property=\"article:published_time\" content=\"2022-04-25T17:49:24+00:00\" \/>\n<meta property=\"article:modified_time\" content=\"2024-09-06T10:47:41+00:00\" \/>\n<meta property=\"og:image\" content=\"https:\/\/cefi.es\/wp-contenido\/uploads\/2022\/04\/Captura-de-Pantalla-2022-04-25-a-las-20.28.04.png\" \/>\n\t<meta property=\"og:image:width\" content=\"752\" \/>\n\t<meta property=\"og:image:height\" content=\"492\" \/>\n\t<meta property=\"og:image:type\" content=\"image\/png\" \/>\n<meta name=\"author\" content=\"Administrador\" \/>\n<meta name=\"twitter:card\" content=\"summary_large_image\" \/>\n<meta name=\"twitter:label1\" content=\"Written by\" \/>\n\t<meta name=\"twitter:data1\" content=\"Administrador\" \/>\n\t<meta name=\"twitter:label2\" content=\"Est. reading time\" \/>\n\t<meta name=\"twitter:data2\" content=\"1 minute\" \/>\n<script type=\"application\/ld+json\" class=\"yoast-schema-graph\">{\"@context\":\"https:\\\/\\\/schema.org\",\"@graph\":[{\"@type\":\"Article\",\"@id\":\"https:\\\/\\\/cefi.es\\\/dia-mundial-de-la-propiedad-intelectual-e-industrial-2022\\\/#article\",\"isPartOf\":{\"@id\":\"https:\\\/\\\/cefi.es\\\/dia-mundial-de-la-propiedad-intelectual-e-industrial-2022\\\/\"},\"author\":{\"name\":\"Administrador\",\"@id\":\"https:\\\/\\\/cefi.es\\\/en\\\/#\\\/schema\\\/person\\\/7f0c55a37796bb7af8bdb655ade37da7\"},\"headline\":\"Dia Mundial de la Propiedad Intelectual e industrial 2022 IP and Youth: Innovating for a Better Future\",\"datePublished\":\"2022-04-25T17:49:24+00:00\",\"dateModified\":\"2024-09-06T10:47:41+00:00\",\"mainEntityOfPage\":{\"@id\":\"https:\\\/\\\/cefi.es\\\/dia-mundial-de-la-propiedad-intelectual-e-industrial-2022\\\/\"},\"wordCount\":121,\"publisher\":{\"@id\":\"https:\\\/\\\/cefi.es\\\/en\\\/#organization\"},\"image\":{\"@id\":\"https:\\\/\\\/cefi.es\\\/dia-mundial-de-la-propiedad-intelectual-e-industrial-2022\\\/#primaryimage\"},\"thumbnailUrl\":\"https:\\\/\\\/cefi.es\\\/wp-contenido\\\/uploads\\\/2022\\\/04\\\/Captura-de-Pantalla-2022-04-25-a-las-20.28.04.png\",\"keywords\":[\"WorldIPDay IP&amp;Youth.\"],\"articleSection\":[\"Sin categor\u00eda\"],\"inLanguage\":\"en-US\"},{\"@type\":\"WebPage\",\"@id\":\"https:\\\/\\\/cefi.es\\\/dia-mundial-de-la-propiedad-intelectual-e-industrial-2022\\\/\",\"url\":\"https:\\\/\\\/cefi.es\\\/dia-mundial-de-la-propiedad-intelectual-e-industrial-2022\\\/\",\"name\":\"Dia Mundial de la Propiedad Intelectual e industrial 2022 IP and Youth: Innovating for a Better Future - Centro de estudios para el fomento de la investigaci\u00f3n\",\"isPartOf\":{\"@id\":\"https:\\\/\\\/cefi.es\\\/en\\\/#website\"},\"primaryImageOfPage\":{\"@id\":\"https:\\\/\\\/cefi.es\\\/dia-mundial-de-la-propiedad-intelectual-e-industrial-2022\\\/#primaryimage\"},\"image\":{\"@id\":\"https:\\\/\\\/cefi.es\\\/dia-mundial-de-la-propiedad-intelectual-e-industrial-2022\\\/#primaryimage\"},\"thumbnailUrl\":\"https:\\\/\\\/cefi.es\\\/wp-contenido\\\/uploads\\\/2022\\\/04\\\/Captura-de-Pantalla-2022-04-25-a-las-20.28.04.png\",\"datePublished\":\"2022-04-25T17:49:24+00:00\",\"dateModified\":\"2024-09-06T10:47:41+00:00\",\"breadcrumb\":{\"@id\":\"https:\\\/\\\/cefi.es\\\/dia-mundial-de-la-propiedad-intelectual-e-industrial-2022\\\/#breadcrumb\"},\"inLanguage\":\"en-US\",\"potentialAction\":[{\"@type\":\"ReadAction\",\"target\":[\"https:\\\/\\\/cefi.es\\\/dia-mundial-de-la-propiedad-intelectual-e-industrial-2022\\\/\"]}]},{\"@type\":\"ImageObject\",\"inLanguage\":\"en-US\",\"@id\":\"https:\\\/\\\/cefi.es\\\/dia-mundial-de-la-propiedad-intelectual-e-industrial-2022\\\/#primaryimage\",\"url\":\"https:\\\/\\\/cefi.es\\\/wp-contenido\\\/uploads\\\/2022\\\/04\\\/Captura-de-Pantalla-2022-04-25-a-las-20.28.04.png\",\"contentUrl\":\"https:\\\/\\\/cefi.es\\\/wp-contenido\\\/uploads\\\/2022\\\/04\\\/Captura-de-Pantalla-2022-04-25-a-las-20.28.04.png\",\"width\":752,\"height\":492},{\"@type\":\"BreadcrumbList\",\"@id\":\"https:\\\/\\\/cefi.es\\\/dia-mundial-de-la-propiedad-intelectual-e-industrial-2022\\\/#breadcrumb\",\"itemListElement\":[{\"@type\":\"ListItem\",\"position\":1,\"name\":\"Home\",\"item\":\"https:\\\/\\\/cefi.es\\\/en\\\/\"},{\"@type\":\"ListItem\",\"position\":2,\"name\":\"Dia Mundial de la Propiedad Intelectual e industrial 2022IP and Youth: Innovating for a Better Future\"}]},{\"@type\":\"WebSite\",\"@id\":\"https:\\\/\\\/cefi.es\\\/en\\\/#website\",\"url\":\"https:\\\/\\\/cefi.es\\\/en\\\/\",\"name\":\"Centro de estudios para el fomento de la investigaci\u00f3n\",\"description\":\"\",\"publisher\":{\"@id\":\"https:\\\/\\\/cefi.es\\\/en\\\/#organization\"},\"potentialAction\":[{\"@type\":\"SearchAction\",\"target\":{\"@type\":\"EntryPoint\",\"urlTemplate\":\"https:\\\/\\\/cefi.es\\\/en\\\/?s={search_term_string}\"},\"query-input\":{\"@type\":\"PropertyValueSpecification\",\"valueRequired\":true,\"valueName\":\"search_term_string\"}}],\"inLanguage\":\"en-US\"},{\"@type\":\"Organization\",\"@id\":\"https:\\\/\\\/cefi.es\\\/en\\\/#organization\",\"name\":\"Fundacion CeFi. Propiedad industrial e intelectual\",\"url\":\"https:\\\/\\\/cefi.es\\\/en\\\/\",\"logo\":{\"@type\":\"ImageObject\",\"inLanguage\":\"en-US\",\"@id\":\"https:\\\/\\\/cefi.es\\\/en\\\/#\\\/schema\\\/logo\\\/image\\\/\",\"url\":\"https:\\\/\\\/cefi.es\\\/wp-contenido\\\/uploads\\\/2019\\\/12\\\/cropped-favicon-3.png\",\"contentUrl\":\"https:\\\/\\\/cefi.es\\\/wp-contenido\\\/uploads\\\/2019\\\/12\\\/cropped-favicon-3.png\",\"width\":512,\"height\":512,\"caption\":\"Fundacion CeFi. Propiedad industrial e intelectual\"},\"image\":{\"@id\":\"https:\\\/\\\/cefi.es\\\/en\\\/#\\\/schema\\\/logo\\\/image\\\/\"}},{\"@type\":\"Person\",\"@id\":\"https:\\\/\\\/cefi.es\\\/en\\\/#\\\/schema\\\/person\\\/7f0c55a37796bb7af8bdb655ade37da7\",\"name\":\"Administrador\",\"image\":{\"@type\":\"ImageObject\",\"inLanguage\":\"en-US\",\"@id\":\"https:\\\/\\\/secure.gravatar.com\\\/avatar\\\/ca0778ec401a3f547a961e1de7e04c284c1c4dbcf95f7dc69f9bae782d89953c?s=96&d=mm&r=g\",\"url\":\"https:\\\/\\\/secure.gravatar.com\\\/avatar\\\/ca0778ec401a3f547a961e1de7e04c284c1c4dbcf95f7dc69f9bae782d89953c?s=96&d=mm&r=g\",\"contentUrl\":\"https:\\\/\\\/secure.gravatar.com\\\/avatar\\\/ca0778ec401a3f547a961e1de7e04c284c1c4dbcf95f7dc69f9bae782d89953c?s=96&d=mm&r=g\",\"caption\":\"Administrador\"},\"url\":\"https:\\\/\\\/cefi.es\\\/en\\\/author\\\/admin\\\/\"}]}<\/script>\n<!-- \/ Yoast SEO plugin. -->","yoast_head_json":{"title":"Dia Mundial de la Propiedad Intelectual e industrial 2022IP and Youth: Innovating for a Better Future - Centro de estudios para el fomento de la investigaci\u00f3n","robots":{"index":"index","follow":"follow","max-snippet":"max-snippet:-1","max-image-preview":"max-image-preview:large","max-video-preview":"max-video-preview:-1"},"canonical":"https:\/\/cefi.es\/en\/dia-mundial-de-la-propiedad-intelectual-e-industrial-2022\/","og_locale":"en_US","og_type":"article","og_title":"Dia Mundial de la Propiedad Intelectual e industrial 2022IP and Youth: Innovating for a Better Future - Centro de estudios para el fomento de la investigaci\u00f3n","og_description":"Hoy, 26 de abril, es el d\u00eda mundial de la Propiedad intelectual e industrial. Este a\u00f1o est\u00e1 dedicado a la propiedad intelectual e industrial y la juventud: innovando para un futuro mejor. En CEFI queremos dar voz a investigadores j\u00f3venes en el sector biofarmac\u00e9utico. Compartimos tres proyectos de tres j\u00f3venes investigadores Santiago Ca\u00f1ellas Rom\u00e1n, Investigador [&hellip;]","og_url":"https:\/\/cefi.es\/dia-mundial-de-la-propiedad-intelectual-e-industrial-2022\/","og_site_name":"Centro de estudios para el fomento de la investigaci\u00f3n","article_published_time":"2022-04-25T17:49:24+00:00","article_modified_time":"2024-09-06T10:47:41+00:00","og_image":[{"width":752,"height":492,"url":"https:\/\/cefi.es\/wp-contenido\/uploads\/2022\/04\/Captura-de-Pantalla-2022-04-25-a-las-20.28.04.png","type":"image\/png"}],"author":"Administrador","twitter_card":"summary_large_image","twitter_misc":{"Written by":"Administrador","Est. reading time":"1 minute"},"schema":{"@context":"https:\/\/schema.org","@graph":[{"@type":"Article","@id":"https:\/\/cefi.es\/dia-mundial-de-la-propiedad-intelectual-e-industrial-2022\/#article","isPartOf":{"@id":"https:\/\/cefi.es\/dia-mundial-de-la-propiedad-intelectual-e-industrial-2022\/"},"author":{"name":"Administrador","@id":"https:\/\/cefi.es\/en\/#\/schema\/person\/7f0c55a37796bb7af8bdb655ade37da7"},"headline":"Dia Mundial de la Propiedad Intelectual e industrial 2022 IP and Youth: Innovating for a Better Future","datePublished":"2022-04-25T17:49:24+00:00","dateModified":"2024-09-06T10:47:41+00:00","mainEntityOfPage":{"@id":"https:\/\/cefi.es\/dia-mundial-de-la-propiedad-intelectual-e-industrial-2022\/"},"wordCount":121,"publisher":{"@id":"https:\/\/cefi.es\/en\/#organization"},"image":{"@id":"https:\/\/cefi.es\/dia-mundial-de-la-propiedad-intelectual-e-industrial-2022\/#primaryimage"},"thumbnailUrl":"https:\/\/cefi.es\/wp-contenido\/uploads\/2022\/04\/Captura-de-Pantalla-2022-04-25-a-las-20.28.04.png","keywords":["WorldIPDay IP&amp;Youth."],"articleSection":["Sin categor\u00eda"],"inLanguage":"en-US"},{"@type":"WebPage","@id":"https:\/\/cefi.es\/dia-mundial-de-la-propiedad-intelectual-e-industrial-2022\/","url":"https:\/\/cefi.es\/dia-mundial-de-la-propiedad-intelectual-e-industrial-2022\/","name":"Dia Mundial de la Propiedad Intelectual e industrial 2022 IP and Youth: Innovating for a Better Future - Centro de estudios para el fomento de la investigaci\u00f3n","isPartOf":{"@id":"https:\/\/cefi.es\/en\/#website"},"primaryImageOfPage":{"@id":"https:\/\/cefi.es\/dia-mundial-de-la-propiedad-intelectual-e-industrial-2022\/#primaryimage"},"image":{"@id":"https:\/\/cefi.es\/dia-mundial-de-la-propiedad-intelectual-e-industrial-2022\/#primaryimage"},"thumbnailUrl":"https:\/\/cefi.es\/wp-contenido\/uploads\/2022\/04\/Captura-de-Pantalla-2022-04-25-a-las-20.28.04.png","datePublished":"2022-04-25T17:49:24+00:00","dateModified":"2024-09-06T10:47:41+00:00","breadcrumb":{"@id":"https:\/\/cefi.es\/dia-mundial-de-la-propiedad-intelectual-e-industrial-2022\/#breadcrumb"},"inLanguage":"en-US","potentialAction":[{"@type":"ReadAction","target":["https:\/\/cefi.es\/dia-mundial-de-la-propiedad-intelectual-e-industrial-2022\/"]}]},{"@type":"ImageObject","inLanguage":"en-US","@id":"https:\/\/cefi.es\/dia-mundial-de-la-propiedad-intelectual-e-industrial-2022\/#primaryimage","url":"https:\/\/cefi.es\/wp-contenido\/uploads\/2022\/04\/Captura-de-Pantalla-2022-04-25-a-las-20.28.04.png","contentUrl":"https:\/\/cefi.es\/wp-contenido\/uploads\/2022\/04\/Captura-de-Pantalla-2022-04-25-a-las-20.28.04.png","width":752,"height":492},{"@type":"BreadcrumbList","@id":"https:\/\/cefi.es\/dia-mundial-de-la-propiedad-intelectual-e-industrial-2022\/#breadcrumb","itemListElement":[{"@type":"ListItem","position":1,"name":"Home","item":"https:\/\/cefi.es\/en\/"},{"@type":"ListItem","position":2,"name":"Dia Mundial de la Propiedad Intelectual e industrial 2022IP and Youth: Innovating for a Better Future"}]},{"@type":"WebSite","@id":"https:\/\/cefi.es\/en\/#website","url":"https:\/\/cefi.es\/en\/","name":"Centro de estudios para el fomento de la investigaci\u00f3n","description":"","publisher":{"@id":"https:\/\/cefi.es\/en\/#organization"},"potentialAction":[{"@type":"SearchAction","target":{"@type":"EntryPoint","urlTemplate":"https:\/\/cefi.es\/en\/?s={search_term_string}"},"query-input":{"@type":"PropertyValueSpecification","valueRequired":true,"valueName":"search_term_string"}}],"inLanguage":"en-US"},{"@type":"Organization","@id":"https:\/\/cefi.es\/en\/#organization","name":"Fundacion CeFi. Propiedad industrial e intelectual","url":"https:\/\/cefi.es\/en\/","logo":{"@type":"ImageObject","inLanguage":"en-US","@id":"https:\/\/cefi.es\/en\/#\/schema\/logo\/image\/","url":"https:\/\/cefi.es\/wp-contenido\/uploads\/2019\/12\/cropped-favicon-3.png","contentUrl":"https:\/\/cefi.es\/wp-contenido\/uploads\/2019\/12\/cropped-favicon-3.png","width":512,"height":512,"caption":"Fundacion CeFi. Propiedad industrial e intelectual"},"image":{"@id":"https:\/\/cefi.es\/en\/#\/schema\/logo\/image\/"}},{"@type":"Person","@id":"https:\/\/cefi.es\/en\/#\/schema\/person\/7f0c55a37796bb7af8bdb655ade37da7","name":"Administrador","image":{"@type":"ImageObject","inLanguage":"en-US","@id":"https:\/\/secure.gravatar.com\/avatar\/ca0778ec401a3f547a961e1de7e04c284c1c4dbcf95f7dc69f9bae782d89953c?s=96&d=mm&r=g","url":"https:\/\/secure.gravatar.com\/avatar\/ca0778ec401a3f547a961e1de7e04c284c1c4dbcf95f7dc69f9bae782d89953c?s=96&d=mm&r=g","contentUrl":"https:\/\/secure.gravatar.com\/avatar\/ca0778ec401a3f547a961e1de7e04c284c1c4dbcf95f7dc69f9bae782d89953c?s=96&d=mm&r=g","caption":"Administrador"},"url":"https:\/\/cefi.es\/en\/author\/admin\/"}]}},"_links":{"self":[{"href":"https:\/\/cefi.es\/en\/wp-json\/wp\/v2\/posts\/14014","targetHints":{"allow":["GET"]}}],"collection":[{"href":"https:\/\/cefi.es\/en\/wp-json\/wp\/v2\/posts"}],"about":[{"href":"https:\/\/cefi.es\/en\/wp-json\/wp\/v2\/types\/post"}],"author":[{"embeddable":true,"href":"https:\/\/cefi.es\/en\/wp-json\/wp\/v2\/users\/3"}],"replies":[{"embeddable":true,"href":"https:\/\/cefi.es\/en\/wp-json\/wp\/v2\/comments?post=14014"}],"version-history":[{"count":27,"href":"https:\/\/cefi.es\/en\/wp-json\/wp\/v2\/posts\/14014\/revisions"}],"predecessor-version":[{"id":14082,"href":"https:\/\/cefi.es\/en\/wp-json\/wp\/v2\/posts\/14014\/revisions\/14082"}],"wp:featuredmedia":[{"embeddable":true,"href":"https:\/\/cefi.es\/en\/wp-json\/wp\/v2\/media\/14083"}],"wp:attachment":[{"href":"https:\/\/cefi.es\/en\/wp-json\/wp\/v2\/media?parent=14014"}],"wp:term":[{"taxonomy":"category","embeddable":true,"href":"https:\/\/cefi.es\/en\/wp-json\/wp\/v2\/categories?post=14014"},{"taxonomy":"post_tag","embeddable":true,"href":"https:\/\/cefi.es\/en\/wp-json\/wp\/v2\/tags?post=14014"}],"curies":[{"name":"wp","href":"https:\/\/api.w.org\/{rel}","templated":true}]}}