{"id":13760,"date":"2022-03-10T10:54:59","date_gmt":"2022-03-10T09:54:59","guid":{"rendered":"https:\/\/cefi.es\/?p=13760"},"modified":"2024-09-06T11:47:41","modified_gmt":"2024-09-06T10:47:41","slug":"cefi-40-anos-trabajando-en-defensa-de-la-innovacion-y-la-propiedad-industrial","status":"publish","type":"post","link":"https:\/\/cefi.es\/cefi-40-anos-trabajando-en-defensa-de-la-innovacion-y-la-propiedad-industrial\/","title":{"rendered":"CEFI, 40 a\u00f1os trabajando en defensa de la innovaci\u00f3n y la propiedad industrial"},"content":{"rendered":"\t\t<div data-elementor-type=\"wp-post\" data-elementor-id=\"13760\" class=\"elementor elementor-13760\" data-elementor-post-type=\"post\">\n\t\t\t\t\t\t<section class=\"elementor-section elementor-top-section elementor-element elementor-element-01d42b2 elementor-section-boxed elementor-section-height-default elementor-section-height-default\" data-id=\"01d42b2\" data-element_type=\"section\" data-e-type=\"section\">\n\t\t\t\t\t\t<div class=\"elementor-container elementor-column-gap-default\">\n\t\t\t\t\t<div class=\"elementor-column elementor-col-100 elementor-top-column elementor-element elementor-element-76a3598\" data-id=\"76a3598\" data-element_type=\"column\" data-e-type=\"column\">\n\t\t\t<div class=\"elementor-widget-wrap elementor-element-populated\">\n\t\t\t\t\t\t<div class=\"elementor-element elementor-element-ed2b1bf elementor-widget elementor-widget-image\" data-id=\"ed2b1bf\" data-element_type=\"widget\" data-e-type=\"widget\" data-widget_type=\"image.default\">\n\t\t\t\t\t\t\t\t\t\t\t\t\t\t\t<img loading=\"lazy\" decoding=\"async\" width=\"768\" height=\"237\" src=\"https:\/\/cefi.es\/wp-contenido\/uploads\/2022\/03\/40an\u0303os_logo-768x237.png\" class=\"attachment-medium_large size-medium_large wp-image-13757\" alt=\"\" srcset=\"https:\/\/cefi.es\/wp-contenido\/uploads\/2022\/03\/40an\u0303os_logo-768x237.png 768w, https:\/\/cefi.es\/wp-contenido\/uploads\/2022\/03\/40an\u0303os_logo-300x92.png 300w, https:\/\/cefi.es\/wp-contenido\/uploads\/2022\/03\/40an\u0303os_logo-1024x315.png 1024w, https:\/\/cefi.es\/wp-contenido\/uploads\/2022\/03\/40an\u0303os_logo-440x136.png 440w, https:\/\/cefi.es\/wp-contenido\/uploads\/2022\/03\/40an\u0303os_logo-600x185.png 600w, https:\/\/cefi.es\/wp-contenido\/uploads\/2022\/03\/40an\u0303os_logo.png 1227w\" sizes=\"auto, (max-width: 768px) 100vw, 768px\" \/>\t\t\t\t\t\t\t\t\t\t\t\t\t\t\t<\/div>\n\t\t\t\t\t<\/div>\n\t\t<\/div>\n\t\t\t\t\t<\/div>\n\t\t<\/section>\n\t\t\t\t<section class=\"elementor-section elementor-top-section elementor-element elementor-element-4e8dcf30 elementor-section-boxed elementor-section-height-default elementor-section-height-default\" data-id=\"4e8dcf30\" data-element_type=\"section\" data-e-type=\"section\">\n\t\t\t\t\t\t<div class=\"elementor-container elementor-column-gap-default\">\n\t\t\t\t\t<div class=\"elementor-column elementor-col-100 elementor-top-column elementor-element elementor-element-7a1f8f88\" data-id=\"7a1f8f88\" data-element_type=\"column\" data-e-type=\"column\">\n\t\t\t<div class=\"elementor-widget-wrap elementor-element-populated\">\n\t\t\t\t\t\t<div class=\"elementor-element elementor-element-12e12819 elementor-widget elementor-widget-text-editor\" data-id=\"12e12819\" data-element_type=\"widget\" data-e-type=\"widget\" data-widget_type=\"text-editor.default\">\n\t\t\t\t\t\t\t\t\t\n\nEn la Fundaci\u00f3n CEFI estamos muy orgullosos de celebrar este a\u00f1o nuestro 40\u00ba Aniversario. CEFI lleva 40 a\u00f1os trabajando en defensa de la innovaci\u00f3n y la propiedad industrial, especialmente en el \u00e1mbito biom\u00e9dico. Gracias a la colaboraci\u00f3n de grandes expertos, autoridades y miles de seguidores, cumplimos cuatro d\u00e9cadas de debate y an\u00e1lisis de los incentivos y regulaciones de la innovaci\u00f3n y de los medicamentos. Generando ideas y propuestas constructivas que contribuyan a su mejora.\n<p class=\"p1\">Este a\u00f1o 2022 ser\u00e1 un a\u00f1o de celebraci\u00f3n y de seguir esforz\u00e1ndonos por mejorar el marco regulatorio de la investigaci\u00f3n y del medicamento, para que los pacientes puedan acceder a las terapias innovadoras que necesitan.<\/p>\n<p class=\"p1\">De la mano de todos vosotros, esperamos seguir contando con vuestro apoyo e inter\u00e9s para conseguir estos objetivos.<\/p>\n\n\t\t\t\t\t\t\t\t<\/div>\n\t\t\t\t\t<\/div>\n\t\t<\/div>\n\t\t\t\t\t<\/div>\n\t\t<\/section>\n\t\t\t\t<\/div>\n\t\t","protected":false},"excerpt":{"rendered":"<p>En la Fundaci\u00f3n CEFI estamos muy orgullosos de celebrar este a\u00f1o nuestro 40\u00ba Aniversario. CEFI lleva 40 a\u00f1os trabajando en defensa de la innovaci\u00f3n y la propiedad industrial, especialmente en el \u00e1mbito biom\u00e9dico. Gracias a la colaboraci\u00f3n de grandes expertos, autoridades y miles de seguidores, cumplimos cuatro d\u00e9cadas de debate y an\u00e1lisis de los incentivos [&hellip;]<\/p>\n","protected":false},"author":3,"featured_media":5833,"comment_status":"closed","ping_status":"closed","sticky":false,"template":"","format":"standard","meta":{"_acf_changed":false,"footnotes":""},"categories":[1],"tags":[],"class_list":["post-13760","post","type-post","status-publish","format-standard","has-post-thumbnail","hentry","category-sin-categoria"],"acf":[],"yoast_head":"<!-- This site is optimized with the Yoast SEO plugin v27.3 - https:\/\/yoast.com\/product\/yoast-seo-wordpress\/ -->\n<title>CEFI, 40 a\u00f1os trabajando en defensa de la innovaci\u00f3n y la propiedad industrial - Centro de estudios para el fomento de la investigaci\u00f3n<\/title>\n<meta name=\"robots\" content=\"index, follow, max-snippet:-1, max-image-preview:large, max-video-preview:-1\" \/>\n<link rel=\"canonical\" href=\"https:\/\/cefi.es\/en\/cefi-40-anos-trabajando-en-defensa-de-la-innovacion-y-la-propiedad-industrial\/\" \/>\n<meta property=\"og:locale\" content=\"en_US\" \/>\n<meta property=\"og:type\" content=\"article\" \/>\n<meta property=\"og:title\" content=\"CEFI, 40 a\u00f1os trabajando en defensa de la innovaci\u00f3n y la propiedad industrial - Centro de estudios para el fomento de la investigaci\u00f3n\" \/>\n<meta property=\"og:description\" content=\"En la Fundaci\u00f3n CEFI estamos muy orgullosos de celebrar este a\u00f1o nuestro 40\u00ba Aniversario. CEFI lleva 40 a\u00f1os trabajando en defensa de la innovaci\u00f3n y la propiedad industrial, especialmente en el \u00e1mbito biom\u00e9dico. Gracias a la colaboraci\u00f3n de grandes expertos, autoridades y miles de seguidores, cumplimos cuatro d\u00e9cadas de debate y an\u00e1lisis de los incentivos [&hellip;]\" \/>\n<meta property=\"og:url\" content=\"https:\/\/cefi.es\/cefi-40-anos-trabajando-en-defensa-de-la-innovacion-y-la-propiedad-industrial\/\" \/>\n<meta property=\"og:site_name\" content=\"Centro de estudios para el fomento de la investigaci\u00f3n\" \/>\n<meta property=\"article:published_time\" content=\"2022-03-10T09:54:59+00:00\" \/>\n<meta property=\"article:modified_time\" content=\"2024-09-06T10:47:41+00:00\" \/>\n<meta property=\"og:image\" content=\"https:\/\/cefi.es\/wp-contenido\/uploads\/2019\/12\/SEMINARIO-ONLINE-EL-SECTOR-FARMACEUTICO-Y-LA-NUEVA-LEY-DE-CONTRATOS-DEL-SECTOR-PUBLICO-30_11_2017.jpg\" \/>\n\t<meta property=\"og:image:width\" content=\"1440\" \/>\n\t<meta property=\"og:image:height\" content=\"890\" \/>\n\t<meta property=\"og:image:type\" content=\"image\/jpeg\" \/>\n<meta name=\"author\" content=\"Administrador\" \/>\n<meta name=\"twitter:card\" content=\"summary_large_image\" \/>\n<meta name=\"twitter:label1\" content=\"Written by\" \/>\n\t<meta name=\"twitter:data1\" content=\"Administrador\" \/>\n\t<meta name=\"twitter:label2\" content=\"Est. reading time\" \/>\n\t<meta name=\"twitter:data2\" content=\"1 minute\" \/>\n<script type=\"application\/ld+json\" class=\"yoast-schema-graph\">{\"@context\":\"https:\\\/\\\/schema.org\",\"@graph\":[{\"@type\":\"Article\",\"@id\":\"https:\\\/\\\/cefi.es\\\/cefi-40-anos-trabajando-en-defensa-de-la-innovacion-y-la-propiedad-industrial\\\/#article\",\"isPartOf\":{\"@id\":\"https:\\\/\\\/cefi.es\\\/cefi-40-anos-trabajando-en-defensa-de-la-innovacion-y-la-propiedad-industrial\\\/\"},\"author\":{\"name\":\"Administrador\",\"@id\":\"https:\\\/\\\/cefi.es\\\/en\\\/#\\\/schema\\\/person\\\/7f0c55a37796bb7af8bdb655ade37da7\"},\"headline\":\"CEFI, 40 a\u00f1os trabajando en defensa de la innovaci\u00f3n y la propiedad industrial\",\"datePublished\":\"2022-03-10T09:54:59+00:00\",\"dateModified\":\"2024-09-06T10:47:41+00:00\",\"mainEntityOfPage\":{\"@id\":\"https:\\\/\\\/cefi.es\\\/cefi-40-anos-trabajando-en-defensa-de-la-innovacion-y-la-propiedad-industrial\\\/\"},\"wordCount\":153,\"publisher\":{\"@id\":\"https:\\\/\\\/cefi.es\\\/en\\\/#organization\"},\"image\":{\"@id\":\"https:\\\/\\\/cefi.es\\\/cefi-40-anos-trabajando-en-defensa-de-la-innovacion-y-la-propiedad-industrial\\\/#primaryimage\"},\"thumbnailUrl\":\"https:\\\/\\\/cefi.es\\\/wp-contenido\\\/uploads\\\/2019\\\/12\\\/SEMINARIO-ONLINE-EL-SECTOR-FARMACEUTICO-Y-LA-NUEVA-LEY-DE-CONTRATOS-DEL-SECTOR-PUBLICO-30_11_2017.jpg\",\"articleSection\":[\"Sin categor\u00eda\"],\"inLanguage\":\"en-US\"},{\"@type\":\"WebPage\",\"@id\":\"https:\\\/\\\/cefi.es\\\/cefi-40-anos-trabajando-en-defensa-de-la-innovacion-y-la-propiedad-industrial\\\/\",\"url\":\"https:\\\/\\\/cefi.es\\\/cefi-40-anos-trabajando-en-defensa-de-la-innovacion-y-la-propiedad-industrial\\\/\",\"name\":\"CEFI, 40 a\u00f1os trabajando en defensa de la innovaci\u00f3n y la propiedad industrial - Centro de estudios para el fomento de la investigaci\u00f3n\",\"isPartOf\":{\"@id\":\"https:\\\/\\\/cefi.es\\\/en\\\/#website\"},\"primaryImageOfPage\":{\"@id\":\"https:\\\/\\\/cefi.es\\\/cefi-40-anos-trabajando-en-defensa-de-la-innovacion-y-la-propiedad-industrial\\\/#primaryimage\"},\"image\":{\"@id\":\"https:\\\/\\\/cefi.es\\\/cefi-40-anos-trabajando-en-defensa-de-la-innovacion-y-la-propiedad-industrial\\\/#primaryimage\"},\"thumbnailUrl\":\"https:\\\/\\\/cefi.es\\\/wp-contenido\\\/uploads\\\/2019\\\/12\\\/SEMINARIO-ONLINE-EL-SECTOR-FARMACEUTICO-Y-LA-NUEVA-LEY-DE-CONTRATOS-DEL-SECTOR-PUBLICO-30_11_2017.jpg\",\"datePublished\":\"2022-03-10T09:54:59+00:00\",\"dateModified\":\"2024-09-06T10:47:41+00:00\",\"breadcrumb\":{\"@id\":\"https:\\\/\\\/cefi.es\\\/cefi-40-anos-trabajando-en-defensa-de-la-innovacion-y-la-propiedad-industrial\\\/#breadcrumb\"},\"inLanguage\":\"en-US\",\"potentialAction\":[{\"@type\":\"ReadAction\",\"target\":[\"https:\\\/\\\/cefi.es\\\/cefi-40-anos-trabajando-en-defensa-de-la-innovacion-y-la-propiedad-industrial\\\/\"]}]},{\"@type\":\"ImageObject\",\"inLanguage\":\"en-US\",\"@id\":\"https:\\\/\\\/cefi.es\\\/cefi-40-anos-trabajando-en-defensa-de-la-innovacion-y-la-propiedad-industrial\\\/#primaryimage\",\"url\":\"https:\\\/\\\/cefi.es\\\/wp-contenido\\\/uploads\\\/2019\\\/12\\\/SEMINARIO-ONLINE-EL-SECTOR-FARMACEUTICO-Y-LA-NUEVA-LEY-DE-CONTRATOS-DEL-SECTOR-PUBLICO-30_11_2017.jpg\",\"contentUrl\":\"https:\\\/\\\/cefi.es\\\/wp-contenido\\\/uploads\\\/2019\\\/12\\\/SEMINARIO-ONLINE-EL-SECTOR-FARMACEUTICO-Y-LA-NUEVA-LEY-DE-CONTRATOS-DEL-SECTOR-PUBLICO-30_11_2017.jpg\",\"width\":1440,\"height\":890},{\"@type\":\"BreadcrumbList\",\"@id\":\"https:\\\/\\\/cefi.es\\\/cefi-40-anos-trabajando-en-defensa-de-la-innovacion-y-la-propiedad-industrial\\\/#breadcrumb\",\"itemListElement\":[{\"@type\":\"ListItem\",\"position\":1,\"name\":\"Home\",\"item\":\"https:\\\/\\\/cefi.es\\\/en\\\/\"},{\"@type\":\"ListItem\",\"position\":2,\"name\":\"CEFI, 40 a\u00f1os trabajando en defensa de la innovaci\u00f3n y la propiedad industrial\"}]},{\"@type\":\"WebSite\",\"@id\":\"https:\\\/\\\/cefi.es\\\/en\\\/#website\",\"url\":\"https:\\\/\\\/cefi.es\\\/en\\\/\",\"name\":\"Centro de estudios para el fomento de la investigaci\u00f3n\",\"description\":\"\",\"publisher\":{\"@id\":\"https:\\\/\\\/cefi.es\\\/en\\\/#organization\"},\"potentialAction\":[{\"@type\":\"SearchAction\",\"target\":{\"@type\":\"EntryPoint\",\"urlTemplate\":\"https:\\\/\\\/cefi.es\\\/en\\\/?s={search_term_string}\"},\"query-input\":{\"@type\":\"PropertyValueSpecification\",\"valueRequired\":true,\"valueName\":\"search_term_string\"}}],\"inLanguage\":\"en-US\"},{\"@type\":\"Organization\",\"@id\":\"https:\\\/\\\/cefi.es\\\/en\\\/#organization\",\"name\":\"Fundacion CeFi. Propiedad industrial e intelectual\",\"url\":\"https:\\\/\\\/cefi.es\\\/en\\\/\",\"logo\":{\"@type\":\"ImageObject\",\"inLanguage\":\"en-US\",\"@id\":\"https:\\\/\\\/cefi.es\\\/en\\\/#\\\/schema\\\/logo\\\/image\\\/\",\"url\":\"https:\\\/\\\/cefi.es\\\/wp-contenido\\\/uploads\\\/2019\\\/12\\\/cropped-favicon-3.png\",\"contentUrl\":\"https:\\\/\\\/cefi.es\\\/wp-contenido\\\/uploads\\\/2019\\\/12\\\/cropped-favicon-3.png\",\"width\":512,\"height\":512,\"caption\":\"Fundacion CeFi. Propiedad industrial e intelectual\"},\"image\":{\"@id\":\"https:\\\/\\\/cefi.es\\\/en\\\/#\\\/schema\\\/logo\\\/image\\\/\"}},{\"@type\":\"Person\",\"@id\":\"https:\\\/\\\/cefi.es\\\/en\\\/#\\\/schema\\\/person\\\/7f0c55a37796bb7af8bdb655ade37da7\",\"name\":\"Administrador\",\"image\":{\"@type\":\"ImageObject\",\"inLanguage\":\"en-US\",\"@id\":\"https:\\\/\\\/secure.gravatar.com\\\/avatar\\\/ca0778ec401a3f547a961e1de7e04c284c1c4dbcf95f7dc69f9bae782d89953c?s=96&d=mm&r=g\",\"url\":\"https:\\\/\\\/secure.gravatar.com\\\/avatar\\\/ca0778ec401a3f547a961e1de7e04c284c1c4dbcf95f7dc69f9bae782d89953c?s=96&d=mm&r=g\",\"contentUrl\":\"https:\\\/\\\/secure.gravatar.com\\\/avatar\\\/ca0778ec401a3f547a961e1de7e04c284c1c4dbcf95f7dc69f9bae782d89953c?s=96&d=mm&r=g\",\"caption\":\"Administrador\"},\"url\":\"https:\\\/\\\/cefi.es\\\/en\\\/author\\\/admin\\\/\"}]}<\/script>\n<!-- \/ Yoast SEO plugin. -->","yoast_head_json":{"title":"CEFI, 40 a\u00f1os trabajando en defensa de la innovaci\u00f3n y la propiedad industrial - Centro de estudios para el fomento de la investigaci\u00f3n","robots":{"index":"index","follow":"follow","max-snippet":"max-snippet:-1","max-image-preview":"max-image-preview:large","max-video-preview":"max-video-preview:-1"},"canonical":"https:\/\/cefi.es\/en\/cefi-40-anos-trabajando-en-defensa-de-la-innovacion-y-la-propiedad-industrial\/","og_locale":"en_US","og_type":"article","og_title":"CEFI, 40 a\u00f1os trabajando en defensa de la innovaci\u00f3n y la propiedad industrial - Centro de estudios para el fomento de la investigaci\u00f3n","og_description":"En la Fundaci\u00f3n CEFI estamos muy orgullosos de celebrar este a\u00f1o nuestro 40\u00ba Aniversario. CEFI lleva 40 a\u00f1os trabajando en defensa de la innovaci\u00f3n y la propiedad industrial, especialmente en el \u00e1mbito biom\u00e9dico. Gracias a la colaboraci\u00f3n de grandes expertos, autoridades y miles de seguidores, cumplimos cuatro d\u00e9cadas de debate y an\u00e1lisis de los incentivos [&hellip;]","og_url":"https:\/\/cefi.es\/cefi-40-anos-trabajando-en-defensa-de-la-innovacion-y-la-propiedad-industrial\/","og_site_name":"Centro de estudios para el fomento de la investigaci\u00f3n","article_published_time":"2022-03-10T09:54:59+00:00","article_modified_time":"2024-09-06T10:47:41+00:00","og_image":[{"width":1440,"height":890,"url":"https:\/\/cefi.es\/wp-contenido\/uploads\/2019\/12\/SEMINARIO-ONLINE-EL-SECTOR-FARMACEUTICO-Y-LA-NUEVA-LEY-DE-CONTRATOS-DEL-SECTOR-PUBLICO-30_11_2017.jpg","type":"image\/jpeg"}],"author":"Administrador","twitter_card":"summary_large_image","twitter_misc":{"Written by":"Administrador","Est. reading time":"1 minute"},"schema":{"@context":"https:\/\/schema.org","@graph":[{"@type":"Article","@id":"https:\/\/cefi.es\/cefi-40-anos-trabajando-en-defensa-de-la-innovacion-y-la-propiedad-industrial\/#article","isPartOf":{"@id":"https:\/\/cefi.es\/cefi-40-anos-trabajando-en-defensa-de-la-innovacion-y-la-propiedad-industrial\/"},"author":{"name":"Administrador","@id":"https:\/\/cefi.es\/en\/#\/schema\/person\/7f0c55a37796bb7af8bdb655ade37da7"},"headline":"CEFI, 40 a\u00f1os trabajando en defensa de la innovaci\u00f3n y la propiedad industrial","datePublished":"2022-03-10T09:54:59+00:00","dateModified":"2024-09-06T10:47:41+00:00","mainEntityOfPage":{"@id":"https:\/\/cefi.es\/cefi-40-anos-trabajando-en-defensa-de-la-innovacion-y-la-propiedad-industrial\/"},"wordCount":153,"publisher":{"@id":"https:\/\/cefi.es\/en\/#organization"},"image":{"@id":"https:\/\/cefi.es\/cefi-40-anos-trabajando-en-defensa-de-la-innovacion-y-la-propiedad-industrial\/#primaryimage"},"thumbnailUrl":"https:\/\/cefi.es\/wp-contenido\/uploads\/2019\/12\/SEMINARIO-ONLINE-EL-SECTOR-FARMACEUTICO-Y-LA-NUEVA-LEY-DE-CONTRATOS-DEL-SECTOR-PUBLICO-30_11_2017.jpg","articleSection":["Sin categor\u00eda"],"inLanguage":"en-US"},{"@type":"WebPage","@id":"https:\/\/cefi.es\/cefi-40-anos-trabajando-en-defensa-de-la-innovacion-y-la-propiedad-industrial\/","url":"https:\/\/cefi.es\/cefi-40-anos-trabajando-en-defensa-de-la-innovacion-y-la-propiedad-industrial\/","name":"CEFI, 40 a\u00f1os trabajando en defensa de la innovaci\u00f3n y la propiedad industrial - Centro de estudios para el fomento de la investigaci\u00f3n","isPartOf":{"@id":"https:\/\/cefi.es\/en\/#website"},"primaryImageOfPage":{"@id":"https:\/\/cefi.es\/cefi-40-anos-trabajando-en-defensa-de-la-innovacion-y-la-propiedad-industrial\/#primaryimage"},"image":{"@id":"https:\/\/cefi.es\/cefi-40-anos-trabajando-en-defensa-de-la-innovacion-y-la-propiedad-industrial\/#primaryimage"},"thumbnailUrl":"https:\/\/cefi.es\/wp-contenido\/uploads\/2019\/12\/SEMINARIO-ONLINE-EL-SECTOR-FARMACEUTICO-Y-LA-NUEVA-LEY-DE-CONTRATOS-DEL-SECTOR-PUBLICO-30_11_2017.jpg","datePublished":"2022-03-10T09:54:59+00:00","dateModified":"2024-09-06T10:47:41+00:00","breadcrumb":{"@id":"https:\/\/cefi.es\/cefi-40-anos-trabajando-en-defensa-de-la-innovacion-y-la-propiedad-industrial\/#breadcrumb"},"inLanguage":"en-US","potentialAction":[{"@type":"ReadAction","target":["https:\/\/cefi.es\/cefi-40-anos-trabajando-en-defensa-de-la-innovacion-y-la-propiedad-industrial\/"]}]},{"@type":"ImageObject","inLanguage":"en-US","@id":"https:\/\/cefi.es\/cefi-40-anos-trabajando-en-defensa-de-la-innovacion-y-la-propiedad-industrial\/#primaryimage","url":"https:\/\/cefi.es\/wp-contenido\/uploads\/2019\/12\/SEMINARIO-ONLINE-EL-SECTOR-FARMACEUTICO-Y-LA-NUEVA-LEY-DE-CONTRATOS-DEL-SECTOR-PUBLICO-30_11_2017.jpg","contentUrl":"https:\/\/cefi.es\/wp-contenido\/uploads\/2019\/12\/SEMINARIO-ONLINE-EL-SECTOR-FARMACEUTICO-Y-LA-NUEVA-LEY-DE-CONTRATOS-DEL-SECTOR-PUBLICO-30_11_2017.jpg","width":1440,"height":890},{"@type":"BreadcrumbList","@id":"https:\/\/cefi.es\/cefi-40-anos-trabajando-en-defensa-de-la-innovacion-y-la-propiedad-industrial\/#breadcrumb","itemListElement":[{"@type":"ListItem","position":1,"name":"Home","item":"https:\/\/cefi.es\/en\/"},{"@type":"ListItem","position":2,"name":"CEFI, 40 a\u00f1os trabajando en defensa de la innovaci\u00f3n y la propiedad industrial"}]},{"@type":"WebSite","@id":"https:\/\/cefi.es\/en\/#website","url":"https:\/\/cefi.es\/en\/","name":"Centro de estudios para el fomento de la investigaci\u00f3n","description":"","publisher":{"@id":"https:\/\/cefi.es\/en\/#organization"},"potentialAction":[{"@type":"SearchAction","target":{"@type":"EntryPoint","urlTemplate":"https:\/\/cefi.es\/en\/?s={search_term_string}"},"query-input":{"@type":"PropertyValueSpecification","valueRequired":true,"valueName":"search_term_string"}}],"inLanguage":"en-US"},{"@type":"Organization","@id":"https:\/\/cefi.es\/en\/#organization","name":"Fundacion CeFi. Propiedad industrial e intelectual","url":"https:\/\/cefi.es\/en\/","logo":{"@type":"ImageObject","inLanguage":"en-US","@id":"https:\/\/cefi.es\/en\/#\/schema\/logo\/image\/","url":"https:\/\/cefi.es\/wp-contenido\/uploads\/2019\/12\/cropped-favicon-3.png","contentUrl":"https:\/\/cefi.es\/wp-contenido\/uploads\/2019\/12\/cropped-favicon-3.png","width":512,"height":512,"caption":"Fundacion CeFi. Propiedad industrial e intelectual"},"image":{"@id":"https:\/\/cefi.es\/en\/#\/schema\/logo\/image\/"}},{"@type":"Person","@id":"https:\/\/cefi.es\/en\/#\/schema\/person\/7f0c55a37796bb7af8bdb655ade37da7","name":"Administrador","image":{"@type":"ImageObject","inLanguage":"en-US","@id":"https:\/\/secure.gravatar.com\/avatar\/ca0778ec401a3f547a961e1de7e04c284c1c4dbcf95f7dc69f9bae782d89953c?s=96&d=mm&r=g","url":"https:\/\/secure.gravatar.com\/avatar\/ca0778ec401a3f547a961e1de7e04c284c1c4dbcf95f7dc69f9bae782d89953c?s=96&d=mm&r=g","contentUrl":"https:\/\/secure.gravatar.com\/avatar\/ca0778ec401a3f547a961e1de7e04c284c1c4dbcf95f7dc69f9bae782d89953c?s=96&d=mm&r=g","caption":"Administrador"},"url":"https:\/\/cefi.es\/en\/author\/admin\/"}]}},"_links":{"self":[{"href":"https:\/\/cefi.es\/en\/wp-json\/wp\/v2\/posts\/13760","targetHints":{"allow":["GET"]}}],"collection":[{"href":"https:\/\/cefi.es\/en\/wp-json\/wp\/v2\/posts"}],"about":[{"href":"https:\/\/cefi.es\/en\/wp-json\/wp\/v2\/types\/post"}],"author":[{"embeddable":true,"href":"https:\/\/cefi.es\/en\/wp-json\/wp\/v2\/users\/3"}],"replies":[{"embeddable":true,"href":"https:\/\/cefi.es\/en\/wp-json\/wp\/v2\/comments?post=13760"}],"version-history":[{"count":9,"href":"https:\/\/cefi.es\/en\/wp-json\/wp\/v2\/posts\/13760\/revisions"}],"predecessor-version":[{"id":13771,"href":"https:\/\/cefi.es\/en\/wp-json\/wp\/v2\/posts\/13760\/revisions\/13771"}],"wp:featuredmedia":[{"embeddable":true,"href":"https:\/\/cefi.es\/en\/wp-json\/wp\/v2\/media\/5833"}],"wp:attachment":[{"href":"https:\/\/cefi.es\/en\/wp-json\/wp\/v2\/media?parent=13760"}],"wp:term":[{"taxonomy":"category","embeddable":true,"href":"https:\/\/cefi.es\/en\/wp-json\/wp\/v2\/categories?post=13760"},{"taxonomy":"post_tag","embeddable":true,"href":"https:\/\/cefi.es\/en\/wp-json\/wp\/v2\/tags?post=13760"}],"curies":[{"name":"wp","href":"https:\/\/api.w.org\/{rel}","templated":true}]}}