{"id":11583,"date":"2021-06-03T13:42:09","date_gmt":"2021-06-03T12:42:09","guid":{"rendered":"https:\/\/cefi.es\/?p=11583"},"modified":"2024-09-06T11:47:45","modified_gmt":"2024-09-06T10:47:45","slug":"interesante-debate-sobre-terapias-avanzadas-y-medicamentos-biologicos","status":"publish","type":"post","link":"https:\/\/cefi.es\/interesante-debate-sobre-terapias-avanzadas-y-medicamentos-biologicos\/","title":{"rendered":"Interesante debate sobre terapias avanzadas y medicamentos biol\u00f3gicos"},"content":{"rendered":"\t\t<div data-elementor-type=\"wp-post\" data-elementor-id=\"11583\" class=\"elementor elementor-11583\" data-elementor-post-type=\"post\">\n\t\t\t\t\t\t<section class=\"elementor-section elementor-top-section elementor-element elementor-element-8bf6e33 elementor-section-boxed elementor-section-height-default elementor-section-height-default\" data-id=\"8bf6e33\" data-element_type=\"section\" data-e-type=\"section\">\n\t\t\t\t\t\t<div class=\"elementor-container elementor-column-gap-default\">\n\t\t\t\t\t<div class=\"elementor-column elementor-col-100 elementor-top-column elementor-element elementor-element-50a6b6c\" data-id=\"50a6b6c\" data-element_type=\"column\" data-e-type=\"column\">\n\t\t\t<div class=\"elementor-widget-wrap elementor-element-populated\">\n\t\t\t\t\t\t<div class=\"elementor-element elementor-element-874b0ab elementor-widget elementor-widget-text-editor\" data-id=\"874b0ab\" data-element_type=\"widget\" data-e-type=\"widget\" data-widget_type=\"text-editor.default\">\n\t\t\t\t\t\t\t\t\t<p>Jorge Mu\u00f1oz, Patrono de CEFI introdujo y dirigi\u00f3 el martes una interesant\u00edsima mesa sobre terapias avanzadas y medicamentos biol\u00f3gicos del Curso de <a href=\"https:\/\/cefi.es\/actividades\/derecho-farmaceutico\/\">Derecho Farmac\u00e9utico<\/a>. Biomedicina. Medicamentos y Salud P\u00fablica.<\/p><p>En ella Sol Ru\u00edz, Jefe de Divisi\u00f3n de Productos Biol\u00f3gicos, Terapias Avanzadas y Biotecnolog\u00eda de la Agencia Espa\u00f1ola de Medicamentos y Productos Sanitarios y Jordi Faus, Abogado socio de Faus &amp; Moliner Abogados, analizaron la regulaci\u00f3n, el desarrollo, la autorizaci\u00f3n y la implementaci\u00f3n de los medicamentos biol\u00f3gicos y las terapias avanzadas en Espa\u00f1a.<\/p><p>Se hizo balance de los medicamentos aprobados de terapia avanzada. Se habl\u00f3 de la estrategia PRIME que facilita el desarrollo y la evaluaci\u00f3n acelerada. Se analiz\u00f3 el Plan de Terapias Avanzadas y de medicamentos biol\u00f3gicos y otras cuestiones relevantes de este tipo de medicamentos como el reto de su financiaci\u00f3n p\u00fablica, su importancia en el \u00e1mbito hospitalario, las cuestiones que se han ido planteando en su implantaci\u00f3n como la no sustituci\u00f3n, la diferencia de precio entre original y biosimilares y la contrataci\u00f3n p\u00fablica de los mismos.<\/p><p>Un magn\u00edfico an\u00e1lisis de los principales aspectos te\u00f3ricos y pr\u00e1cticos de este tipo de tratamientos.<\/p><p>Pod\u00e9is ver la sesi\u00f3n en diferido en la web del evento con vuestras claves de acceso.<\/p><p>\ud83d\udc49 <a href=\"https:\/\/cursoderechofarmaceutico.cefi.es\/\">https:\/\/cursoderechofarmaceutico.cefi.es\/<\/a><\/p>\t\t\t\t\t\t\t\t<\/div>\n\t\t\t\t\t<\/div>\n\t\t<\/div>\n\t\t\t\t\t<\/div>\n\t\t<\/section>\n\t\t\t\t<section class=\"elementor-section elementor-top-section elementor-element elementor-element-48ed213 elementor-section-boxed elementor-section-height-default elementor-section-height-default\" data-id=\"48ed213\" data-element_type=\"section\" data-e-type=\"section\">\n\t\t\t\t\t\t<div class=\"elementor-container elementor-column-gap-default\">\n\t\t\t\t\t<div class=\"elementor-column elementor-col-100 elementor-top-column elementor-element elementor-element-2e85bdc\" data-id=\"2e85bdc\" data-element_type=\"column\" data-e-type=\"column\" data-settings=\"{&quot;background_background&quot;:&quot;classic&quot;}\">\n\t\t\t<div class=\"elementor-widget-wrap elementor-element-populated\">\n\t\t\t\t\t\t<div class=\"elementor-element elementor-element-606813a elementor-widget elementor-widget-spacer\" data-id=\"606813a\" data-element_type=\"widget\" data-e-type=\"widget\" data-widget_type=\"spacer.default\">\n\t\t\t\t\t\t\t<div class=\"elementor-spacer\">\n\t\t\t<div class=\"elementor-spacer-inner\"><\/div>\n\t\t<\/div>\n\t\t\t\t\t\t<\/div>\n\t\t\t\t\t<\/div>\n\t\t<\/div>\n\t\t\t\t\t<\/div>\n\t\t<\/section>\n\t\t\t\t<section class=\"elementor-section elementor-top-section elementor-element elementor-element-fbd0d47 elementor-section-boxed elementor-section-height-default elementor-section-height-default\" data-id=\"fbd0d47\" data-element_type=\"section\" data-e-type=\"section\">\n\t\t\t\t\t\t<div class=\"elementor-container elementor-column-gap-default\">\n\t\t\t\t\t<div class=\"elementor-column elementor-col-100 elementor-top-column elementor-element elementor-element-03ccbf3\" data-id=\"03ccbf3\" data-element_type=\"column\" data-e-type=\"column\" data-settings=\"{&quot;background_background&quot;:&quot;classic&quot;}\">\n\t\t\t<div class=\"elementor-widget-wrap elementor-element-populated\">\n\t\t\t\t\t\t<div class=\"elementor-element elementor-element-513d020 elementor-widget elementor-widget-spacer\" data-id=\"513d020\" data-element_type=\"widget\" data-e-type=\"widget\" data-widget_type=\"spacer.default\">\n\t\t\t\t\t\t\t<div class=\"elementor-spacer\">\n\t\t\t<div class=\"elementor-spacer-inner\"><\/div>\n\t\t<\/div>\n\t\t\t\t\t\t<\/div>\n\t\t\t\t\t<\/div>\n\t\t<\/div>\n\t\t\t\t\t<\/div>\n\t\t<\/section>\n\t\t\t\t<section class=\"elementor-section elementor-top-section elementor-element elementor-element-4b882c5 elementor-section-boxed elementor-section-height-default elementor-section-height-default\" data-id=\"4b882c5\" data-element_type=\"section\" data-e-type=\"section\">\n\t\t\t\t\t\t<div class=\"elementor-container elementor-column-gap-default\">\n\t\t\t\t\t<div class=\"elementor-column elementor-col-100 elementor-top-column elementor-element elementor-element-446c54b\" data-id=\"446c54b\" data-element_type=\"column\" data-e-type=\"column\" data-settings=\"{&quot;background_background&quot;:&quot;classic&quot;}\">\n\t\t\t<div class=\"elementor-widget-wrap elementor-element-populated\">\n\t\t\t\t\t\t<div class=\"elementor-element elementor-element-4e5f87e elementor-widget elementor-widget-spacer\" data-id=\"4e5f87e\" data-element_type=\"widget\" data-e-type=\"widget\" data-widget_type=\"spacer.default\">\n\t\t\t\t\t\t\t<div class=\"elementor-spacer\">\n\t\t\t<div class=\"elementor-spacer-inner\"><\/div>\n\t\t<\/div>\n\t\t\t\t\t\t<\/div>\n\t\t\t\t\t<\/div>\n\t\t<\/div>\n\t\t\t\t\t<\/div>\n\t\t<\/section>\n\t\t\t\t<\/div>\n\t\t","protected":false},"excerpt":{"rendered":"<p>Jorge Mu\u00f1oz, Patrono de CEFI introdujo y dirigi\u00f3 el martes una interesant\u00edsima mesa sobre terapias avanzadas y medicamentos biol\u00f3gicos del Curso de Derecho Farmac\u00e9utico. Biomedicina. Medicamentos y Salud P\u00fablica. En ella Sol Ru\u00edz, Jefe de Divisi\u00f3n de Productos Biol\u00f3gicos, Terapias Avanzadas y Biotecnolog\u00eda de la Agencia Espa\u00f1ola de Medicamentos y Productos Sanitarios y Jordi Faus, [&hellip;]<\/p>\n","protected":false},"author":3,"featured_media":11588,"comment_status":"closed","ping_status":"closed","sticky":false,"template":"","format":"standard","meta":{"_acf_changed":false,"footnotes":""},"categories":[1],"tags":[],"class_list":["post-11583","post","type-post","status-publish","format-standard","has-post-thumbnail","hentry","category-sin-categoria"],"acf":[],"yoast_head":"<!-- This site is optimized with the Yoast SEO plugin v27.3 - https:\/\/yoast.com\/product\/yoast-seo-wordpress\/ -->\n<title>Interesante debate sobre terapias avanzadas y medicamentos biol\u00f3gicos - Centro de estudios para el fomento de la investigaci\u00f3n<\/title>\n<meta name=\"robots\" content=\"index, follow, max-snippet:-1, max-image-preview:large, max-video-preview:-1\" \/>\n<link rel=\"canonical\" href=\"https:\/\/cefi.es\/en\/interesante-debate-sobre-terapias-avanzadas-y-medicamentos-biologicos\/\" \/>\n<meta property=\"og:locale\" content=\"en_US\" \/>\n<meta property=\"og:type\" content=\"article\" \/>\n<meta property=\"og:title\" content=\"Interesante debate sobre terapias avanzadas y medicamentos biol\u00f3gicos - Centro de estudios para el fomento de la investigaci\u00f3n\" \/>\n<meta property=\"og:description\" content=\"Jorge Mu\u00f1oz, Patrono de CEFI introdujo y dirigi\u00f3 el martes una interesant\u00edsima mesa sobre terapias avanzadas y medicamentos biol\u00f3gicos del Curso de Derecho Farmac\u00e9utico. Biomedicina. Medicamentos y Salud P\u00fablica. En ella Sol Ru\u00edz, Jefe de Divisi\u00f3n de Productos Biol\u00f3gicos, Terapias Avanzadas y Biotecnolog\u00eda de la Agencia Espa\u00f1ola de Medicamentos y Productos Sanitarios y Jordi Faus, [&hellip;]\" \/>\n<meta property=\"og:url\" content=\"https:\/\/cefi.es\/interesante-debate-sobre-terapias-avanzadas-y-medicamentos-biologicos\/\" \/>\n<meta property=\"og:site_name\" content=\"Centro de estudios para el fomento de la investigaci\u00f3n\" \/>\n<meta property=\"article:published_time\" content=\"2021-06-03T12:42:09+00:00\" \/>\n<meta property=\"article:modified_time\" content=\"2024-09-06T10:47:45+00:00\" \/>\n<meta property=\"og:image\" content=\"https:\/\/cefi.es\/wp-contenido\/uploads\/2021\/06\/Mesa-Jorge.jpg\" \/>\n\t<meta property=\"og:image:width\" content=\"1280\" \/>\n\t<meta property=\"og:image:height\" content=\"721\" \/>\n\t<meta property=\"og:image:type\" content=\"image\/jpeg\" \/>\n<meta name=\"author\" content=\"Administrador\" \/>\n<meta name=\"twitter:card\" content=\"summary_large_image\" \/>\n<meta name=\"twitter:label1\" content=\"Written by\" \/>\n\t<meta name=\"twitter:data1\" content=\"Administrador\" \/>\n\t<meta name=\"twitter:label2\" content=\"Est. reading time\" \/>\n\t<meta name=\"twitter:data2\" content=\"1 minute\" \/>\n<script type=\"application\/ld+json\" class=\"yoast-schema-graph\">{\"@context\":\"https:\\\/\\\/schema.org\",\"@graph\":[{\"@type\":\"Article\",\"@id\":\"https:\\\/\\\/cefi.es\\\/interesante-debate-sobre-terapias-avanzadas-y-medicamentos-biologicos\\\/#article\",\"isPartOf\":{\"@id\":\"https:\\\/\\\/cefi.es\\\/interesante-debate-sobre-terapias-avanzadas-y-medicamentos-biologicos\\\/\"},\"author\":{\"name\":\"Administrador\",\"@id\":\"https:\\\/\\\/cefi.es\\\/en\\\/#\\\/schema\\\/person\\\/7f0c55a37796bb7af8bdb655ade37da7\"},\"headline\":\"Interesante debate sobre terapias avanzadas y medicamentos biol\u00f3gicos\",\"datePublished\":\"2021-06-03T12:42:09+00:00\",\"dateModified\":\"2024-09-06T10:47:45+00:00\",\"mainEntityOfPage\":{\"@id\":\"https:\\\/\\\/cefi.es\\\/interesante-debate-sobre-terapias-avanzadas-y-medicamentos-biologicos\\\/\"},\"wordCount\":241,\"publisher\":{\"@id\":\"https:\\\/\\\/cefi.es\\\/en\\\/#organization\"},\"image\":{\"@id\":\"https:\\\/\\\/cefi.es\\\/interesante-debate-sobre-terapias-avanzadas-y-medicamentos-biologicos\\\/#primaryimage\"},\"thumbnailUrl\":\"https:\\\/\\\/cefi.es\\\/wp-contenido\\\/uploads\\\/2021\\\/06\\\/Mesa-Jorge.jpg\",\"articleSection\":[\"Sin categor\u00eda\"],\"inLanguage\":\"en-US\"},{\"@type\":\"WebPage\",\"@id\":\"https:\\\/\\\/cefi.es\\\/interesante-debate-sobre-terapias-avanzadas-y-medicamentos-biologicos\\\/\",\"url\":\"https:\\\/\\\/cefi.es\\\/interesante-debate-sobre-terapias-avanzadas-y-medicamentos-biologicos\\\/\",\"name\":\"Interesante debate sobre terapias avanzadas y medicamentos biol\u00f3gicos - Centro de estudios para el fomento de la investigaci\u00f3n\",\"isPartOf\":{\"@id\":\"https:\\\/\\\/cefi.es\\\/en\\\/#website\"},\"primaryImageOfPage\":{\"@id\":\"https:\\\/\\\/cefi.es\\\/interesante-debate-sobre-terapias-avanzadas-y-medicamentos-biologicos\\\/#primaryimage\"},\"image\":{\"@id\":\"https:\\\/\\\/cefi.es\\\/interesante-debate-sobre-terapias-avanzadas-y-medicamentos-biologicos\\\/#primaryimage\"},\"thumbnailUrl\":\"https:\\\/\\\/cefi.es\\\/wp-contenido\\\/uploads\\\/2021\\\/06\\\/Mesa-Jorge.jpg\",\"datePublished\":\"2021-06-03T12:42:09+00:00\",\"dateModified\":\"2024-09-06T10:47:45+00:00\",\"breadcrumb\":{\"@id\":\"https:\\\/\\\/cefi.es\\\/interesante-debate-sobre-terapias-avanzadas-y-medicamentos-biologicos\\\/#breadcrumb\"},\"inLanguage\":\"en-US\",\"potentialAction\":[{\"@type\":\"ReadAction\",\"target\":[\"https:\\\/\\\/cefi.es\\\/interesante-debate-sobre-terapias-avanzadas-y-medicamentos-biologicos\\\/\"]}]},{\"@type\":\"ImageObject\",\"inLanguage\":\"en-US\",\"@id\":\"https:\\\/\\\/cefi.es\\\/interesante-debate-sobre-terapias-avanzadas-y-medicamentos-biologicos\\\/#primaryimage\",\"url\":\"https:\\\/\\\/cefi.es\\\/wp-contenido\\\/uploads\\\/2021\\\/06\\\/Mesa-Jorge.jpg\",\"contentUrl\":\"https:\\\/\\\/cefi.es\\\/wp-contenido\\\/uploads\\\/2021\\\/06\\\/Mesa-Jorge.jpg\",\"width\":1280,\"height\":721},{\"@type\":\"BreadcrumbList\",\"@id\":\"https:\\\/\\\/cefi.es\\\/interesante-debate-sobre-terapias-avanzadas-y-medicamentos-biologicos\\\/#breadcrumb\",\"itemListElement\":[{\"@type\":\"ListItem\",\"position\":1,\"name\":\"Home\",\"item\":\"https:\\\/\\\/cefi.es\\\/en\\\/\"},{\"@type\":\"ListItem\",\"position\":2,\"name\":\"Interesante debate sobre terapias avanzadas y medicamentos biol\u00f3gicos\"}]},{\"@type\":\"WebSite\",\"@id\":\"https:\\\/\\\/cefi.es\\\/en\\\/#website\",\"url\":\"https:\\\/\\\/cefi.es\\\/en\\\/\",\"name\":\"Centro de estudios para el fomento de la investigaci\u00f3n\",\"description\":\"\",\"publisher\":{\"@id\":\"https:\\\/\\\/cefi.es\\\/en\\\/#organization\"},\"potentialAction\":[{\"@type\":\"SearchAction\",\"target\":{\"@type\":\"EntryPoint\",\"urlTemplate\":\"https:\\\/\\\/cefi.es\\\/en\\\/?s={search_term_string}\"},\"query-input\":{\"@type\":\"PropertyValueSpecification\",\"valueRequired\":true,\"valueName\":\"search_term_string\"}}],\"inLanguage\":\"en-US\"},{\"@type\":\"Organization\",\"@id\":\"https:\\\/\\\/cefi.es\\\/en\\\/#organization\",\"name\":\"Fundacion CeFi. Propiedad industrial e intelectual\",\"url\":\"https:\\\/\\\/cefi.es\\\/en\\\/\",\"logo\":{\"@type\":\"ImageObject\",\"inLanguage\":\"en-US\",\"@id\":\"https:\\\/\\\/cefi.es\\\/en\\\/#\\\/schema\\\/logo\\\/image\\\/\",\"url\":\"https:\\\/\\\/cefi.es\\\/wp-contenido\\\/uploads\\\/2019\\\/12\\\/cropped-favicon-3.png\",\"contentUrl\":\"https:\\\/\\\/cefi.es\\\/wp-contenido\\\/uploads\\\/2019\\\/12\\\/cropped-favicon-3.png\",\"width\":512,\"height\":512,\"caption\":\"Fundacion CeFi. Propiedad industrial e intelectual\"},\"image\":{\"@id\":\"https:\\\/\\\/cefi.es\\\/en\\\/#\\\/schema\\\/logo\\\/image\\\/\"}},{\"@type\":\"Person\",\"@id\":\"https:\\\/\\\/cefi.es\\\/en\\\/#\\\/schema\\\/person\\\/7f0c55a37796bb7af8bdb655ade37da7\",\"name\":\"Administrador\",\"image\":{\"@type\":\"ImageObject\",\"inLanguage\":\"en-US\",\"@id\":\"https:\\\/\\\/secure.gravatar.com\\\/avatar\\\/ca0778ec401a3f547a961e1de7e04c284c1c4dbcf95f7dc69f9bae782d89953c?s=96&d=mm&r=g\",\"url\":\"https:\\\/\\\/secure.gravatar.com\\\/avatar\\\/ca0778ec401a3f547a961e1de7e04c284c1c4dbcf95f7dc69f9bae782d89953c?s=96&d=mm&r=g\",\"contentUrl\":\"https:\\\/\\\/secure.gravatar.com\\\/avatar\\\/ca0778ec401a3f547a961e1de7e04c284c1c4dbcf95f7dc69f9bae782d89953c?s=96&d=mm&r=g\",\"caption\":\"Administrador\"},\"url\":\"https:\\\/\\\/cefi.es\\\/en\\\/author\\\/admin\\\/\"}]}<\/script>\n<!-- \/ Yoast SEO plugin. -->","yoast_head_json":{"title":"Interesante debate sobre terapias avanzadas y medicamentos biol\u00f3gicos - Centro de estudios para el fomento de la investigaci\u00f3n","robots":{"index":"index","follow":"follow","max-snippet":"max-snippet:-1","max-image-preview":"max-image-preview:large","max-video-preview":"max-video-preview:-1"},"canonical":"https:\/\/cefi.es\/en\/interesante-debate-sobre-terapias-avanzadas-y-medicamentos-biologicos\/","og_locale":"en_US","og_type":"article","og_title":"Interesante debate sobre terapias avanzadas y medicamentos biol\u00f3gicos - Centro de estudios para el fomento de la investigaci\u00f3n","og_description":"Jorge Mu\u00f1oz, Patrono de CEFI introdujo y dirigi\u00f3 el martes una interesant\u00edsima mesa sobre terapias avanzadas y medicamentos biol\u00f3gicos del Curso de Derecho Farmac\u00e9utico. Biomedicina. Medicamentos y Salud P\u00fablica. En ella Sol Ru\u00edz, Jefe de Divisi\u00f3n de Productos Biol\u00f3gicos, Terapias Avanzadas y Biotecnolog\u00eda de la Agencia Espa\u00f1ola de Medicamentos y Productos Sanitarios y Jordi Faus, [&hellip;]","og_url":"https:\/\/cefi.es\/interesante-debate-sobre-terapias-avanzadas-y-medicamentos-biologicos\/","og_site_name":"Centro de estudios para el fomento de la investigaci\u00f3n","article_published_time":"2021-06-03T12:42:09+00:00","article_modified_time":"2024-09-06T10:47:45+00:00","og_image":[{"width":1280,"height":721,"url":"https:\/\/cefi.es\/wp-contenido\/uploads\/2021\/06\/Mesa-Jorge.jpg","type":"image\/jpeg"}],"author":"Administrador","twitter_card":"summary_large_image","twitter_misc":{"Written by":"Administrador","Est. reading time":"1 minute"},"schema":{"@context":"https:\/\/schema.org","@graph":[{"@type":"Article","@id":"https:\/\/cefi.es\/interesante-debate-sobre-terapias-avanzadas-y-medicamentos-biologicos\/#article","isPartOf":{"@id":"https:\/\/cefi.es\/interesante-debate-sobre-terapias-avanzadas-y-medicamentos-biologicos\/"},"author":{"name":"Administrador","@id":"https:\/\/cefi.es\/en\/#\/schema\/person\/7f0c55a37796bb7af8bdb655ade37da7"},"headline":"Interesante debate sobre terapias avanzadas y medicamentos biol\u00f3gicos","datePublished":"2021-06-03T12:42:09+00:00","dateModified":"2024-09-06T10:47:45+00:00","mainEntityOfPage":{"@id":"https:\/\/cefi.es\/interesante-debate-sobre-terapias-avanzadas-y-medicamentos-biologicos\/"},"wordCount":241,"publisher":{"@id":"https:\/\/cefi.es\/en\/#organization"},"image":{"@id":"https:\/\/cefi.es\/interesante-debate-sobre-terapias-avanzadas-y-medicamentos-biologicos\/#primaryimage"},"thumbnailUrl":"https:\/\/cefi.es\/wp-contenido\/uploads\/2021\/06\/Mesa-Jorge.jpg","articleSection":["Sin categor\u00eda"],"inLanguage":"en-US"},{"@type":"WebPage","@id":"https:\/\/cefi.es\/interesante-debate-sobre-terapias-avanzadas-y-medicamentos-biologicos\/","url":"https:\/\/cefi.es\/interesante-debate-sobre-terapias-avanzadas-y-medicamentos-biologicos\/","name":"Interesante debate sobre terapias avanzadas y medicamentos biol\u00f3gicos - Centro de estudios para el fomento de la investigaci\u00f3n","isPartOf":{"@id":"https:\/\/cefi.es\/en\/#website"},"primaryImageOfPage":{"@id":"https:\/\/cefi.es\/interesante-debate-sobre-terapias-avanzadas-y-medicamentos-biologicos\/#primaryimage"},"image":{"@id":"https:\/\/cefi.es\/interesante-debate-sobre-terapias-avanzadas-y-medicamentos-biologicos\/#primaryimage"},"thumbnailUrl":"https:\/\/cefi.es\/wp-contenido\/uploads\/2021\/06\/Mesa-Jorge.jpg","datePublished":"2021-06-03T12:42:09+00:00","dateModified":"2024-09-06T10:47:45+00:00","breadcrumb":{"@id":"https:\/\/cefi.es\/interesante-debate-sobre-terapias-avanzadas-y-medicamentos-biologicos\/#breadcrumb"},"inLanguage":"en-US","potentialAction":[{"@type":"ReadAction","target":["https:\/\/cefi.es\/interesante-debate-sobre-terapias-avanzadas-y-medicamentos-biologicos\/"]}]},{"@type":"ImageObject","inLanguage":"en-US","@id":"https:\/\/cefi.es\/interesante-debate-sobre-terapias-avanzadas-y-medicamentos-biologicos\/#primaryimage","url":"https:\/\/cefi.es\/wp-contenido\/uploads\/2021\/06\/Mesa-Jorge.jpg","contentUrl":"https:\/\/cefi.es\/wp-contenido\/uploads\/2021\/06\/Mesa-Jorge.jpg","width":1280,"height":721},{"@type":"BreadcrumbList","@id":"https:\/\/cefi.es\/interesante-debate-sobre-terapias-avanzadas-y-medicamentos-biologicos\/#breadcrumb","itemListElement":[{"@type":"ListItem","position":1,"name":"Home","item":"https:\/\/cefi.es\/en\/"},{"@type":"ListItem","position":2,"name":"Interesante debate sobre terapias avanzadas y medicamentos biol\u00f3gicos"}]},{"@type":"WebSite","@id":"https:\/\/cefi.es\/en\/#website","url":"https:\/\/cefi.es\/en\/","name":"Centro de estudios para el fomento de la investigaci\u00f3n","description":"","publisher":{"@id":"https:\/\/cefi.es\/en\/#organization"},"potentialAction":[{"@type":"SearchAction","target":{"@type":"EntryPoint","urlTemplate":"https:\/\/cefi.es\/en\/?s={search_term_string}"},"query-input":{"@type":"PropertyValueSpecification","valueRequired":true,"valueName":"search_term_string"}}],"inLanguage":"en-US"},{"@type":"Organization","@id":"https:\/\/cefi.es\/en\/#organization","name":"Fundacion CeFi. Propiedad industrial e intelectual","url":"https:\/\/cefi.es\/en\/","logo":{"@type":"ImageObject","inLanguage":"en-US","@id":"https:\/\/cefi.es\/en\/#\/schema\/logo\/image\/","url":"https:\/\/cefi.es\/wp-contenido\/uploads\/2019\/12\/cropped-favicon-3.png","contentUrl":"https:\/\/cefi.es\/wp-contenido\/uploads\/2019\/12\/cropped-favicon-3.png","width":512,"height":512,"caption":"Fundacion CeFi. Propiedad industrial e intelectual"},"image":{"@id":"https:\/\/cefi.es\/en\/#\/schema\/logo\/image\/"}},{"@type":"Person","@id":"https:\/\/cefi.es\/en\/#\/schema\/person\/7f0c55a37796bb7af8bdb655ade37da7","name":"Administrador","image":{"@type":"ImageObject","inLanguage":"en-US","@id":"https:\/\/secure.gravatar.com\/avatar\/ca0778ec401a3f547a961e1de7e04c284c1c4dbcf95f7dc69f9bae782d89953c?s=96&d=mm&r=g","url":"https:\/\/secure.gravatar.com\/avatar\/ca0778ec401a3f547a961e1de7e04c284c1c4dbcf95f7dc69f9bae782d89953c?s=96&d=mm&r=g","contentUrl":"https:\/\/secure.gravatar.com\/avatar\/ca0778ec401a3f547a961e1de7e04c284c1c4dbcf95f7dc69f9bae782d89953c?s=96&d=mm&r=g","caption":"Administrador"},"url":"https:\/\/cefi.es\/en\/author\/admin\/"}]}},"_links":{"self":[{"href":"https:\/\/cefi.es\/en\/wp-json\/wp\/v2\/posts\/11583","targetHints":{"allow":["GET"]}}],"collection":[{"href":"https:\/\/cefi.es\/en\/wp-json\/wp\/v2\/posts"}],"about":[{"href":"https:\/\/cefi.es\/en\/wp-json\/wp\/v2\/types\/post"}],"author":[{"embeddable":true,"href":"https:\/\/cefi.es\/en\/wp-json\/wp\/v2\/users\/3"}],"replies":[{"embeddable":true,"href":"https:\/\/cefi.es\/en\/wp-json\/wp\/v2\/comments?post=11583"}],"version-history":[{"count":3,"href":"https:\/\/cefi.es\/en\/wp-json\/wp\/v2\/posts\/11583\/revisions"}],"predecessor-version":[{"id":11594,"href":"https:\/\/cefi.es\/en\/wp-json\/wp\/v2\/posts\/11583\/revisions\/11594"}],"wp:featuredmedia":[{"embeddable":true,"href":"https:\/\/cefi.es\/en\/wp-json\/wp\/v2\/media\/11588"}],"wp:attachment":[{"href":"https:\/\/cefi.es\/en\/wp-json\/wp\/v2\/media?parent=11583"}],"wp:term":[{"taxonomy":"category","embeddable":true,"href":"https:\/\/cefi.es\/en\/wp-json\/wp\/v2\/categories?post=11583"},{"taxonomy":"post_tag","embeddable":true,"href":"https:\/\/cefi.es\/en\/wp-json\/wp\/v2\/tags?post=11583"}],"curies":[{"name":"wp","href":"https:\/\/api.w.org\/{rel}","templated":true}]}}