{"id":10213,"date":"2021-04-27T00:15:17","date_gmt":"2021-04-26T23:15:17","guid":{"rendered":"https:\/\/cefi.es\/?p=10213"},"modified":"2024-09-06T11:47:47","modified_gmt":"2024-09-06T10:47:47","slug":"el-nuevo-codigo-de-farmaindustria-2021","status":"publish","type":"post","link":"https:\/\/cefi.es\/el-nuevo-codigo-de-farmaindustria-2021\/","title":{"rendered":"El nuevo c\u00f3digo de FARMAINDUSTRIA 2021"},"content":{"rendered":"\t\t<div data-elementor-type=\"wp-post\" data-elementor-id=\"10213\" class=\"elementor elementor-10213\" data-elementor-post-type=\"post\">\n\t\t\t\t\t\t<section class=\"elementor-section elementor-top-section elementor-element elementor-element-9a177ef elementor-section-boxed elementor-section-height-default elementor-section-height-default\" data-id=\"9a177ef\" data-element_type=\"section\" data-e-type=\"section\">\n\t\t\t\t\t\t<div class=\"elementor-container elementor-column-gap-default\">\n\t\t\t\t\t<div class=\"elementor-column elementor-col-100 elementor-top-column elementor-element elementor-element-c57fb6a\" data-id=\"c57fb6a\" data-element_type=\"column\" data-e-type=\"column\">\n\t\t\t<div class=\"elementor-widget-wrap elementor-element-populated\">\n\t\t\t\t\t\t<div class=\"elementor-element elementor-element-af7e17e elementor-widget elementor-widget-text-editor\" data-id=\"af7e17e\" data-element_type=\"widget\" data-e-type=\"widget\" data-widget_type=\"text-editor.default\">\n\t\t\t\t\t\t\t\t\t<p>Como todos sabemos, el pasado 1 de enero de 2021 entr\u00f3 en vigor la nueva versi\u00f3n del C\u00f3digo de Buenas Pr\u00e1cticas de la <a href=\"https:\/\/cefi.es\/\">Industria Farmac\u00e9utica<\/a> (el \u201c<strong>nuevo C\u00f3digo<\/strong>\u201d o, simplemente, el \u201c<strong>C\u00f3digo<\/strong>\u201d).<\/p><p>Adem\u00e1s de incorporar las modificaciones introducidas en junio de 2019 en el C\u00f3digo de Buenas Pr\u00e1cticas de la Federaci\u00f3n Europea de Asociaciones e Industria Farmac\u00e9utica (EFPIA), el nuevo C\u00f3digo presenta novedades que tendr\u00e1n un impacto relevante en la organizaci\u00f3n y toma de decisiones de las empresas adheridas, especialmente en materia de informaci\u00f3n y publicidad de medicamentos, en particular en las relaciones con los medios de comunicaci\u00f3n y en el \u00e1mbito digital, en las contrataciones de profesionales sanitarios y en los procedimientos de control de cumplimiento del C\u00f3digo.<\/p><p>El Nuevo C\u00f3digo no ha pasado inadvertido en la industria. Repasando brevemente las cuestiones m\u00e1s relevantes que ha introducido, f\u00e1cilmente se entiende por qu\u00e9.<\/p>\t\t\t\t\t\t\t\t<\/div>\n\t\t\t\t\t<\/div>\n\t\t<\/div>\n\t\t\t\t\t<\/div>\n\t\t<\/section>\n\t\t\t\t<section class=\"elementor-section elementor-top-section elementor-element elementor-element-e2c6b05 elementor-section-boxed elementor-section-height-default elementor-section-height-default\" data-id=\"e2c6b05\" data-element_type=\"section\" data-e-type=\"section\">\n\t\t\t\t\t\t<div class=\"elementor-container elementor-column-gap-default\">\n\t\t\t\t\t<div class=\"elementor-column elementor-col-100 elementor-top-column elementor-element elementor-element-6648a6e\" data-id=\"6648a6e\" data-element_type=\"column\" data-e-type=\"column\">\n\t\t\t<div class=\"elementor-widget-wrap elementor-element-populated\">\n\t\t\t\t\t\t<div class=\"elementor-element elementor-element-3445ed6 elementor-widget elementor-widget-text-editor\" data-id=\"3445ed6\" data-element_type=\"widget\" data-e-type=\"widget\" data-widget_type=\"text-editor.default\">\n\t\t\t\t\t\t\t\t\t<h2><strong>Principios y valores<\/strong><\/h2>\t\t\t\t\t\t\t\t<\/div>\n\t\t\t\t\t<\/div>\n\t\t<\/div>\n\t\t\t\t\t<\/div>\n\t\t<\/section>\n\t\t\t\t<section class=\"elementor-section elementor-top-section elementor-element elementor-element-5fbb2a1 elementor-section-boxed elementor-section-height-default elementor-section-height-default\" data-id=\"5fbb2a1\" data-element_type=\"section\" data-e-type=\"section\">\n\t\t\t\t\t\t<div class=\"elementor-container elementor-column-gap-default\">\n\t\t\t\t\t<div class=\"elementor-column elementor-col-100 elementor-top-column elementor-element elementor-element-41ba025\" data-id=\"41ba025\" data-element_type=\"column\" data-e-type=\"column\">\n\t\t\t<div class=\"elementor-widget-wrap elementor-element-populated\">\n\t\t\t\t\t\t<div class=\"elementor-element elementor-element-5937488 elementor-widget elementor-widget-text-editor\" data-id=\"5937488\" data-element_type=\"widget\" data-e-type=\"widget\" data-widget_type=\"text-editor.default\">\n\t\t\t\t\t\t\t\t\t<p>En primer lugar, el C\u00f3digo introduce de forma expresa seis grandes principios generales: confianza, integridad, respeto, legalidad, transparencia y prevenci\u00f3n. Estos valores habr\u00e1n de regir la actuaci\u00f3n de la industria farmac\u00e9utica en su conjunto y servir\u00e1n como referencia para interpretar el contenido del C\u00f3digo y aplicarlo adem\u00e1s a aquellas conductas no expresamente tipificadas en el mismo.<\/p>\t\t\t\t\t\t\t\t<\/div>\n\t\t\t\t\t<\/div>\n\t\t<\/div>\n\t\t\t\t\t<\/div>\n\t\t<\/section>\n\t\t\t\t<section class=\"elementor-section elementor-top-section elementor-element elementor-element-6cc378d elementor-section-boxed elementor-section-height-default elementor-section-height-default\" data-id=\"6cc378d\" data-element_type=\"section\" data-e-type=\"section\">\n\t\t\t\t\t\t<div class=\"elementor-container elementor-column-gap-default\">\n\t\t\t\t\t<div class=\"elementor-column elementor-col-100 elementor-top-column elementor-element elementor-element-f29fe69\" data-id=\"f29fe69\" data-element_type=\"column\" data-e-type=\"column\" data-settings=\"{&quot;background_background&quot;:&quot;classic&quot;}\">\n\t\t\t<div class=\"elementor-widget-wrap elementor-element-populated\">\n\t\t\t\t\t\t<div class=\"elementor-element elementor-element-a6a95ab elementor-widget elementor-widget-spacer\" data-id=\"a6a95ab\" data-element_type=\"widget\" data-e-type=\"widget\" data-widget_type=\"spacer.default\">\n\t\t\t\t\t\t\t<div class=\"elementor-spacer\">\n\t\t\t<div class=\"elementor-spacer-inner\"><\/div>\n\t\t<\/div>\n\t\t\t\t\t\t<\/div>\n\t\t\t\t\t<\/div>\n\t\t<\/div>\n\t\t\t\t\t<\/div>\n\t\t<\/section>\n\t\t\t\t<section class=\"elementor-section elementor-top-section elementor-element elementor-element-d03ed5c elementor-section-boxed elementor-section-height-default elementor-section-height-default\" data-id=\"d03ed5c\" data-element_type=\"section\" data-e-type=\"section\">\n\t\t\t\t\t\t<div class=\"elementor-container elementor-column-gap-default\">\n\t\t\t\t\t<div class=\"elementor-column elementor-col-100 elementor-top-column elementor-element elementor-element-c49e156\" data-id=\"c49e156\" data-element_type=\"column\" data-e-type=\"column\">\n\t\t\t<div class=\"elementor-widget-wrap elementor-element-populated\">\n\t\t\t\t\t\t<div class=\"elementor-element elementor-element-0276b82 elementor-widget elementor-widget-text-editor\" data-id=\"0276b82\" data-element_type=\"widget\" data-e-type=\"widget\" data-widget_type=\"text-editor.default\">\n\t\t\t\t\t\t\t\t\t<h2>Informaci\u00f3n y publicidad de medicamentos<\/h2>\t\t\t\t\t\t\t\t<\/div>\n\t\t\t\t\t<\/div>\n\t\t<\/div>\n\t\t\t\t\t<\/div>\n\t\t<\/section>\n\t\t\t\t<section class=\"elementor-section elementor-top-section elementor-element elementor-element-327a45e elementor-section-boxed elementor-section-height-default elementor-section-height-default\" data-id=\"327a45e\" data-element_type=\"section\" data-e-type=\"section\">\n\t\t\t\t\t\t<div class=\"elementor-container elementor-column-gap-default\">\n\t\t\t\t\t<div class=\"elementor-column elementor-col-100 elementor-top-column elementor-element elementor-element-dd6927d\" data-id=\"dd6927d\" data-element_type=\"column\" data-e-type=\"column\">\n\t\t\t<div class=\"elementor-widget-wrap elementor-element-populated\">\n\t\t\t\t\t\t<div class=\"elementor-element elementor-element-13841bf elementor-widget elementor-widget-text-editor\" data-id=\"13841bf\" data-element_type=\"widget\" data-e-type=\"widget\" data-widget_type=\"text-editor.default\">\n\t\t\t\t\t\t\t\t\t<p>El nuevo C\u00f3digo incorpora tambi\u00e9n ciertas novedades en este \u00e1mbito. Por un lado, la nueva \u201cnorma complementaria\u201d (en terminolog\u00eda acu\u00f1ada por el C\u00f3digo) al apartado \u00c1mbito de aplicaci\u00f3n) establece no tendr\u00e1n la consideraci\u00f3n de promoci\u00f3n, al menos a los efectos del C\u00f3digo y en determinadas circunstancias, la entrega de originales, separatas y\/o traducciones literales de art\u00edculos cient\u00edficos y\/o los res\u00famenes (abstracts), de informaci\u00f3n sobre l\u00edneas de investigaci\u00f3n, o de materiales educativos para profesionales sanitarios o pacientes.<\/p><p>Por otro lado, el C\u00f3digo incorpora como Anexo III la Gu\u00eda sobre relaciones con los medios de comunicaci\u00f3n. Esta Gu\u00eda, que ya ven\u00eda siendo empleada por los \u00f3rganos de control de Farmaindustria en los mismos t\u00e9rminos, ofrece unas pautas concretas para llevar a cabo comunicaciones informativas y diferenciarlas de las que tienen car\u00e1cter promocional. La Gu\u00eda reconoce expresamente el derecho de las compa\u00f1\u00edas farmac\u00e9uticas a informar (tambi\u00e9n sobre sus medicamentos de prescripci\u00f3n) y parte del respeto al principio de noticiabilidad para determinar los hechos sobre los que est\u00e1 permitido informar, por ser considerados \u201cnoticia\u201d (por ejemplo, los diferentes hitos en el \u00edter regulatorio del medicamento) o porque deban comunicarse necesariamente (por ejemplo, a los mercados regulados como hechos relevantes). As\u00ed, se incluyen criterios espec\u00edficos y detallados sobre \u201cCu\u00e1ndo informar\u201d, \u201cC\u00f3mo informar\u201d, \u201cA qu\u00e9 medios remitir informaci\u00f3n\u201d o c\u00f3mo orientar las \u201cRelaciones con los medios de comunicaci\u00f3n\u201d.<\/p>\t\t\t\t\t\t\t\t<\/div>\n\t\t\t\t\t<\/div>\n\t\t<\/div>\n\t\t\t\t\t<\/div>\n\t\t<\/section>\n\t\t\t\t<section class=\"elementor-section elementor-top-section elementor-element elementor-element-dcd2c02 elementor-section-boxed elementor-section-height-default elementor-section-height-default\" data-id=\"dcd2c02\" data-element_type=\"section\" data-e-type=\"section\">\n\t\t\t\t\t\t<div class=\"elementor-container elementor-column-gap-default\">\n\t\t\t\t\t<div class=\"elementor-column elementor-col-100 elementor-top-column elementor-element elementor-element-4a18e10\" data-id=\"4a18e10\" data-element_type=\"column\" data-e-type=\"column\">\n\t\t\t<div class=\"elementor-widget-wrap elementor-element-populated\">\n\t\t\t\t\t\t<div class=\"elementor-element elementor-element-9fe0661 elementor-widget elementor-widget-text-editor\" data-id=\"9fe0661\" data-element_type=\"widget\" data-e-type=\"widget\" data-widget_type=\"text-editor.default\">\n\t\t\t\t\t\t\t\t\t<h2>Medios digitales y redes sociales<\/h2>\t\t\t\t\t\t\t\t<\/div>\n\t\t\t\t\t<\/div>\n\t\t<\/div>\n\t\t\t\t\t<\/div>\n\t\t<\/section>\n\t\t\t\t<section class=\"elementor-section elementor-top-section elementor-element elementor-element-bde400d elementor-section-boxed elementor-section-height-default elementor-section-height-default\" data-id=\"bde400d\" data-element_type=\"section\" data-e-type=\"section\">\n\t\t\t\t\t\t<div class=\"elementor-container elementor-column-gap-default\">\n\t\t\t\t\t<div class=\"elementor-column elementor-col-100 elementor-top-column elementor-element elementor-element-914b6d6\" data-id=\"914b6d6\" data-element_type=\"column\" data-e-type=\"column\">\n\t\t\t<div class=\"elementor-widget-wrap elementor-element-populated\">\n\t\t\t\t\t\t<div class=\"elementor-element elementor-element-7c1f50a elementor-widget elementor-widget-text-editor\" data-id=\"7c1f50a\" data-element_type=\"widget\" data-e-type=\"widget\" data-widget_type=\"text-editor.default\">\n\t\t\t\t\t\t\t\t\t<p>La nueva versi\u00f3n del C\u00f3digo refuerza notablemente las obligaciones de las compa\u00f1\u00edas farmac\u00e9uticas en los canales de comunicaci\u00f3n digitales y las redes sociales.<\/p><p>El C\u00f3digo parte de la consideraci\u00f3n de las compa\u00f1\u00edas farmac\u00e9uticas como responsables del contenido divulgado a trav\u00e9s de los medios, soportes y canales de comunicaci\u00f3n que directa o indirectamente controlen o financien en exclusiva o mayoritariamente. Pero, adem\u00e1s, tambi\u00e9n se les atribuye responsabilidad sobre los contenidos que en las redes sociales privadas puedan publicar sus empleados o terceros colaboradores, a los que las compa\u00f1\u00edas deber\u00e1n exigir una serie de cautelas encaminadas a evitar publicaciones inadecuadas. Para ello, las compa\u00f1\u00edas deber\u00e1n adoptar gu\u00edas y normas de conducta, con unas pautas de actuaci\u00f3n responsable en el entorno digital, as\u00ed como impartir formaci\u00f3n al respecto.<\/p>\t\t\t\t\t\t\t\t<\/div>\n\t\t\t\t\t<\/div>\n\t\t<\/div>\n\t\t\t\t\t<\/div>\n\t\t<\/section>\n\t\t\t\t<section class=\"elementor-section elementor-top-section elementor-element elementor-element-f3614c3 elementor-section-boxed elementor-section-height-default elementor-section-height-default\" data-id=\"f3614c3\" data-element_type=\"section\" data-e-type=\"section\">\n\t\t\t\t\t\t<div class=\"elementor-container elementor-column-gap-default\">\n\t\t\t\t\t<div class=\"elementor-column elementor-col-100 elementor-top-column elementor-element elementor-element-0978d90\" data-id=\"0978d90\" data-element_type=\"column\" data-e-type=\"column\" data-settings=\"{&quot;background_background&quot;:&quot;classic&quot;}\">\n\t\t\t<div class=\"elementor-widget-wrap elementor-element-populated\">\n\t\t\t\t\t\t<div class=\"elementor-element elementor-element-d2cf70a elementor-widget elementor-widget-spacer\" data-id=\"d2cf70a\" data-element_type=\"widget\" data-e-type=\"widget\" data-widget_type=\"spacer.default\">\n\t\t\t\t\t\t\t<div class=\"elementor-spacer\">\n\t\t\t<div class=\"elementor-spacer-inner\"><\/div>\n\t\t<\/div>\n\t\t\t\t\t\t<\/div>\n\t\t\t\t\t<\/div>\n\t\t<\/div>\n\t\t\t\t\t<\/div>\n\t\t<\/section>\n\t\t\t\t<section class=\"elementor-section elementor-top-section elementor-element elementor-element-5fb74d0 elementor-section-boxed elementor-section-height-default elementor-section-height-default\" data-id=\"5fb74d0\" data-element_type=\"section\" data-e-type=\"section\">\n\t\t\t\t\t\t<div class=\"elementor-container elementor-column-gap-default\">\n\t\t\t\t\t<div class=\"elementor-column elementor-col-100 elementor-top-column elementor-element elementor-element-17acef3\" data-id=\"17acef3\" data-element_type=\"column\" data-e-type=\"column\">\n\t\t\t<div class=\"elementor-widget-wrap elementor-element-populated\">\n\t\t\t\t\t\t<div class=\"elementor-element elementor-element-362676f elementor-widget elementor-widget-text-editor\" data-id=\"362676f\" data-element_type=\"widget\" data-e-type=\"widget\" data-widget_type=\"text-editor.default\">\n\t\t\t\t\t\t\t\t\t<h2>Contrataci\u00f3n de profesionales sanitarios<\/h2><p>Las modificaciones del C\u00f3digo en este \u00e1mbito se han articulado, por un lado, (i) mediante la aprobaci\u00f3n de una nueva Gu\u00eda y criterios de actuaci\u00f3n en relaci\u00f3n con los servicios prestados por profesionales sanitarios o por organizaciones sanitarias, que se incorpora como Anexo IV y que incluye pautas sobre la contrataci\u00f3n de servicios y regula varios tipos de actividades concretas (como proyectos de casos cl\u00ednicos, proyectos de formaci\u00f3n o publicaciones); y, por otro, (ii) mediante el desarrollo de las normas complementarias del art\u00edculo 16 del C\u00f3digo.<\/p><p>Resulta especialmente relevante la previsi\u00f3n de que las compa\u00f1\u00edas deber\u00e1n introducir l\u00edmites anuales respecto de: (i) el n\u00famero total de profesionales sanitarios contratados y\/o (ii) el n\u00famero de veces que el mismo profesional sanitario es contratado y\/o (iii) la cantidad m\u00e1xima a percibir por un mismo profesional sanitario por la prestaci\u00f3n de estos servicios; as\u00ed como mecanismos y procedimientos internos que ayuden a fijar criterios objetivos de remuneraci\u00f3n, basados en principios de racionalidad econ\u00f3mica.<\/p>\t\t\t\t\t\t\t\t<\/div>\n\t\t\t\t\t<\/div>\n\t\t<\/div>\n\t\t\t\t\t<\/div>\n\t\t<\/section>\n\t\t\t\t<section class=\"elementor-section elementor-top-section elementor-element elementor-element-9456a36 elementor-section-boxed elementor-section-height-default elementor-section-height-default\" data-id=\"9456a36\" data-element_type=\"section\" data-e-type=\"section\">\n\t\t\t\t\t\t<div class=\"elementor-container elementor-column-gap-default\">\n\t\t\t\t\t<div class=\"elementor-column elementor-col-100 elementor-top-column elementor-element elementor-element-d7d668e\" data-id=\"d7d668e\" data-element_type=\"column\" data-e-type=\"column\">\n\t\t\t<div class=\"elementor-widget-wrap elementor-element-populated\">\n\t\t\t\t\t\t<div class=\"elementor-element elementor-element-5c943c3 elementor-widget elementor-widget-text-editor\" data-id=\"5c943c3\" data-element_type=\"widget\" data-e-type=\"widget\" data-widget_type=\"text-editor.default\">\n\t\t\t\t\t\t\t\t\t<h2>Relaciones con organizaciones de pacientes<\/h2><p>El C\u00f3digo incluye algunas novedades en el marco de las relaciones con pacientes, entre las que destaca la previsi\u00f3n de que los materiales informativos dirigidos por las compa\u00f1\u00edas farmac\u00e9uticas a pacientes deber\u00e1n contar necesariamente con una pluralidad de patrocinadores o colaboradores.<\/p><h2>Auto-evaluaci\u00f3n<\/h2><p>Finalmente, en el Reglamento de los \u00d3rganos de Control del C\u00f3digo se habilita un procedimiento excepcional para aquellos casos en los que las compa\u00f1\u00edas farmac\u00e9uticas, derivados de sus procesos de revisi\u00f3n y auditor\u00eda interna, detecten pr\u00e1cticas que puedan resultar contrarias al C\u00f3digo. El procedimiento, denominado de \u201cauto-evaluaci\u00f3n\u201d, prev\u00e9 que la compa\u00f1\u00eda pueda \u201cautoinculparse\u201d ante la Unidad de Supervisi\u00f3n Deontol\u00f3gica (proporcionando detalle de las actividades contrarias al C\u00f3digo, reconociendo expresamente la infracci\u00f3n, y formulando una propuesta de sanci\u00f3n), pudiendo, a cambio, beneficiarse de una atenuante en la cualificaci\u00f3n de su infracci\u00f3n, todo ello siempre que no exista ya denuncia de un tercero o de la propia USD.<\/p>\t\t\t\t\t\t\t\t<\/div>\n\t\t\t\t\t<\/div>\n\t\t<\/div>\n\t\t\t\t\t<\/div>\n\t\t<\/section>\n\t\t\t\t<section class=\"elementor-section elementor-top-section elementor-element elementor-element-857fb41 elementor-section-boxed elementor-section-height-default elementor-section-height-default\" data-id=\"857fb41\" data-element_type=\"section\" data-e-type=\"section\">\n\t\t\t\t\t\t<div class=\"elementor-container elementor-column-gap-default\">\n\t\t\t\t\t<div class=\"elementor-column elementor-col-100 elementor-top-column elementor-element elementor-element-a68adcf\" data-id=\"a68adcf\" data-element_type=\"column\" data-e-type=\"column\">\n\t\t\t<div class=\"elementor-widget-wrap elementor-element-populated\">\n\t\t\t\t\t\t<div class=\"elementor-element elementor-element-fbafb3b elementor-widget elementor-widget-text-editor\" data-id=\"fbafb3b\" data-element_type=\"widget\" data-e-type=\"widget\" data-widget_type=\"text-editor.default\">\n\t\t\t\t\t\t\t\t\t<p><a href=\"https:\/\/www.uria.com\/es\/abogados\">Alejandro Abad Chamorro,<\/a><a href=\"https:\/\/www.uria.com\/es\/abogados\/bco-beatriz-cocina-arrieta\">Beatriz Cocina Arrieta<\/a> <span style=\"color: #18a096;\">y<\/span> <a href=\"https:\/\/www.uria.com\/es\/abogados\/tpa-teresa-pazares\">Teresa Paz-Ares Rodr\u00edguez\u00a0<\/a><br \/>Abogados, Ur\u00eda y Men\u00e9ndez Abogados<\/p>\t\t\t\t\t\t\t\t<\/div>\n\t\t\t\t\t<\/div>\n\t\t<\/div>\n\t\t\t\t\t<\/div>\n\t\t<\/section>\n\t\t\t\t<\/div>\n\t\t","protected":false},"excerpt":{"rendered":"<p>Como todos sabemos, el pasado 1 de enero de 2021 entr\u00f3 en vigor la nueva versi\u00f3n del C\u00f3digo de Buenas Pr\u00e1cticas de la Industria Farmac\u00e9utica (el \u201cnuevo C\u00f3digo\u201d o, simplemente, el \u201cC\u00f3digo\u201d). Adem\u00e1s de incorporar las modificaciones introducidas en junio de 2019 en el C\u00f3digo de Buenas Pr\u00e1cticas de la Federaci\u00f3n Europea de Asociaciones e [&hellip;]<\/p>\n","protected":false},"author":3,"featured_media":10220,"comment_status":"closed","ping_status":"closed","sticky":false,"template":"","format":"standard","meta":{"_acf_changed":false,"footnotes":""},"categories":[1],"tags":[],"class_list":["post-10213","post","type-post","status-publish","format-standard","has-post-thumbnail","hentry","category-sin-categoria"],"acf":[],"yoast_head":"<!-- This site is optimized with the Yoast SEO plugin v27.3 - https:\/\/yoast.com\/product\/yoast-seo-wordpress\/ -->\n<title>El nuevo c\u00f3digo de FARMAINDUSTRIA 2021 - Centro de estudios para el fomento de la investigaci\u00f3n<\/title>\n<meta name=\"robots\" content=\"index, follow, max-snippet:-1, max-image-preview:large, max-video-preview:-1\" \/>\n<link rel=\"canonical\" href=\"https:\/\/cefi.es\/en\/el-nuevo-codigo-de-farmaindustria-2021\/\" \/>\n<meta property=\"og:locale\" content=\"en_US\" \/>\n<meta property=\"og:type\" content=\"article\" \/>\n<meta property=\"og:title\" content=\"El nuevo c\u00f3digo de FARMAINDUSTRIA 2021 - Centro de estudios para el fomento de la investigaci\u00f3n\" \/>\n<meta property=\"og:description\" content=\"Como todos sabemos, el pasado 1 de enero de 2021 entr\u00f3 en vigor la nueva versi\u00f3n del C\u00f3digo de Buenas Pr\u00e1cticas de la Industria Farmac\u00e9utica (el \u201cnuevo C\u00f3digo\u201d o, simplemente, el \u201cC\u00f3digo\u201d). Adem\u00e1s de incorporar las modificaciones introducidas en junio de 2019 en el C\u00f3digo de Buenas Pr\u00e1cticas de la Federaci\u00f3n Europea de Asociaciones e [&hellip;]\" \/>\n<meta property=\"og:url\" content=\"https:\/\/cefi.es\/el-nuevo-codigo-de-farmaindustria-2021\/\" \/>\n<meta property=\"og:site_name\" content=\"Centro de estudios para el fomento de la investigaci\u00f3n\" \/>\n<meta property=\"article:published_time\" content=\"2021-04-26T23:15:17+00:00\" \/>\n<meta property=\"article:modified_time\" content=\"2024-09-06T10:47:47+00:00\" \/>\n<meta property=\"og:image\" content=\"https:\/\/cefi.es\/wp-contenido\/uploads\/2021\/04\/Captura-de-pantalla-2021-04-26-a-las-17.56.21.png\" \/>\n\t<meta property=\"og:image:width\" content=\"1030\" \/>\n\t<meta property=\"og:image:height\" content=\"702\" \/>\n\t<meta property=\"og:image:type\" content=\"image\/png\" \/>\n<meta name=\"author\" content=\"Administrador\" \/>\n<meta name=\"twitter:card\" content=\"summary_large_image\" \/>\n<meta name=\"twitter:label1\" content=\"Written by\" \/>\n\t<meta name=\"twitter:data1\" content=\"Administrador\" \/>\n\t<meta name=\"twitter:label2\" content=\"Est. reading time\" \/>\n\t<meta name=\"twitter:data2\" content=\"4 minutes\" \/>\n<script type=\"application\/ld+json\" class=\"yoast-schema-graph\">{\"@context\":\"https:\\\/\\\/schema.org\",\"@graph\":[{\"@type\":\"Article\",\"@id\":\"https:\\\/\\\/cefi.es\\\/el-nuevo-codigo-de-farmaindustria-2021\\\/#article\",\"isPartOf\":{\"@id\":\"https:\\\/\\\/cefi.es\\\/el-nuevo-codigo-de-farmaindustria-2021\\\/\"},\"author\":{\"name\":\"Administrador\",\"@id\":\"https:\\\/\\\/cefi.es\\\/en\\\/#\\\/schema\\\/person\\\/7f0c55a37796bb7af8bdb655ade37da7\"},\"headline\":\"El nuevo c\u00f3digo de FARMAINDUSTRIA 2021\",\"datePublished\":\"2021-04-26T23:15:17+00:00\",\"dateModified\":\"2024-09-06T10:47:47+00:00\",\"mainEntityOfPage\":{\"@id\":\"https:\\\/\\\/cefi.es\\\/el-nuevo-codigo-de-farmaindustria-2021\\\/\"},\"wordCount\":1026,\"publisher\":{\"@id\":\"https:\\\/\\\/cefi.es\\\/en\\\/#organization\"},\"image\":{\"@id\":\"https:\\\/\\\/cefi.es\\\/el-nuevo-codigo-de-farmaindustria-2021\\\/#primaryimage\"},\"thumbnailUrl\":\"https:\\\/\\\/cefi.es\\\/wp-contenido\\\/uploads\\\/2021\\\/04\\\/Captura-de-pantalla-2021-04-26-a-las-17.56.21.png\",\"articleSection\":[\"Sin categor\u00eda\"],\"inLanguage\":\"en-US\"},{\"@type\":\"WebPage\",\"@id\":\"https:\\\/\\\/cefi.es\\\/el-nuevo-codigo-de-farmaindustria-2021\\\/\",\"url\":\"https:\\\/\\\/cefi.es\\\/el-nuevo-codigo-de-farmaindustria-2021\\\/\",\"name\":\"El nuevo c\u00f3digo de FARMAINDUSTRIA 2021 - Centro de estudios para el fomento de la investigaci\u00f3n\",\"isPartOf\":{\"@id\":\"https:\\\/\\\/cefi.es\\\/en\\\/#website\"},\"primaryImageOfPage\":{\"@id\":\"https:\\\/\\\/cefi.es\\\/el-nuevo-codigo-de-farmaindustria-2021\\\/#primaryimage\"},\"image\":{\"@id\":\"https:\\\/\\\/cefi.es\\\/el-nuevo-codigo-de-farmaindustria-2021\\\/#primaryimage\"},\"thumbnailUrl\":\"https:\\\/\\\/cefi.es\\\/wp-contenido\\\/uploads\\\/2021\\\/04\\\/Captura-de-pantalla-2021-04-26-a-las-17.56.21.png\",\"datePublished\":\"2021-04-26T23:15:17+00:00\",\"dateModified\":\"2024-09-06T10:47:47+00:00\",\"breadcrumb\":{\"@id\":\"https:\\\/\\\/cefi.es\\\/el-nuevo-codigo-de-farmaindustria-2021\\\/#breadcrumb\"},\"inLanguage\":\"en-US\",\"potentialAction\":[{\"@type\":\"ReadAction\",\"target\":[\"https:\\\/\\\/cefi.es\\\/el-nuevo-codigo-de-farmaindustria-2021\\\/\"]}]},{\"@type\":\"ImageObject\",\"inLanguage\":\"en-US\",\"@id\":\"https:\\\/\\\/cefi.es\\\/el-nuevo-codigo-de-farmaindustria-2021\\\/#primaryimage\",\"url\":\"https:\\\/\\\/cefi.es\\\/wp-contenido\\\/uploads\\\/2021\\\/04\\\/Captura-de-pantalla-2021-04-26-a-las-17.56.21.png\",\"contentUrl\":\"https:\\\/\\\/cefi.es\\\/wp-contenido\\\/uploads\\\/2021\\\/04\\\/Captura-de-pantalla-2021-04-26-a-las-17.56.21.png\",\"width\":1030,\"height\":702,\"caption\":\"Farmaindustria C\u00f3digo de buenas pr\u00e1cticas\"},{\"@type\":\"BreadcrumbList\",\"@id\":\"https:\\\/\\\/cefi.es\\\/el-nuevo-codigo-de-farmaindustria-2021\\\/#breadcrumb\",\"itemListElement\":[{\"@type\":\"ListItem\",\"position\":1,\"name\":\"Home\",\"item\":\"https:\\\/\\\/cefi.es\\\/en\\\/\"},{\"@type\":\"ListItem\",\"position\":2,\"name\":\"El nuevo c\u00f3digo de FARMAINDUSTRIA 2021\"}]},{\"@type\":\"WebSite\",\"@id\":\"https:\\\/\\\/cefi.es\\\/en\\\/#website\",\"url\":\"https:\\\/\\\/cefi.es\\\/en\\\/\",\"name\":\"Centro de estudios para el fomento de la investigaci\u00f3n\",\"description\":\"\",\"publisher\":{\"@id\":\"https:\\\/\\\/cefi.es\\\/en\\\/#organization\"},\"potentialAction\":[{\"@type\":\"SearchAction\",\"target\":{\"@type\":\"EntryPoint\",\"urlTemplate\":\"https:\\\/\\\/cefi.es\\\/en\\\/?s={search_term_string}\"},\"query-input\":{\"@type\":\"PropertyValueSpecification\",\"valueRequired\":true,\"valueName\":\"search_term_string\"}}],\"inLanguage\":\"en-US\"},{\"@type\":\"Organization\",\"@id\":\"https:\\\/\\\/cefi.es\\\/en\\\/#organization\",\"name\":\"Fundacion CeFi. Propiedad industrial e intelectual\",\"url\":\"https:\\\/\\\/cefi.es\\\/en\\\/\",\"logo\":{\"@type\":\"ImageObject\",\"inLanguage\":\"en-US\",\"@id\":\"https:\\\/\\\/cefi.es\\\/en\\\/#\\\/schema\\\/logo\\\/image\\\/\",\"url\":\"https:\\\/\\\/cefi.es\\\/wp-contenido\\\/uploads\\\/2019\\\/12\\\/cropped-favicon-3.png\",\"contentUrl\":\"https:\\\/\\\/cefi.es\\\/wp-contenido\\\/uploads\\\/2019\\\/12\\\/cropped-favicon-3.png\",\"width\":512,\"height\":512,\"caption\":\"Fundacion CeFi. Propiedad industrial e intelectual\"},\"image\":{\"@id\":\"https:\\\/\\\/cefi.es\\\/en\\\/#\\\/schema\\\/logo\\\/image\\\/\"}},{\"@type\":\"Person\",\"@id\":\"https:\\\/\\\/cefi.es\\\/en\\\/#\\\/schema\\\/person\\\/7f0c55a37796bb7af8bdb655ade37da7\",\"name\":\"Administrador\",\"image\":{\"@type\":\"ImageObject\",\"inLanguage\":\"en-US\",\"@id\":\"https:\\\/\\\/secure.gravatar.com\\\/avatar\\\/ca0778ec401a3f547a961e1de7e04c284c1c4dbcf95f7dc69f9bae782d89953c?s=96&d=mm&r=g\",\"url\":\"https:\\\/\\\/secure.gravatar.com\\\/avatar\\\/ca0778ec401a3f547a961e1de7e04c284c1c4dbcf95f7dc69f9bae782d89953c?s=96&d=mm&r=g\",\"contentUrl\":\"https:\\\/\\\/secure.gravatar.com\\\/avatar\\\/ca0778ec401a3f547a961e1de7e04c284c1c4dbcf95f7dc69f9bae782d89953c?s=96&d=mm&r=g\",\"caption\":\"Administrador\"},\"url\":\"https:\\\/\\\/cefi.es\\\/en\\\/author\\\/admin\\\/\"}]}<\/script>\n<!-- \/ Yoast SEO plugin. -->","yoast_head_json":{"title":"El nuevo c\u00f3digo de FARMAINDUSTRIA 2021 - Centro de estudios para el fomento de la investigaci\u00f3n","robots":{"index":"index","follow":"follow","max-snippet":"max-snippet:-1","max-image-preview":"max-image-preview:large","max-video-preview":"max-video-preview:-1"},"canonical":"https:\/\/cefi.es\/en\/el-nuevo-codigo-de-farmaindustria-2021\/","og_locale":"en_US","og_type":"article","og_title":"El nuevo c\u00f3digo de FARMAINDUSTRIA 2021 - Centro de estudios para el fomento de la investigaci\u00f3n","og_description":"Como todos sabemos, el pasado 1 de enero de 2021 entr\u00f3 en vigor la nueva versi\u00f3n del C\u00f3digo de Buenas Pr\u00e1cticas de la Industria Farmac\u00e9utica (el \u201cnuevo C\u00f3digo\u201d o, simplemente, el \u201cC\u00f3digo\u201d). Adem\u00e1s de incorporar las modificaciones introducidas en junio de 2019 en el C\u00f3digo de Buenas Pr\u00e1cticas de la Federaci\u00f3n Europea de Asociaciones e [&hellip;]","og_url":"https:\/\/cefi.es\/el-nuevo-codigo-de-farmaindustria-2021\/","og_site_name":"Centro de estudios para el fomento de la investigaci\u00f3n","article_published_time":"2021-04-26T23:15:17+00:00","article_modified_time":"2024-09-06T10:47:47+00:00","og_image":[{"width":1030,"height":702,"url":"https:\/\/cefi.es\/wp-contenido\/uploads\/2021\/04\/Captura-de-pantalla-2021-04-26-a-las-17.56.21.png","type":"image\/png"}],"author":"Administrador","twitter_card":"summary_large_image","twitter_misc":{"Written by":"Administrador","Est. reading time":"4 minutes"},"schema":{"@context":"https:\/\/schema.org","@graph":[{"@type":"Article","@id":"https:\/\/cefi.es\/el-nuevo-codigo-de-farmaindustria-2021\/#article","isPartOf":{"@id":"https:\/\/cefi.es\/el-nuevo-codigo-de-farmaindustria-2021\/"},"author":{"name":"Administrador","@id":"https:\/\/cefi.es\/en\/#\/schema\/person\/7f0c55a37796bb7af8bdb655ade37da7"},"headline":"El nuevo c\u00f3digo de FARMAINDUSTRIA 2021","datePublished":"2021-04-26T23:15:17+00:00","dateModified":"2024-09-06T10:47:47+00:00","mainEntityOfPage":{"@id":"https:\/\/cefi.es\/el-nuevo-codigo-de-farmaindustria-2021\/"},"wordCount":1026,"publisher":{"@id":"https:\/\/cefi.es\/en\/#organization"},"image":{"@id":"https:\/\/cefi.es\/el-nuevo-codigo-de-farmaindustria-2021\/#primaryimage"},"thumbnailUrl":"https:\/\/cefi.es\/wp-contenido\/uploads\/2021\/04\/Captura-de-pantalla-2021-04-26-a-las-17.56.21.png","articleSection":["Sin categor\u00eda"],"inLanguage":"en-US"},{"@type":"WebPage","@id":"https:\/\/cefi.es\/el-nuevo-codigo-de-farmaindustria-2021\/","url":"https:\/\/cefi.es\/el-nuevo-codigo-de-farmaindustria-2021\/","name":"El nuevo c\u00f3digo de FARMAINDUSTRIA 2021 - Centro de estudios para el fomento de la investigaci\u00f3n","isPartOf":{"@id":"https:\/\/cefi.es\/en\/#website"},"primaryImageOfPage":{"@id":"https:\/\/cefi.es\/el-nuevo-codigo-de-farmaindustria-2021\/#primaryimage"},"image":{"@id":"https:\/\/cefi.es\/el-nuevo-codigo-de-farmaindustria-2021\/#primaryimage"},"thumbnailUrl":"https:\/\/cefi.es\/wp-contenido\/uploads\/2021\/04\/Captura-de-pantalla-2021-04-26-a-las-17.56.21.png","datePublished":"2021-04-26T23:15:17+00:00","dateModified":"2024-09-06T10:47:47+00:00","breadcrumb":{"@id":"https:\/\/cefi.es\/el-nuevo-codigo-de-farmaindustria-2021\/#breadcrumb"},"inLanguage":"en-US","potentialAction":[{"@type":"ReadAction","target":["https:\/\/cefi.es\/el-nuevo-codigo-de-farmaindustria-2021\/"]}]},{"@type":"ImageObject","inLanguage":"en-US","@id":"https:\/\/cefi.es\/el-nuevo-codigo-de-farmaindustria-2021\/#primaryimage","url":"https:\/\/cefi.es\/wp-contenido\/uploads\/2021\/04\/Captura-de-pantalla-2021-04-26-a-las-17.56.21.png","contentUrl":"https:\/\/cefi.es\/wp-contenido\/uploads\/2021\/04\/Captura-de-pantalla-2021-04-26-a-las-17.56.21.png","width":1030,"height":702,"caption":"Farmaindustria C\u00f3digo de buenas pr\u00e1cticas"},{"@type":"BreadcrumbList","@id":"https:\/\/cefi.es\/el-nuevo-codigo-de-farmaindustria-2021\/#breadcrumb","itemListElement":[{"@type":"ListItem","position":1,"name":"Home","item":"https:\/\/cefi.es\/en\/"},{"@type":"ListItem","position":2,"name":"El nuevo c\u00f3digo de FARMAINDUSTRIA 2021"}]},{"@type":"WebSite","@id":"https:\/\/cefi.es\/en\/#website","url":"https:\/\/cefi.es\/en\/","name":"Centro de estudios para el fomento de la investigaci\u00f3n","description":"","publisher":{"@id":"https:\/\/cefi.es\/en\/#organization"},"potentialAction":[{"@type":"SearchAction","target":{"@type":"EntryPoint","urlTemplate":"https:\/\/cefi.es\/en\/?s={search_term_string}"},"query-input":{"@type":"PropertyValueSpecification","valueRequired":true,"valueName":"search_term_string"}}],"inLanguage":"en-US"},{"@type":"Organization","@id":"https:\/\/cefi.es\/en\/#organization","name":"Fundacion CeFi. Propiedad industrial e intelectual","url":"https:\/\/cefi.es\/en\/","logo":{"@type":"ImageObject","inLanguage":"en-US","@id":"https:\/\/cefi.es\/en\/#\/schema\/logo\/image\/","url":"https:\/\/cefi.es\/wp-contenido\/uploads\/2019\/12\/cropped-favicon-3.png","contentUrl":"https:\/\/cefi.es\/wp-contenido\/uploads\/2019\/12\/cropped-favicon-3.png","width":512,"height":512,"caption":"Fundacion CeFi. Propiedad industrial e intelectual"},"image":{"@id":"https:\/\/cefi.es\/en\/#\/schema\/logo\/image\/"}},{"@type":"Person","@id":"https:\/\/cefi.es\/en\/#\/schema\/person\/7f0c55a37796bb7af8bdb655ade37da7","name":"Administrador","image":{"@type":"ImageObject","inLanguage":"en-US","@id":"https:\/\/secure.gravatar.com\/avatar\/ca0778ec401a3f547a961e1de7e04c284c1c4dbcf95f7dc69f9bae782d89953c?s=96&d=mm&r=g","url":"https:\/\/secure.gravatar.com\/avatar\/ca0778ec401a3f547a961e1de7e04c284c1c4dbcf95f7dc69f9bae782d89953c?s=96&d=mm&r=g","contentUrl":"https:\/\/secure.gravatar.com\/avatar\/ca0778ec401a3f547a961e1de7e04c284c1c4dbcf95f7dc69f9bae782d89953c?s=96&d=mm&r=g","caption":"Administrador"},"url":"https:\/\/cefi.es\/en\/author\/admin\/"}]}},"_links":{"self":[{"href":"https:\/\/cefi.es\/en\/wp-json\/wp\/v2\/posts\/10213","targetHints":{"allow":["GET"]}}],"collection":[{"href":"https:\/\/cefi.es\/en\/wp-json\/wp\/v2\/posts"}],"about":[{"href":"https:\/\/cefi.es\/en\/wp-json\/wp\/v2\/types\/post"}],"author":[{"embeddable":true,"href":"https:\/\/cefi.es\/en\/wp-json\/wp\/v2\/users\/3"}],"replies":[{"embeddable":true,"href":"https:\/\/cefi.es\/en\/wp-json\/wp\/v2\/comments?post=10213"}],"version-history":[{"count":24,"href":"https:\/\/cefi.es\/en\/wp-json\/wp\/v2\/posts\/10213\/revisions"}],"predecessor-version":[{"id":10247,"href":"https:\/\/cefi.es\/en\/wp-json\/wp\/v2\/posts\/10213\/revisions\/10247"}],"wp:featuredmedia":[{"embeddable":true,"href":"https:\/\/cefi.es\/en\/wp-json\/wp\/v2\/media\/10220"}],"wp:attachment":[{"href":"https:\/\/cefi.es\/en\/wp-json\/wp\/v2\/media?parent=10213"}],"wp:term":[{"taxonomy":"category","embeddable":true,"href":"https:\/\/cefi.es\/en\/wp-json\/wp\/v2\/categories?post=10213"},{"taxonomy":"post_tag","embeddable":true,"href":"https:\/\/cefi.es\/en\/wp-json\/wp\/v2\/tags?post=10213"}],"curies":[{"name":"wp","href":"https:\/\/api.w.org\/{rel}","templated":true}]}}